{"id":78870,"date":"2023-08-04T16:49:35","date_gmt":"2023-08-04T16:49:35","guid":{"rendered":"https:\/\/jorgezanoni.com.br\/2019\/?p=78870"},"modified":"2023-08-04T16:49:35","modified_gmt":"2023-08-04T16:49:35","slug":"novos-radares-entrarao-em-operacao-no-dia-8","status":"publish","type":"post","link":"https:\/\/jorgezanoni.com.br\/2019\/novos-radares-entrarao-em-operacao-no-dia-8\/","title":{"rendered":"Novos radares entrar\u00e3o em opera\u00e7\u00e3o no dia 8"},"content":{"rendered":"<p style=\"text-align: justify;\"><strong><em>Autoriza\u00e7\u00e3o de funcionamento ocorre ap\u00f3s homologa\u00e7\u00e3o dos equipamentos realizada pelo DER.<\/em><\/strong><\/p>\n<p style=\"text-align: justify;\"><strong>SP 294 \u2013 km 631+850 (pista sentido leste) &#8211; Junqueir\u00f3polis \u00e9 o \u00fanico previsto para esse momento na regi\u00e3o. Fica na Rodovia Comandante Jo\u00e3o Ribeiro de Barros, pr\u00f3ximo ao trevo do Bairro Salgado Filho, entra para a Usina Viterra, sentido quem faz Dracena a S\u00e3o Paulo<\/strong><\/p>\n<p style=\"text-align: justify;\">Entrar\u00e3o em opera\u00e7\u00e3o na pr\u00f3xima ter\u00e7a-feira (8), nos trechos sob concess\u00e3o da Eixo SP Concession\u00e1ria de Rodovias, novos radares homologados pelo Departamento de Estradas de Rodagem (DER), \u00f3rg\u00e3o respons\u00e1vel pela aplica\u00e7\u00e3o das multas.<\/p>\n<p style=\"text-align: justify;\">Os equipamentos que entrar\u00e3o em funcionamento est\u00e3o instalados em cinco pontos de tr\u00eas rodovias. Veja abaixo os locais.<\/p>\n<p style=\"text-align: justify;\">SP 261 \u2013 km 151+200 (pista sentido norte e sul) &#8211; Pederneiras<\/p>\n<p style=\"text-align: justify;\">SP 261 \u2013 km 168+000 (pista sentido norte e sul) &#8211; Boraceia<\/p>\n<p style=\"text-align: justify;\">SP 310 \u2013 km 173+300 (pista sentido sul) &#8211; Rio Claro<\/p>\n<p style=\"text-align: justify;\">SP 310 \u2013 km 194+000 (pista sentido norte) &#8211; Corumbata\u00ed<\/p>\n<p style=\"text-align: justify;\">SP 294 \u2013 km 631+850 (pista sentido leste) &#8211; Junqueir\u00f3polis<\/p>\n<p style=\"text-align: justify;\">A entrada em opera\u00e7\u00e3o destes novos equipamentos faz parte de uma nova fase de homologa\u00e7\u00f5es do DER. Em maio deste ano, treze radares iniciaram funcionamento no trecho da Eixo SP.<\/p>\n<p style=\"text-align: justify;\">A instala\u00e7\u00e3o e a opera\u00e7\u00e3o dos radares atendem a uma determina\u00e7\u00e3o do contrato de concess\u00e3o. De acordo com a coordenadora de Seguran\u00e7a Vi\u00e1ria da Eixo SP, Viviane Riveli de Carvalho, os equipamentos s\u00e3o ferramentas importantes para garantir a seguran\u00e7a do usu\u00e1rio por meio da fiscaliza\u00e7\u00e3o da velocidade m\u00e1xima permitida na rodovia. Segundo ela, a velocidade excessiva \u00e9 um dos principais fatores que contribuem para o registro de acidentes.<\/p>\n<p style=\"text-align: justify;\"><strong>Sobre a Eixo SP<\/strong><\/p>\n<p style=\"text-align: justify;\">A Eixo SP Concession\u00e1ria de Rodovias administra mais de 1.221 km de estradas que passam por 62 munic\u00edpios da regi\u00e3o de Rio Claro, no centro do Estado, at\u00e9 Panorama, no extremo oeste, na divisa com o Mato Grosso do Sul. O maior contrato sob supervis\u00e3o da Artesp (Ag\u00eancia Reguladora de Transportes do Estado de S\u00e3o Paulo) ter\u00e1 investimentos na ordem de R$ 14 bilh\u00f5es em obras de amplia\u00e7\u00e3o, conserva\u00e7\u00e3o, al\u00e9m da moderniza\u00e7\u00e3o de servi\u00e7os ao usu\u00e1rio. Para mais informa\u00e7\u00f5es acesse: <a href=\"http:\/\/www.eixosp.com.br\">www.eixosp.com.br<\/a>.<\/p>\n<p>Fonte: Lettera\/Eixo<\/p>\n","protected":false},"excerpt":{"rendered":"<p>Autoriza\u00e7\u00e3o de funcionamento ocorre ap\u00f3s homologa\u00e7\u00e3o dos equipamentos realizada pelo DER. SP 294 \u2013 km 631+850 (pista sentido leste) &#8211; Junqueir\u00f3polis \u00e9 o \u00fanico previsto para esse momento na regi\u00e3o. Fica na Rodovia Comandante Jo\u00e3o Ribeiro de Barros, pr\u00f3ximo ao trevo do Bairro Salgado Filho, entra para a Usina Viterra, sentido quem faz Dracena a [&hellip;]<\/p>\n","protected":false},"author":1,"featured_media":78871,"comment_status":"closed","ping_status":"open","sticky":false,"template":"","format":"standard","meta":{"footnotes":""},"categories":[180,110],"tags":[],"class_list":["post-78870","post","type-post","status-publish","format-standard","has-post-thumbnail","hentry","category-estradastransitoveiculos","category-noticiasdestaque"],"_links":{"self":[{"href":"https:\/\/jorgezanoni.com.br\/2019\/wp-json\/wp\/v2\/posts\/78870","targetHints":{"allow":["GET"]}}],"collection":[{"href":"https:\/\/jorgezanoni.com.br\/2019\/wp-json\/wp\/v2\/posts"}],"about":[{"href":"https:\/\/jorgezanoni.com.br\/2019\/wp-json\/wp\/v2\/types\/post"}],"author":[{"embeddable":true,"href":"https:\/\/jorgezanoni.com.br\/2019\/wp-json\/wp\/v2\/users\/1"}],"replies":[{"embeddable":true,"href":"https:\/\/jorgezanoni.com.br\/2019\/wp-json\/wp\/v2\/comments?post=78870"}],"version-history":[{"count":2,"href":"https:\/\/jorgezanoni.com.br\/2019\/wp-json\/wp\/v2\/posts\/78870\/revisions"}],"predecessor-version":[{"id":78873,"href":"https:\/\/jorgezanoni.com.br\/2019\/wp-json\/wp\/v2\/posts\/78870\/revisions\/78873"}],"wp:featuredmedia":[{"embeddable":true,"href":"https:\/\/jorgezanoni.com.br\/2019\/wp-json\/wp\/v2\/media\/78871"}],"wp:attachment":[{"href":"https:\/\/jorgezanoni.com.br\/2019\/wp-json\/wp\/v2\/media?parent=78870"}],"wp:term":[{"taxonomy":"category","embeddable":true,"href":"https:\/\/jorgezanoni.com.br\/2019\/wp-json\/wp\/v2\/categories?post=78870"},{"taxonomy":"post_tag","embeddable":true,"href":"https:\/\/jorgezanoni.com.br\/2019\/wp-json\/wp\/v2\/tags?post=78870"}],"curies":[{"name":"wp","href":"https:\/\/api.w.org\/{rel}","templated":true}]}}