{"id":7886,"date":"2019-10-04T12:16:20","date_gmt":"2019-10-04T12:16:20","guid":{"rendered":"https:\/\/jorgezanoni.com.br\/2019\/?p=7886"},"modified":"2019-10-04T12:16:20","modified_gmt":"2019-10-04T12:16:20","slug":"psicologa-mestre-em-educacao-fala-sobre-o-setembro-amarelo","status":"publish","type":"post","link":"https:\/\/jorgezanoni.com.br\/2019\/psicologa-mestre-em-educacao-fala-sobre-o-setembro-amarelo\/","title":{"rendered":"Psic\u00f3loga Mestre em Educa\u00e7\u00e3o fala sobre o Setembro Amarelo"},"content":{"rendered":"<p style=\"font-weight: 400; text-align: justify;\"><strong>Setembro Amarelo<\/strong><\/p>\n<p style=\"font-weight: 400; text-align: justify;\"><em>Por Cl\u00e1udia Regina Parra<\/em><strong>\u00a0<\/strong><\/p>\n<p style=\"font-weight: 400; text-align: justify;\">\u00a0\u00a0\u00a0\u00a0\u00a0\u00a0\u00a0\u00a0\u00a0\u00a0\u00a0\u00a0Chegamos ao fim do Setembro Amarelo. Infelizmente esse\u00a0<sub>\u00a0<\/sub>tema foi inserido em nosso calend\u00e1rio dada a necessidade de se falar sobre o assunto.<\/p>\n<p style=\"font-weight: 400; text-align: justify;\">\u00a0\u00a0\u00a0\u00a0\u00a0\u00a0\u00a0\u00a0\u00a0\u00a0\u00a0\u00a0No Brasil, o n\u00famero de suic\u00eddios vem aumentando significativamente, principalmente entre jovens e adultos jovens. N\u00f3s somos o oitavo pa\u00eds com mais suic\u00eddios no mundo em n\u00fameros absolutos (foram 11.821 entre 2010 e 2012). E pior: estima-se que, para cada pessoa que comete suic\u00eddio, existem pelo menos outras 20 que tentaram, mas n\u00e3o conseguiram consumar o ato.<\/p>\n<p style=\"font-weight: 400; text-align: justify;\">\u00a0\u00a0\u00a0\u00a0\u00a0\u00a0\u00a0\u00a0\u00a0 Aparentemente foi o m\u00eas em que mais ouvimos falar de pessoas que ceifaram suas vidas. Em termos mundiais, o crescimento do risco de suic\u00eddio aumenta com a idade, embora mais recentemente perceba-se um aumento significativo dos \u00edndices nos jovens com idades entre 15 e 34 anos. Um maior n\u00famero de pessoas comete suic\u00eddio anualmente do que as que morrem em todos os conflitos mundiais combinados.<\/p>\n<p style=\"font-weight: 400; text-align: justify;\">\u00a0\u00a0\u00a0\u00a0\u00a0\u00a0\u00a0 \u00c9 importante pensarmos que recursos est\u00e3o dispon\u00edveis para que esta ideia seja superada e n\u00e3o se transforme em um fato t\u00e3o marcante, t\u00e3o destruidor para a fam\u00edlia.<\/p>\n<p style=\"font-weight: 400; text-align: justify;\">\u00a0\u00a0\u00a0\u00a0\u00a0\u00a0\u00a0\u00a0\u00a0 Uma pergunta que se faz aos profissionais da sa\u00fade mental \u00e9:\u00a0<strong>por que as pessoas se suicidam?<\/strong><\/p>\n<p style=\"font-weight: 400; text-align: justify;\">\u00a0\u00a0\u00a0\u00a0\u00a0\u00a0\u00a0\u00a0\u00a0\u00a0Primeiramente, necessitamos distinguir os v\u00e1rios n\u00edveis de comportamentos suicidas, desde a idea\u00e7\u00e3o suicida, em que a pessoa come\u00e7a a contemplar o suic\u00eddio como uma solu\u00e7\u00e3o vi\u00e1vel para os seus problemas, at\u00e9 propriamente a tentativa de suic\u00eddio e o suic\u00eddio consumado. Neste espa\u00e7o ser\u00e1 abordado um recorte do assunto trazendo \u00e0 tona o pensamento suicida.<\/p>\n<p style=\"font-weight: 400; text-align: justify;\">\u00a0\u00a0\u00a0\u00a0\u00a0\u00a0\u00a0\u00a0\u00a0\u00a0\u00a0\u00a0\u00a0A resposta mais simples para esta pergunta\u00a0<strong><em>\u00e9 porque n\u00e3o tem mais esperan\u00e7a<\/em><\/strong>. N\u00e3o necessariamente as pessoas que comentem suic\u00eddio querem acabar com sua vida, elas querem acabar com sua dor, uma dor t\u00e3o grande que n\u00e3o v\u00eaem possibilidade de vencer aquela dificuldade.<\/p>\n<p style=\"font-weight: 400; text-align: justify;\">\u00a0\u00a0\u00a0\u00a0\u00a0\u00a0\u00a0\u00a0\u00a0 Aproximadamente uma em cada seis pessoas que cometem suic\u00eddio deixam um bilhete que, no geral, retrata as raz\u00f5es para essa atitude. Os comportamentos suicidas geralmente resultam da intera\u00e7\u00e3o de v\u00e1rios fatores, o mais comum \u00e9 a depress\u00e3o, mas n\u00e3o \u00e9 o \u00fanico. Existem outros fatores relacionados, como uso de drogas, transtornos ps\u00edquicos,\u00a0traumas ocorridos na inf\u00e2ncia, entre outros.<\/p>\n<p style=\"font-weight: 400; text-align: justify;\">\u00a0\u00a0\u00a0\u00a0\u00a0\u00a0\u00a0\u00a0\u00a0\u00a0\u00a0\u00a0 Aron Beck, psiquiatra americano, diz que na idea\u00e7\u00e3o suicida os tr\u00eas fatores\u00a0 inseridos na tr\u00edade cognitiva EU-FUTURO-AMBIENTE ficam fragilizados. Comportamentos suicidas podem apresentar-se disfar\u00e7adamente: decis\u00f5es s\u00fabitas de, por exemplo, preparar um testamento;\u00a0afirma\u00e7\u00f5es que denotam desesperan\u00e7a, como \u201cminha vida n\u00e3o vai melhorar\u201d;\u00a0ideias de que os demais estariam melhor com minha morte, como \u201csou um peso para todos\u201d;\u00a0ideias de fracasso em satisfazer as expectativas de outros, como \u201cdesapontei a todos\u201d, etc.\u00a0A desesperan\u00e7a tem se demonstrado, segundo os estudos, como um fator de risco cr\u00f4nico e agudo, para essas pessoas.\u00a0Sugere um esquema relativamente est\u00e1vel, em que a dimens\u00e3o da tr\u00edade cognitiva implicada \u00e9 o \u201cfuturo\u201d.\u00a0Ainda que a maioria das tentativas de suic\u00eddio ou suic\u00eddios consumados seja um choque para parentes e os amigos, muitas pessoas d\u00e3o claras advert\u00eancias, \u00e9 preciso ficar alerta, pois essa pessoa est\u00e1 sinalizando\u00a0seu\u00a0D\u00c9FICIT\u00a0NA RESOLU\u00c7\u00c3O DE PROBLEMAS. Finalmente, suicidas demonstram uma reduzida toler\u00e2ncia \u00e0 ansiedade,\u00a0inerente ao processo de resolu\u00e7\u00e3o de problemas e ao tempo de lat\u00eancia entre a identifica\u00e7\u00e3o de um problema e a sua resolu\u00e7\u00e3o, portanto, qualquer amea\u00e7a ou tentativa de suic\u00eddio deve ser levada a s\u00e9rio. Se for ignorada, uma vida pode ser perdida.<\/p>\n<p style=\"font-weight: 400; text-align: justify;\">\u00a0\u00a0\u00a0\u00a0\u00a0\u00a0\u00a0\u00a0\u00a0\u00a0\u00a0\u00a0 O entorno da pessoa que comete suic\u00eddio sofre muito tamb\u00e9m, pois o ato traz sempre um efeito\u00a0emocional marcante\u00a0em todos os envolvidos. Parentes, amigos, profissionais da sa\u00fade, religiosos,\u00a0podem se sentir culpados, envergonhados, com raiva\u00a0e com remorso por n\u00e3o terem conseguido evitar o suic\u00eddio. Com o tempo, eles perceber\u00e3o que n\u00e3o poderiam ter evitado o suic\u00eddio.\u00a0\u00c0s vezes, um conselheiro ou um grupo de autoajuda podem ajudar a fam\u00edlia e os amigos a lidar com os sentimentos de culpa e de tristeza.<\/p>\n<p style=\"font-weight: 400; text-align: justify;\">\u00a0\u00a0\u00a0\u00a0\u00a0\u00a0\u00a0\u00a0\u00a0\u00a0\u00a0 Enfim, este assunto est\u00e1 longe de ser esgotado, por isso precisamos FALAR SOBRE ISSO, n\u00e3o s\u00f3 no m\u00eas de setembro, mas durante o ano todo.<\/p>\n<p style=\"font-weight: 400; text-align: justify;\">Cl\u00e1udia Regina Parra<\/p>\n<p style=\"font-weight: 400; text-align: justify;\">Mestre em Educa\u00e7\u00e3o, docente no curso de Psicologia da Faculdade Unifadra, psic\u00f3loga cl\u00ednica, especialista em Psicoterapia Cognitiva-Comportamental.<\/p>\n<p style=\"font-weight: 400; text-align: justify;\">Carolina Colnago<\/p>\n<p style=\"font-weight: 400; text-align: justify;\">Assessora de Comunica\u00e7\u00e3o da Fundec &#8211; Jornalista<\/p>\n","protected":false},"excerpt":{"rendered":"<p>Setembro Amarelo Por Cl\u00e1udia Regina Parra\u00a0 \u00a0\u00a0\u00a0\u00a0\u00a0\u00a0\u00a0\u00a0\u00a0\u00a0\u00a0\u00a0Chegamos ao fim do Setembro Amarelo. Infelizmente esse\u00a0\u00a0tema foi inserido em nosso calend\u00e1rio dada a necessidade de se falar sobre o assunto. \u00a0\u00a0\u00a0\u00a0\u00a0\u00a0\u00a0\u00a0\u00a0\u00a0\u00a0\u00a0No Brasil, o n\u00famero de suic\u00eddios vem aumentando significativamente, principalmente entre jovens e adultos jovens. N\u00f3s somos o oitavo pa\u00eds com mais suic\u00eddios no mundo em n\u00fameros [&hellip;]<\/p>\n","protected":false},"author":1,"featured_media":7887,"comment_status":"closed","ping_status":"open","sticky":false,"template":"","format":"standard","meta":{"footnotes":""},"categories":[110,122],"tags":[],"class_list":["post-7886","post","type-post","status-publish","format-standard","has-post-thumbnail","hentry","category-noticiasdestaque","category-saudeeducacaoeconcurso"],"_links":{"self":[{"href":"https:\/\/jorgezanoni.com.br\/2019\/wp-json\/wp\/v2\/posts\/7886","targetHints":{"allow":["GET"]}}],"collection":[{"href":"https:\/\/jorgezanoni.com.br\/2019\/wp-json\/wp\/v2\/posts"}],"about":[{"href":"https:\/\/jorgezanoni.com.br\/2019\/wp-json\/wp\/v2\/types\/post"}],"author":[{"embeddable":true,"href":"https:\/\/jorgezanoni.com.br\/2019\/wp-json\/wp\/v2\/users\/1"}],"replies":[{"embeddable":true,"href":"https:\/\/jorgezanoni.com.br\/2019\/wp-json\/wp\/v2\/comments?post=7886"}],"version-history":[{"count":0,"href":"https:\/\/jorgezanoni.com.br\/2019\/wp-json\/wp\/v2\/posts\/7886\/revisions"}],"wp:featuredmedia":[{"embeddable":true,"href":"https:\/\/jorgezanoni.com.br\/2019\/wp-json\/wp\/v2\/media\/7887"}],"wp:attachment":[{"href":"https:\/\/jorgezanoni.com.br\/2019\/wp-json\/wp\/v2\/media?parent=7886"}],"wp:term":[{"taxonomy":"category","embeddable":true,"href":"https:\/\/jorgezanoni.com.br\/2019\/wp-json\/wp\/v2\/categories?post=7886"},{"taxonomy":"post_tag","embeddable":true,"href":"https:\/\/jorgezanoni.com.br\/2019\/wp-json\/wp\/v2\/tags?post=7886"}],"curies":[{"name":"wp","href":"https:\/\/api.w.org\/{rel}","templated":true}]}}