{"id":78845,"date":"2023-08-03T22:39:50","date_gmt":"2023-08-03T22:39:50","guid":{"rendered":"https:\/\/jorgezanoni.com.br\/2019\/?p=78845"},"modified":"2023-08-03T22:45:50","modified_gmt":"2023-08-03T22:45:50","slug":"suicidio-na-infancia-e-na-adolescencia-por-cidinha-pascoaloto","status":"publish","type":"post","link":"https:\/\/jorgezanoni.com.br\/2019\/suicidio-na-infancia-e-na-adolescencia-por-cidinha-pascoaloto\/","title":{"rendered":"Suic\u00eddio na inf\u00e2ncia e na adolesc\u00eancia  (por Cidinha Pascoaloto)"},"content":{"rendered":"<p style=\"text-align: justify;\">Suic\u00eddio infantil existe e ainda \u00e9 um assunto que pouco se fala, mas \u00e9 muito importante falar sobre esse tipo de suic\u00eddio embora seja um assunto extremamente sens\u00edvel. O n\u00famero de comportamento suicida e automutila\u00e7\u00e3o tem aumentado nos \u00faltimos anos.<\/p>\n<p style=\"text-align: justify;\">\u00a0O suic\u00eddio infantil \u00e9 uma trag\u00e9dia familiar, comunit\u00e1ria e social com efeitos dolorosos acompanhados de culpa. Mas como uma crian\u00e7a ou um adolescente pode pensar na possibilidade de suic\u00eddio? N\u00e3o existe uma causa \u00fanica para o ato de suic\u00eddio, mas pode ser provocado por v\u00e1rios fatores.<\/p>\n<p style=\"text-align: justify;\">Por exemplo: Estar relacionado ao pelo hist\u00f3rico familiar, biol\u00f3gico, quest\u00f5es sociais, ambientais, traumas, abusos sexuais, ambiente familiar violento entre tantos outros. A influ\u00eancia das redes sociais que distanciam os adultos das crian\u00e7as e dificultam a troca de contato humano tamb\u00e9m podem ser um fator que favorece o suic\u00eddio. O suic\u00eddio pode acontecer em momentos de crise e a dificuldade em lidar o estresse, perdas significativas entre outros fatores.<\/p>\n<p style=\"text-align: justify;\">\u00a0Portanto quando uma crian\u00e7a ou um adolescente amea\u00e7ar e ter pensamentos de morte esse comportamento deve ser levado a s\u00e9rio. A ideia de que as pessoas que falam que vai se matar \u00e9 apenas para fazer chantagem e ganhar alguma coisa com isso \u00e9 falsa.<\/p>\n<p style=\"text-align: justify;\">\u00a0Os respons\u00e1veis pela crian\u00e7a e pelos adolescentes devem ficar atentos aos sinais como perda de interesse nas coisas que gostavam, altera\u00e7\u00f5es do sono, do apetite, baixo desempenho escolar, isolamento. Prestar aten\u00e7\u00e3o nas autoles\u00f5es corporais provocadas pelos adolescentes associada a uma frustra\u00e7\u00e3o e ansiedade.<\/p>\n<p style=\"text-align: justify;\">\u00a0Devemos aprender a lidar com as emo\u00e7\u00f5es das crian\u00e7as para ajud\u00e1-las a lidar com a vida diante as frustra\u00e7\u00f5es e tristezas para prevenir o suic\u00eddio infantil. A responsabilidade de prevenir o suic\u00eddio tanto infantil como na adolesc\u00eancia n\u00e3o \u00e9 de inteira responsabilidades dos pais, mas tamb\u00e9m das redes sociais incluindo tamb\u00e9m as escolas e outra institui\u00e7\u00f5es.<\/p>\n<p><img loading=\"lazy\" decoding=\"async\" class=\"alignnone size-full wp-image-78847\" src=\"https:\/\/jorgezanoni.com.br\/2019\/wp-content\/uploads\/2023\/08\/Cidinha-Pascoaloto.jpg\" alt=\"\" width=\"500\" height=\"755\" srcset=\"https:\/\/jorgezanoni.com.br\/2019\/wp-content\/uploads\/2023\/08\/Cidinha-Pascoaloto.jpg 500w, https:\/\/jorgezanoni.com.br\/2019\/wp-content\/uploads\/2023\/08\/Cidinha-Pascoaloto-199x300.jpg 199w, https:\/\/jorgezanoni.com.br\/2019\/wp-content\/uploads\/2023\/08\/Cidinha-Pascoaloto-278x420.jpg 278w\" sizes=\"auto, (max-width: 500px) 100vw, 500px\" \/><\/p>\n<p>Cidinha Pascoaloto-Psic\u00f3loga-CRP 06\/158174. Presencial e online, contato: (18) 99725-6418<\/p>\n<p>&nbsp;<\/p>\n<p>&nbsp;<\/p>\n","protected":false},"excerpt":{"rendered":"<p>Suic\u00eddio infantil existe e ainda \u00e9 um assunto que pouco se fala, mas \u00e9 muito importante falar sobre esse tipo de suic\u00eddio embora seja um assunto extremamente sens\u00edvel. O n\u00famero de comportamento suicida e automutila\u00e7\u00e3o tem aumentado nos \u00faltimos anos. \u00a0O suic\u00eddio infantil \u00e9 uma trag\u00e9dia familiar, comunit\u00e1ria e social com efeitos dolorosos acompanhados de [&hellip;]<\/p>\n","protected":false},"author":1,"featured_media":78849,"comment_status":"closed","ping_status":"open","sticky":false,"template":"","format":"standard","meta":{"footnotes":""},"categories":[175],"tags":[],"class_list":["post-78845","post","type-post","status-publish","format-standard","has-post-thumbnail","hentry","category-artigos"],"_links":{"self":[{"href":"https:\/\/jorgezanoni.com.br\/2019\/wp-json\/wp\/v2\/posts\/78845","targetHints":{"allow":["GET"]}}],"collection":[{"href":"https:\/\/jorgezanoni.com.br\/2019\/wp-json\/wp\/v2\/posts"}],"about":[{"href":"https:\/\/jorgezanoni.com.br\/2019\/wp-json\/wp\/v2\/types\/post"}],"author":[{"embeddable":true,"href":"https:\/\/jorgezanoni.com.br\/2019\/wp-json\/wp\/v2\/users\/1"}],"replies":[{"embeddable":true,"href":"https:\/\/jorgezanoni.com.br\/2019\/wp-json\/wp\/v2\/comments?post=78845"}],"version-history":[{"count":1,"href":"https:\/\/jorgezanoni.com.br\/2019\/wp-json\/wp\/v2\/posts\/78845\/revisions"}],"predecessor-version":[{"id":78848,"href":"https:\/\/jorgezanoni.com.br\/2019\/wp-json\/wp\/v2\/posts\/78845\/revisions\/78848"}],"wp:featuredmedia":[{"embeddable":true,"href":"https:\/\/jorgezanoni.com.br\/2019\/wp-json\/wp\/v2\/media\/78849"}],"wp:attachment":[{"href":"https:\/\/jorgezanoni.com.br\/2019\/wp-json\/wp\/v2\/media?parent=78845"}],"wp:term":[{"taxonomy":"category","embeddable":true,"href":"https:\/\/jorgezanoni.com.br\/2019\/wp-json\/wp\/v2\/categories?post=78845"},{"taxonomy":"post_tag","embeddable":true,"href":"https:\/\/jorgezanoni.com.br\/2019\/wp-json\/wp\/v2\/tags?post=78845"}],"curies":[{"name":"wp","href":"https:\/\/api.w.org\/{rel}","templated":true}]}}