{"id":7883,"date":"2019-10-04T12:08:25","date_gmt":"2019-10-04T12:08:25","guid":{"rendered":"https:\/\/jorgezanoni.com.br\/2019\/?p=7883"},"modified":"2019-10-04T12:08:25","modified_gmt":"2019-10-04T12:08:25","slug":"coordenador-de-analise-de-sistemas-da-unifadra-ministra-palestra-em-andradina","status":"publish","type":"post","link":"https:\/\/jorgezanoni.com.br\/2019\/coordenador-de-analise-de-sistemas-da-unifadra-ministra-palestra-em-andradina\/","title":{"rendered":"Coordenador de An\u00e1lise de Sistemas da Unifadra ministra palestra em Andradina"},"content":{"rendered":"<p style=\"font-weight: 400; text-align: justify;\">O coordenador do curso de An\u00e1lise e Desenvolvimento de Sistemas da Faculdade Unifadra\/Fundec de Dracena Prof. Me. Alessandro Fornari ministrou uma palestra sobre Sistemas de Gest\u00e3o de Seguran\u00e7a da Informa\u00e7\u00e3o, no dia 27 de setembro, na ETEC Sebastiana Augusta de Moraes, em Andradina\/SP.<\/p>\n<p style=\"font-weight: 400; text-align: justify;\">A palestra fez parte da Semana de Etecnologia para os alunos dos cursos de Servi\u00e7o Jur\u00eddico, Inform\u00e1tica para Internet, Administra\u00e7\u00e3o, Log\u00edstica, RH. Fornari destacou que o tema trata da norma ISO27001, que \u00e9 um padr\u00e3o para sistema de gest\u00e3o da seguran\u00e7a da informa\u00e7\u00e3o. \u201c\u00c9 a norma que define os requisitos para um Sistema de Gest\u00e3o da Seguran\u00e7a da Informa\u00e7\u00e3o (SGSI), com procedimentos, processos, controles e registro, garantindo assim a credibilidade e confian\u00e7a \u00e0 ger\u00eancia, parceiros de neg\u00f3cios, clientes e auditores\u201d, comentou o professor da Unifadra.<\/p>\n<p style=\"font-weight: 400; text-align: justify;\">No curso de An\u00e1lise e Desenvolvimento de Sistemas oferecido pela Unifadra Dracena, h\u00e1 a preocupa\u00e7\u00e3o com a seguran\u00e7a, e em sua grande curricular est\u00e1 contemplada a disciplina de Auditoria e Seguran\u00e7a da Informa\u00e7\u00e3o, que traz como prioridade o conhecimento e a implanta\u00e7\u00e3o da norma 27001.<\/p>\n<p style=\"font-weight: 400; text-align: justify;\">Carolina Colnago<\/p>\n<p style=\"font-weight: 400; text-align: justify;\">Assessora de Comunica\u00e7\u00e3o da Fundec &#8211; Jornalista<\/p>\n<p>Foto: Prof. Me. Alessandro Fornari.<\/p>\n","protected":false},"excerpt":{"rendered":"<p>O coordenador do curso de An\u00e1lise e Desenvolvimento de Sistemas da Faculdade Unifadra\/Fundec de Dracena Prof. Me. Alessandro Fornari ministrou uma palestra sobre Sistemas de Gest\u00e3o de Seguran\u00e7a da Informa\u00e7\u00e3o, no dia 27 de setembro, na ETEC Sebastiana Augusta de Moraes, em Andradina\/SP. A palestra fez parte da Semana de Etecnologia para os alunos dos [&hellip;]<\/p>\n","protected":false},"author":1,"featured_media":7884,"comment_status":"closed","ping_status":"open","sticky":false,"template":"","format":"standard","meta":{"footnotes":""},"categories":[122],"tags":[],"class_list":["post-7883","post","type-post","status-publish","format-standard","has-post-thumbnail","hentry","category-saudeeducacaoeconcurso"],"_links":{"self":[{"href":"https:\/\/jorgezanoni.com.br\/2019\/wp-json\/wp\/v2\/posts\/7883","targetHints":{"allow":["GET"]}}],"collection":[{"href":"https:\/\/jorgezanoni.com.br\/2019\/wp-json\/wp\/v2\/posts"}],"about":[{"href":"https:\/\/jorgezanoni.com.br\/2019\/wp-json\/wp\/v2\/types\/post"}],"author":[{"embeddable":true,"href":"https:\/\/jorgezanoni.com.br\/2019\/wp-json\/wp\/v2\/users\/1"}],"replies":[{"embeddable":true,"href":"https:\/\/jorgezanoni.com.br\/2019\/wp-json\/wp\/v2\/comments?post=7883"}],"version-history":[{"count":0,"href":"https:\/\/jorgezanoni.com.br\/2019\/wp-json\/wp\/v2\/posts\/7883\/revisions"}],"wp:featuredmedia":[{"embeddable":true,"href":"https:\/\/jorgezanoni.com.br\/2019\/wp-json\/wp\/v2\/media\/7884"}],"wp:attachment":[{"href":"https:\/\/jorgezanoni.com.br\/2019\/wp-json\/wp\/v2\/media?parent=7883"}],"wp:term":[{"taxonomy":"category","embeddable":true,"href":"https:\/\/jorgezanoni.com.br\/2019\/wp-json\/wp\/v2\/categories?post=7883"},{"taxonomy":"post_tag","embeddable":true,"href":"https:\/\/jorgezanoni.com.br\/2019\/wp-json\/wp\/v2\/tags?post=7883"}],"curies":[{"name":"wp","href":"https:\/\/api.w.org\/{rel}","templated":true}]}}