{"id":78806,"date":"2023-08-03T00:16:28","date_gmt":"2023-08-03T00:16:28","guid":{"rendered":"https:\/\/jorgezanoni.com.br\/2019\/?p=78806"},"modified":"2023-08-03T00:17:07","modified_gmt":"2023-08-03T00:17:07","slug":"oab-e-parceiros-convidam-a-todos-para-participarem-do-agosto-lilas","status":"publish","type":"post","link":"https:\/\/jorgezanoni.com.br\/2019\/oab-e-parceiros-convidam-a-todos-para-participarem-do-agosto-lilas\/","title":{"rendered":"OAB e parceiros convidam a todos para participarem do &#8220;Agosto Lil\u00e1s&#8221;"},"content":{"rendered":"<p style=\"text-align: justify;\">A OAB Dracena, engajada nas atividades de prote\u00e7\u00e3o \u00e0 mulher, em parceria com o Poder Judici\u00e1rio, Minist\u00e9rio P\u00fablico, Pol\u00edcia Civil e Militar, promovem atendimento e a\u00e7\u00f5es educativas em prol do enfrentamento da viol\u00eancia contra a mulher atrav\u00e9s do PROGRAMA OAB POR ELAS.<br \/>\nDiante da import\u00e2ncia do tema e dentro das a\u00e7\u00f5es que objetivam o programa, os parceiros promover\u00e3o a ilumina\u00e7\u00e3o de diversos pr\u00e9dios da cidade, durante o m\u00eas de agosto, com a cor LIL\u00c1S, fazendo refer\u00eancia \u00e0 campanha institu\u00edda nacionalmente, denominado \u201cAgosto Lil\u00e1s\u201d.<br \/>\nAcredita-se que com essa medida poderemos intensificar as a\u00e7\u00f5es e sensibilizar toda a popula\u00e7\u00e3o Dracenense sobre a import\u00e2ncia de ter uma mobiliza\u00e7\u00e3o para coibir todas as formas de viol\u00eancia contra a mulher.<\/p>\n<p><img loading=\"lazy\" decoding=\"async\" class=\"alignnone size-full wp-image-78807\" src=\"https:\/\/jorgezanoni.com.br\/2019\/wp-content\/uploads\/2023\/08\/z-agosto-1-Pequeno.jpg\" alt=\"\" width=\"480\" height=\"480\" srcset=\"https:\/\/jorgezanoni.com.br\/2019\/wp-content\/uploads\/2023\/08\/z-agosto-1-Pequeno.jpg 480w, https:\/\/jorgezanoni.com.br\/2019\/wp-content\/uploads\/2023\/08\/z-agosto-1-Pequeno-300x300.jpg 300w, https:\/\/jorgezanoni.com.br\/2019\/wp-content\/uploads\/2023\/08\/z-agosto-1-Pequeno-150x150.jpg 150w, https:\/\/jorgezanoni.com.br\/2019\/wp-content\/uploads\/2023\/08\/z-agosto-1-Pequeno-420x420.jpg 420w\" sizes=\"auto, (max-width: 480px) 100vw, 480px\" \/><\/p>\n","protected":false},"excerpt":{"rendered":"<p>A OAB Dracena, engajada nas atividades de prote\u00e7\u00e3o \u00e0 mulher, em parceria com o Poder Judici\u00e1rio, Minist\u00e9rio P\u00fablico, Pol\u00edcia Civil e Militar, promovem atendimento e a\u00e7\u00f5es educativas em prol do enfrentamento da viol\u00eancia contra a mulher atrav\u00e9s do PROGRAMA OAB POR ELAS. Diante da import\u00e2ncia do tema e dentro das a\u00e7\u00f5es que objetivam o programa, [&hellip;]<\/p>\n","protected":false},"author":1,"featured_media":78808,"comment_status":"closed","ping_status":"open","sticky":false,"template":"","format":"standard","meta":{"footnotes":""},"categories":[110,118],"tags":[],"class_list":["post-78806","post","type-post","status-publish","format-standard","has-post-thumbnail","hentry","category-noticiasdestaque","category-religiaoesolidariedade"],"_links":{"self":[{"href":"https:\/\/jorgezanoni.com.br\/2019\/wp-json\/wp\/v2\/posts\/78806","targetHints":{"allow":["GET"]}}],"collection":[{"href":"https:\/\/jorgezanoni.com.br\/2019\/wp-json\/wp\/v2\/posts"}],"about":[{"href":"https:\/\/jorgezanoni.com.br\/2019\/wp-json\/wp\/v2\/types\/post"}],"author":[{"embeddable":true,"href":"https:\/\/jorgezanoni.com.br\/2019\/wp-json\/wp\/v2\/users\/1"}],"replies":[{"embeddable":true,"href":"https:\/\/jorgezanoni.com.br\/2019\/wp-json\/wp\/v2\/comments?post=78806"}],"version-history":[{"count":1,"href":"https:\/\/jorgezanoni.com.br\/2019\/wp-json\/wp\/v2\/posts\/78806\/revisions"}],"predecessor-version":[{"id":78809,"href":"https:\/\/jorgezanoni.com.br\/2019\/wp-json\/wp\/v2\/posts\/78806\/revisions\/78809"}],"wp:featuredmedia":[{"embeddable":true,"href":"https:\/\/jorgezanoni.com.br\/2019\/wp-json\/wp\/v2\/media\/78808"}],"wp:attachment":[{"href":"https:\/\/jorgezanoni.com.br\/2019\/wp-json\/wp\/v2\/media?parent=78806"}],"wp:term":[{"taxonomy":"category","embeddable":true,"href":"https:\/\/jorgezanoni.com.br\/2019\/wp-json\/wp\/v2\/categories?post=78806"},{"taxonomy":"post_tag","embeddable":true,"href":"https:\/\/jorgezanoni.com.br\/2019\/wp-json\/wp\/v2\/tags?post=78806"}],"curies":[{"name":"wp","href":"https:\/\/api.w.org\/{rel}","templated":true}]}}