{"id":78801,"date":"2023-08-03T00:00:37","date_gmt":"2023-08-03T00:00:37","guid":{"rendered":"https:\/\/jorgezanoni.com.br\/2019\/?p=78801"},"modified":"2023-08-03T00:00:37","modified_gmt":"2023-08-03T00:00:37","slug":"apos-acidente-em-santa-mercedes-condutor-que-ficou-gravemente-ferido-acabou-preso-por-contrabando","status":"publish","type":"post","link":"https:\/\/jorgezanoni.com.br\/2019\/apos-acidente-em-santa-mercedes-condutor-que-ficou-gravemente-ferido-acabou-preso-por-contrabando\/","title":{"rendered":"Ap\u00f3s acidente em Santa Mercedes condutor que ficou gravemente ferido acabou preso por contrabando"},"content":{"rendered":"<p style=\"text-align: justify;\"><strong>A Pol\u00edcia Militar Rodovi\u00e1ria realizou pris\u00e3o de condutor por Contrabando\/Descaminho, durante atendimento de Sinistro de tr\u00e2nsito com 01 v\u00edtima grave. Acidente aconteceu na manh\u00e3 desta quarta-feira (2) \u00e0s 06:30 Horas na Rodovia Cmt Jo\u00e3o Ribeiro de Barros, km 677, em Santa Mercdes.<\/strong><\/p>\n<p style=\"text-align: justify;\">No in\u00edcio da manh\u00e3 de hoje (02), durante opera\u00e7\u00e3o &#8220;Impacto&#8221;, a equipe foi acionada para atendimento de sinistro de tr\u00e2nsito com v\u00edtima, onde o Gm\/Monza de Andradina\/SP, que transitava no sentido Pauliceia a Tupi Paulista, colidiu transversalmente contra o ve\u00edculo de carga M.B\/Axor de Ponta Grossa\/PR, que tracionava um Semi-reboque e cruzava a rodovia.<br \/>\nO autom\u00f3vel transportava diversos produtos de origem estrangeira, desprovidos de documenta\u00e7\u00e3o fiscal, como: 420 chicletes Trident, 04 garrafas de terer\u00e9, 30 pipas, 03 garrafas de bebidas destiladas, 2.114 isqueiros, 10 brinquedos diversos, 08 barbeadores, 10 desodorantes Dove, 02 raquetes contra insetos, 200 pares de meias, 30 m\u00e1quinas de cortar cabelo e 02 pneus importados, aro 14 (marca Aderenze), totalizando: 2.833 unidades.<br \/>\nO condutor do ve\u00edculo de carga realizou o teste com o etil\u00f4metro, que n\u00e3o constatou \u00e1lcool no resultado, j\u00e1 o condutor do autom\u00f3vel, 01 homem de 38 anos de idade e morador em Andradina\/SP, n\u00e3o realizou o teste, devido \u00e0s les\u00f5es graves, sendo socorrido ao Pronto Socorro de Dracena pela equipe dos Bombeiros.<br \/>\nOcorr\u00eancia apresentada na Receita Federal de Presidente Prudente, onde os produtos e o autom\u00f3vel foram apreendidos. J\u00e1 o condutor vai responder em liberdade.<\/p>\n<p><img loading=\"lazy\" decoding=\"async\" class=\"alignnone size-full wp-image-78803\" src=\"https:\/\/jorgezanoni.com.br\/2019\/wp-content\/uploads\/2023\/08\/z-santa1-Pequeno.jpg\" alt=\"\" width=\"853\" height=\"480\" srcset=\"https:\/\/jorgezanoni.com.br\/2019\/wp-content\/uploads\/2023\/08\/z-santa1-Pequeno.jpg 853w, https:\/\/jorgezanoni.com.br\/2019\/wp-content\/uploads\/2023\/08\/z-santa1-Pequeno-300x169.jpg 300w, https:\/\/jorgezanoni.com.br\/2019\/wp-content\/uploads\/2023\/08\/z-santa1-Pequeno-768x432.jpg 768w, https:\/\/jorgezanoni.com.br\/2019\/wp-content\/uploads\/2023\/08\/z-santa1-Pequeno-696x392.jpg 696w, https:\/\/jorgezanoni.com.br\/2019\/wp-content\/uploads\/2023\/08\/z-santa1-Pequeno-746x420.jpg 746w\" sizes=\"auto, (max-width: 853px) 100vw, 853px\" \/> <img loading=\"lazy\" decoding=\"async\" class=\"alignnone size-full wp-image-78804\" src=\"https:\/\/jorgezanoni.com.br\/2019\/wp-content\/uploads\/2023\/08\/z-santa-2-Pequeno.jpg\" alt=\"\" width=\"854\" height=\"480\" srcset=\"https:\/\/jorgezanoni.com.br\/2019\/wp-content\/uploads\/2023\/08\/z-santa-2-Pequeno.jpg 854w, https:\/\/jorgezanoni.com.br\/2019\/wp-content\/uploads\/2023\/08\/z-santa-2-Pequeno-300x169.jpg 300w, https:\/\/jorgezanoni.com.br\/2019\/wp-content\/uploads\/2023\/08\/z-santa-2-Pequeno-768x432.jpg 768w, https:\/\/jorgezanoni.com.br\/2019\/wp-content\/uploads\/2023\/08\/z-santa-2-Pequeno-696x391.jpg 696w, https:\/\/jorgezanoni.com.br\/2019\/wp-content\/uploads\/2023\/08\/z-santa-2-Pequeno-747x420.jpg 747w\" sizes=\"auto, (max-width: 854px) 100vw, 854px\" \/><\/p>\n<p style=\"text-align: justify;\">POL\u00cdCIA MILITAR, RUMO AOS 200 ANOS! VAMOS TODOS JUNTOS. NINGU\u00c9M FICA PARA TR\u00c1S.<\/p>\n<p>Fotos: PMR. 3\u00b0 Pel da 2\u00aa Cia do 2\u00b0 BPRv.<\/p>\n","protected":false},"excerpt":{"rendered":"<p>A Pol\u00edcia Militar Rodovi\u00e1ria realizou pris\u00e3o de condutor por Contrabando\/Descaminho, durante atendimento de Sinistro de tr\u00e2nsito com 01 v\u00edtima grave. Acidente aconteceu na manh\u00e3 desta quarta-feira (2) \u00e0s 06:30 Horas na Rodovia Cmt Jo\u00e3o Ribeiro de Barros, km 677, em Santa Mercdes. No in\u00edcio da manh\u00e3 de hoje (02), durante opera\u00e7\u00e3o &#8220;Impacto&#8221;, a equipe foi [&hellip;]<\/p>\n","protected":false},"author":1,"featured_media":78802,"comment_status":"closed","ping_status":"open","sticky":false,"template":"","format":"standard","meta":{"footnotes":""},"categories":[170,110],"tags":[],"class_list":["post-78801","post","type-post","status-publish","format-standard","has-post-thumbnail","hentry","category-acidentes","category-noticiasdestaque"],"_links":{"self":[{"href":"https:\/\/jorgezanoni.com.br\/2019\/wp-json\/wp\/v2\/posts\/78801","targetHints":{"allow":["GET"]}}],"collection":[{"href":"https:\/\/jorgezanoni.com.br\/2019\/wp-json\/wp\/v2\/posts"}],"about":[{"href":"https:\/\/jorgezanoni.com.br\/2019\/wp-json\/wp\/v2\/types\/post"}],"author":[{"embeddable":true,"href":"https:\/\/jorgezanoni.com.br\/2019\/wp-json\/wp\/v2\/users\/1"}],"replies":[{"embeddable":true,"href":"https:\/\/jorgezanoni.com.br\/2019\/wp-json\/wp\/v2\/comments?post=78801"}],"version-history":[{"count":1,"href":"https:\/\/jorgezanoni.com.br\/2019\/wp-json\/wp\/v2\/posts\/78801\/revisions"}],"predecessor-version":[{"id":78805,"href":"https:\/\/jorgezanoni.com.br\/2019\/wp-json\/wp\/v2\/posts\/78801\/revisions\/78805"}],"wp:featuredmedia":[{"embeddable":true,"href":"https:\/\/jorgezanoni.com.br\/2019\/wp-json\/wp\/v2\/media\/78802"}],"wp:attachment":[{"href":"https:\/\/jorgezanoni.com.br\/2019\/wp-json\/wp\/v2\/media?parent=78801"}],"wp:term":[{"taxonomy":"category","embeddable":true,"href":"https:\/\/jorgezanoni.com.br\/2019\/wp-json\/wp\/v2\/categories?post=78801"},{"taxonomy":"post_tag","embeddable":true,"href":"https:\/\/jorgezanoni.com.br\/2019\/wp-json\/wp\/v2\/tags?post=78801"}],"curies":[{"name":"wp","href":"https:\/\/api.w.org\/{rel}","templated":true}]}}