{"id":7880,"date":"2019-10-04T11:59:28","date_gmt":"2019-10-04T11:59:28","guid":{"rendered":"https:\/\/jorgezanoni.com.br\/2019\/?p=7880"},"modified":"2019-10-04T11:59:28","modified_gmt":"2019-10-04T11:59:28","slug":"dracena-tempersul-goleia-o-taboao-na-liga-paulista","status":"publish","type":"post","link":"https:\/\/jorgezanoni.com.br\/2019\/dracena-tempersul-goleia-o-taboao-na-liga-paulista\/","title":{"rendered":"Dracena Tempersul goleia o Tabo\u00e3o na Liga Paulista"},"content":{"rendered":"<p style=\"font-weight: 400; text-align: justify;\">Jogando na Grande S\u00e3o Paulo, o Dracena Tempersul reencontrou o caminho das vit\u00f3rias e goleou o Tabo\u00e3o por 6 a 2, em partida v\u00e1lida pela 5\u00aa rodada da Liga Paulista de Futsal.<\/p>\n<p style=\"font-weight: 400; text-align: justify;\">Com o resultado, a equipe dracenense chega aos dez pontos e assume a 3\u00aa coloca\u00e7\u00e3o de forma isolada na competi\u00e7\u00e3o. J\u00e1 o Tabo\u00e3o permanece com cinco pontos, na 6\u00aa posi\u00e7\u00e3o. A vit\u00f3ria encerra a sequ\u00eancia sem vencer de dois jogos \u2013 derrota contra S\u00e3o Jos\u00e9 e empate com S\u00e3o Caetano.<\/p>\n<p style=\"font-weight: 400; text-align: justify;\">O Tabo\u00e3o saiu na frente com Pop. O capit\u00e3o Dario empatou para Dracena. Em erro na sa\u00edda de bola, Simi marcou novamente para os donos da casa. Artilheiro da noite, Dario marcou o segundo e o terceiro gols dracenenses. Rafa Martins, Boc\u00e3o e Jean Neguinho deram n\u00fameros finais ao duelo.<\/p>\n<p style=\"font-weight: 400; text-align: justify;\">&#8220;Fomos felizes nas finaliza\u00e7\u00f5es. Iniciamos atr\u00e1s do placar, conseguimos o empate por duas oportunidades e depois a virada. Fizemos uma partida boa, conseguimos nos impor na marca\u00e7\u00e3o e fomos letais nos ataques&#8221;, analisou Dario. &#8220;Pessoalmente, fui feliz nas escolhas e consegui fazer os gols pra ajudar sair com a vit\u00f3ria, que foi de suma import\u00e2ncia. Agora temos que focar para jogar em casa contra o Pulo do Gato e \u00a0encaminhar nossa classifica\u00e7\u00e3o&#8221;, completou.<\/p>\n<p style=\"font-weight: 400; text-align: justify;\">O Dracena Tempersul volta \u00e0 quadra na pr\u00f3xima ter\u00e7a-feira (8), no gin\u00e1sio Alaor Ferrari, contra o Pulo do Gato, a partir das 20h. Os ingressos est\u00e3o \u00e0 venda na Polidoro Pneus, Brink Sports, Uni A\u00e7a\u00ed e Posto da Pra\u00e7a.<\/p>\n<p style=\"text-align: justify;\">Fonte: Assessoria de Imprensa<\/p>\n","protected":false},"excerpt":{"rendered":"<p>Jogando na Grande S\u00e3o Paulo, o Dracena Tempersul reencontrou o caminho das vit\u00f3rias e goleou o Tabo\u00e3o por 6 a 2, em partida v\u00e1lida pela 5\u00aa rodada da Liga Paulista de Futsal. Com o resultado, a equipe dracenense chega aos dez pontos e assume a 3\u00aa coloca\u00e7\u00e3o de forma isolada na competi\u00e7\u00e3o. J\u00e1 o Tabo\u00e3o [&hellip;]<\/p>\n","protected":false},"author":1,"featured_media":7881,"comment_status":"closed","ping_status":"open","sticky":false,"template":"","format":"standard","meta":{"footnotes":""},"categories":[111],"tags":[],"class_list":["post-7880","post","type-post","status-publish","format-standard","has-post-thumbnail","hentry","category-esporteecultura"],"_links":{"self":[{"href":"https:\/\/jorgezanoni.com.br\/2019\/wp-json\/wp\/v2\/posts\/7880","targetHints":{"allow":["GET"]}}],"collection":[{"href":"https:\/\/jorgezanoni.com.br\/2019\/wp-json\/wp\/v2\/posts"}],"about":[{"href":"https:\/\/jorgezanoni.com.br\/2019\/wp-json\/wp\/v2\/types\/post"}],"author":[{"embeddable":true,"href":"https:\/\/jorgezanoni.com.br\/2019\/wp-json\/wp\/v2\/users\/1"}],"replies":[{"embeddable":true,"href":"https:\/\/jorgezanoni.com.br\/2019\/wp-json\/wp\/v2\/comments?post=7880"}],"version-history":[{"count":0,"href":"https:\/\/jorgezanoni.com.br\/2019\/wp-json\/wp\/v2\/posts\/7880\/revisions"}],"wp:featuredmedia":[{"embeddable":true,"href":"https:\/\/jorgezanoni.com.br\/2019\/wp-json\/wp\/v2\/media\/7881"}],"wp:attachment":[{"href":"https:\/\/jorgezanoni.com.br\/2019\/wp-json\/wp\/v2\/media?parent=7880"}],"wp:term":[{"taxonomy":"category","embeddable":true,"href":"https:\/\/jorgezanoni.com.br\/2019\/wp-json\/wp\/v2\/categories?post=7880"},{"taxonomy":"post_tag","embeddable":true,"href":"https:\/\/jorgezanoni.com.br\/2019\/wp-json\/wp\/v2\/tags?post=7880"}],"curies":[{"name":"wp","href":"https:\/\/api.w.org\/{rel}","templated":true}]}}