{"id":78779,"date":"2023-08-01T23:46:43","date_gmt":"2023-08-01T23:46:43","guid":{"rendered":"https:\/\/jorgezanoni.com.br\/2019\/?p=78779"},"modified":"2023-08-01T23:46:43","modified_gmt":"2023-08-01T23:46:43","slug":"recordacoes-da-vo-finoca-por-sergio-barbosa","status":"publish","type":"post","link":"https:\/\/jorgezanoni.com.br\/2019\/recordacoes-da-vo-finoca-por-sergio-barbosa\/","title":{"rendered":"Recorda\u00e7\u00f5es da &#8220;V\u00f3 Finoca&#8221;&#8230; (por S\u00e9rgio Barbosa)"},"content":{"rendered":"<p style=\"text-align: justify;\"><strong>Recorda\u00e7\u00f5es da &#8220;V\u00f3 Finoca&#8221;&#8230;<\/strong><\/p>\n<p style=\"text-align: justify;\"><em>&#8220;ter saudade at\u00e9 que \u00e9 bom, \u00e9 melhor que caminhar sozinho&#8230;&#8221; (Peninha)<\/em><em>\u00a0<\/em><\/p>\n<p style=\"text-align: justify;\"><strong>S\u00e9rgio Barbosa (*)<\/strong><\/p>\n<p style=\"text-align: justify;\">N\u00e3o sei porque, mas, nestes \u00faltimos dias andei pensando nos meus velhos e bons tempos de crian\u00e7a em minha cidade natal, Ourinhos, ainda, mais precisamente nas ruas de terra da Vila Margarida e especificamente na Rua 21 de Abril&#8230;<\/p>\n<p style=\"text-align: justify;\">Tais desencontros, de acordo com alguns analistas (sic), s\u00e3o sintomas da idade, tendo em vista que estou com quase 58 anos mal vividos, assim, que este novo tempo traga o velho tempo&#8230;<\/p>\n<p style=\"text-align: justify;\">Tamb\u00e9m, nestas recorda\u00e7\u00f5es travestidas de saudades, a mem\u00f3ria trouxe sem mais e sem menos, a saudosa &#8220;V\u00f3 Finoca&#8221; e o &#8220;Tio L\u00e1zaro&#8221; (m\u00e3e e filho) que viveram muitos anos na Vila Margarida, ainda, era a m\u00e3e da minha &#8220;Tia J\u00falia&#8221;, madrasta do meu Pai, &#8220;Basti\u00e3o Barbosa&#8221;&#8230;<\/p>\n<p style=\"text-align: justify;\">N\u00e3o sei porque, mas, tais recorda\u00e7\u00f5es sempre aparecem no meu caminho e como disse um dia o meu primo, Arordinho, &#8220;voc\u00ea \u00e9 jornalista e deveria escrever sobre a fam\u00edlia&#8230;&#8221;, por\u00e9m, confesso que tal desafio \u00e9 mais do que complicado, considerando as excelentes recorda\u00e7\u00f5es destes velhos e bons tempos com pessoas que partiram para o outro lado deste mesmo tempo do tempo&#8230;<\/p>\n<p style=\"text-align: justify;\">Voltando para as recorda\u00e7\u00f5es com a saudosa &#8220;V\u00f3 Finoca&#8221;, sabe de uma coisa, n\u00e3o lembro se era apelido ou nome, s\u00f3 sei que a &#8220;V\u00f3&#8221; era muito querida pelos netos oficiais, caso por exemplo dos meus primos, Arordinho, Parafuso, Luiz Carl\u00e3o, Neuza Maria, Ana J\u00falia, Bi, L\u00eddia, Reinaldo, Rosana e Ricardo, por\u00e9m, no meu caso e dos meu irm\u00e3os, Celso, Valderez e Valdir,\u00a0 \u00e9ramos netos, ou melhor, bisnetos por ado\u00e7\u00e3o, como escrevi, a &#8220;V\u00f3 Finoca&#8221; era madrasta do meu saudoso Pai, Basti\u00e3o Barbosa&#8230;<\/p>\n<p style=\"text-align: justify;\">Uma das poucas coisas que lembro deste tempo, eram as visitas que faz\u00edamos na casa da &#8220;V\u00f3 Finoca e do Tio L\u00e1zaro&#8221; e sempre com o mesmo objetivo, a saber: &#8220;receber a ben\u00e7\u00e3o&#8221; por meio de uma &#8220;reza no dialeto&#8221; que s\u00f3 a V\u00f3 sabia o significado e a tradu\u00e7\u00e3o daquelas s\u00e1bias palavras&#8230;<\/p>\n<p style=\"text-align: justify;\">Havia, tamb\u00e9m, o &#8220;raminho de erva doce&#8221; da planta do quintal e o aben\u00e7oado &#8220;copo d \u00e1gua&#8221; que deveria ser tomado ap\u00f3s a &#8220;ben\u00e7\u00e3o&#8221; final impetrada pela sabedoria popular da &#8220;V\u00f3 Finoca&#8221;&#8230;<\/p>\n<p style=\"text-align: justify;\">N\u00e3o sei porque, mas, s\u00e3o recorda\u00e7\u00f5es que trazem a saudosa &#8220;V\u00f3 Finoca&#8221;, tamb\u00e9m, o &#8220;Tio L\u00e1zaro&#8221; para perto da minha pessoa, talvez, como disse o analista, sintomas que a velhice se aproxima&#8230;<\/p>\n<p><strong><em>______________________________________<\/em><\/strong><\/p>\n<p><strong><em>(*) jornalista diplomado.<\/em><\/strong><\/p>\n<p><strong><em>e-mail: barbosa.sebar@gmail.com <\/em><\/strong><\/p>\n<p>&nbsp;<\/p>\n<p>&nbsp;<\/p>\n<p>&nbsp;<\/p>\n<p>&nbsp;<\/p>\n<p>&nbsp;<\/p>\n","protected":false},"excerpt":{"rendered":"<p>Recorda\u00e7\u00f5es da &#8220;V\u00f3 Finoca&#8221;&#8230; &#8220;ter saudade at\u00e9 que \u00e9 bom, \u00e9 melhor que caminhar sozinho&#8230;&#8221; (Peninha)\u00a0 S\u00e9rgio Barbosa (*) N\u00e3o sei porque, mas, nestes \u00faltimos dias andei pensando nos meus velhos e bons tempos de crian\u00e7a em minha cidade natal, Ourinhos, ainda, mais precisamente nas ruas de terra da Vila Margarida e especificamente na Rua [&hellip;]<\/p>\n","protected":false},"author":1,"featured_media":78780,"comment_status":"closed","ping_status":"open","sticky":false,"template":"","format":"standard","meta":{"footnotes":""},"categories":[175],"tags":[],"class_list":["post-78779","post","type-post","status-publish","format-standard","has-post-thumbnail","hentry","category-artigos"],"_links":{"self":[{"href":"https:\/\/jorgezanoni.com.br\/2019\/wp-json\/wp\/v2\/posts\/78779","targetHints":{"allow":["GET"]}}],"collection":[{"href":"https:\/\/jorgezanoni.com.br\/2019\/wp-json\/wp\/v2\/posts"}],"about":[{"href":"https:\/\/jorgezanoni.com.br\/2019\/wp-json\/wp\/v2\/types\/post"}],"author":[{"embeddable":true,"href":"https:\/\/jorgezanoni.com.br\/2019\/wp-json\/wp\/v2\/users\/1"}],"replies":[{"embeddable":true,"href":"https:\/\/jorgezanoni.com.br\/2019\/wp-json\/wp\/v2\/comments?post=78779"}],"version-history":[{"count":1,"href":"https:\/\/jorgezanoni.com.br\/2019\/wp-json\/wp\/v2\/posts\/78779\/revisions"}],"predecessor-version":[{"id":78781,"href":"https:\/\/jorgezanoni.com.br\/2019\/wp-json\/wp\/v2\/posts\/78779\/revisions\/78781"}],"wp:featuredmedia":[{"embeddable":true,"href":"https:\/\/jorgezanoni.com.br\/2019\/wp-json\/wp\/v2\/media\/78780"}],"wp:attachment":[{"href":"https:\/\/jorgezanoni.com.br\/2019\/wp-json\/wp\/v2\/media?parent=78779"}],"wp:term":[{"taxonomy":"category","embeddable":true,"href":"https:\/\/jorgezanoni.com.br\/2019\/wp-json\/wp\/v2\/categories?post=78779"},{"taxonomy":"post_tag","embeddable":true,"href":"https:\/\/jorgezanoni.com.br\/2019\/wp-json\/wp\/v2\/tags?post=78779"}],"curies":[{"name":"wp","href":"https:\/\/api.w.org\/{rel}","templated":true}]}}