{"id":78651,"date":"2023-07-28T19:00:00","date_gmt":"2023-07-28T19:00:00","guid":{"rendered":"https:\/\/jorgezanoni.com.br\/2019\/?p=78651"},"modified":"2023-07-28T19:00:00","modified_gmt":"2023-07-28T19:00:00","slug":"estadio-municipal-alberto-sophia-de-ouro-verde-teve-inauguracao-de-iluminacao","status":"publish","type":"post","link":"https:\/\/jorgezanoni.com.br\/2019\/estadio-municipal-alberto-sophia-de-ouro-verde-teve-inauguracao-de-iluminacao\/","title":{"rendered":"Est\u00e1dio Municipal Alberto Sophia de Ouro Verde teve inaugura\u00e7\u00e3o de ilumina\u00e7\u00e3o"},"content":{"rendered":"<p style=\"text-align: justify;\"><strong>Evento aconteceu na \u00faltima ter\u00e7a-feira (25) \u00e0s 19:30 Horas, com torneio de futebol.<\/strong><\/p>\n<p style=\"text-align: justify;\">Com iimensa alegria e gratid\u00e3o para todos n\u00f3s! Estamos celebrando um momento hist\u00f3rico em nosso munic\u00edpio com a t\u00e3o esperada inaugura\u00e7\u00e3o da ilumina\u00e7\u00e3o no Est\u00e1dio Municipal Alberto Sophia. Essa conquista s\u00f3 foi poss\u00edvel gra\u00e7as ao incans\u00e1vel empenho de pessoas incr\u00edveis, e \u00e9 com orgulho que queremos expressar nossos sinceros agradecimentos.<\/p>\n<p style=\"text-align: justify;\">Agradecemos ao Presidente do Diret\u00f3rio do PT municipal, Senhor Getulio, pelo apoio fundamental que tornou esse projeto realidade. Reconhecemos tamb\u00e9m o incans\u00e1vel trabalho de Jacinto, Vice-Presidente, e Tiquinho, que defendeu essa causa junto ao Deputado Carlos Zaratini respons\u00e1vel pelo investimento na ilumina\u00e7\u00e3o do est\u00e1dio.<\/p>\n<p style=\"text-align: justify;\">Sem o esfor\u00e7o conjunto de todos voc\u00eas, essa conquista n\u00e3o seria poss\u00edvel. Nossos agradecimentos reverentes se estendem \u00e0 gest\u00e3o anterior, em especial ao saudoso Prefeito Valentim Ferrari e ao Prefeito Interino senhor Nilson da Silva, em 2020 responsavel que assinou essa libera\u00e7\u00e3o que deixou essa heran\u00e7a e tornou poss\u00edvel o avan\u00e7o da obra. O recurso destinado atrav\u00e9s da Emenda do Deputado Federal Carlos Zaratini foi de extrema import\u00e2ncia e ter\u00e1 um impacto positivo em toda nossa comunidade. Agradecemos igualmente a presen\u00e7a de todas as autoridades neste evento significativo.<\/p>\n<p style=\"text-align: justify;\">Cada um de voc\u00eas contribuiu de forma essencial para o desenvolvimento de nosso munic\u00edpio. E, \u00e9 claro, nossos sinceros agradecimentos v\u00e3o para todos os cidad\u00e3os e cidad\u00e3s que confiam no trabalho s\u00e9rio e comprometido desenvolvido por nossos vereadores.<\/p>\n<p style=\"text-align: justify;\">Al\u00e9m disso, durante a emocionante cerim\u00f4nia de inaugura\u00e7\u00e3o, tivemos a honra de prestar uma homenagem especial ao Helinho, jogador que dedicou sua vida ao futebol e sempre foi um exemplo de dedica\u00e7\u00e3o e paix\u00e3o pelo esporte em nossa cidade. Sua trajet\u00f3ria inspira a todos n\u00f3s e sua presen\u00e7a foi um verdadeiro presente neste momento t\u00e3o marcante.<\/p>\n<p style=\"text-align: justify;\">Tamb\u00e9m n\u00e3o podemos deixar de saudar a presen\u00e7a do Samurai, uma grande lenda do futebol de Ouro Verde, que esteve presente na cerim\u00f4nia, e em nome dele saudar todos Veteranos que estavam presentes na cerimonia, n\u00e3o lembro o nome de todos mas com certeza todos os veteranos que passarm pelo campo e os que estiveram presentes contribu\u00edram para o desenvolvimento do futebol em nossa cidade e regi\u00e3o. A hist\u00f3ria de cada um \u00e9 parte integrante de nossa identidade esportiva e sua participa\u00e7\u00e3o no evento nos enche de orgulho.<\/p>\n<p style=\"text-align: justify;\">Que essas conquistas e homenagens nos inspirem a continuar trilhando um caminho de uni\u00e3o e progresso, valorizando sempre nossa comunidade e o esp\u00edrito esportivo que nos une.<img loading=\"lazy\" decoding=\"async\" class=\"alignnone size-full wp-image-78653\" src=\"https:\/\/jorgezanoni.com.br\/2019\/wp-content\/uploads\/2023\/07\/adriano1.jpg\" alt=\"\" width=\"1600\" height=\"1102\" srcset=\"https:\/\/jorgezanoni.com.br\/2019\/wp-content\/uploads\/2023\/07\/adriano1.jpg 1600w, https:\/\/jorgezanoni.com.br\/2019\/wp-content\/uploads\/2023\/07\/adriano1-300x207.jpg 300w, https:\/\/jorgezanoni.com.br\/2019\/wp-content\/uploads\/2023\/07\/adriano1-1024x705.jpg 1024w, https:\/\/jorgezanoni.com.br\/2019\/wp-content\/uploads\/2023\/07\/adriano1-768x529.jpg 768w, https:\/\/jorgezanoni.com.br\/2019\/wp-content\/uploads\/2023\/07\/adriano1-1536x1058.jpg 1536w, https:\/\/jorgezanoni.com.br\/2019\/wp-content\/uploads\/2023\/07\/adriano1-100x70.jpg 100w, https:\/\/jorgezanoni.com.br\/2019\/wp-content\/uploads\/2023\/07\/adriano1-218x150.jpg 218w, https:\/\/jorgezanoni.com.br\/2019\/wp-content\/uploads\/2023\/07\/adriano1-696x479.jpg 696w, https:\/\/jorgezanoni.com.br\/2019\/wp-content\/uploads\/2023\/07\/adriano1-1068x736.jpg 1068w, https:\/\/jorgezanoni.com.br\/2019\/wp-content\/uploads\/2023\/07\/adriano1-610x420.jpg 610w\" sizes=\"auto, (max-width: 1600px) 100vw, 1600px\" \/><\/p>\n","protected":false},"excerpt":{"rendered":"<p>Evento aconteceu na \u00faltima ter\u00e7a-feira (25) \u00e0s 19:30 Horas, com torneio de futebol. Com iimensa alegria e gratid\u00e3o para todos n\u00f3s! Estamos celebrando um momento hist\u00f3rico em nosso munic\u00edpio com a t\u00e3o esperada inaugura\u00e7\u00e3o da ilumina\u00e7\u00e3o no Est\u00e1dio Municipal Alberto Sophia. Essa conquista s\u00f3 foi poss\u00edvel gra\u00e7as ao incans\u00e1vel empenho de pessoas incr\u00edveis, e \u00e9 [&hellip;]<\/p>\n","protected":false},"author":1,"featured_media":78652,"comment_status":"closed","ping_status":"open","sticky":false,"template":"","format":"standard","meta":{"footnotes":""},"categories":[179,110,186],"tags":[],"class_list":["post-78651","post","type-post","status-publish","format-standard","has-post-thumbnail","hentry","category-cidadeseregiao","category-noticiasdestaque","category-ouro-verde"],"_links":{"self":[{"href":"https:\/\/jorgezanoni.com.br\/2019\/wp-json\/wp\/v2\/posts\/78651","targetHints":{"allow":["GET"]}}],"collection":[{"href":"https:\/\/jorgezanoni.com.br\/2019\/wp-json\/wp\/v2\/posts"}],"about":[{"href":"https:\/\/jorgezanoni.com.br\/2019\/wp-json\/wp\/v2\/types\/post"}],"author":[{"embeddable":true,"href":"https:\/\/jorgezanoni.com.br\/2019\/wp-json\/wp\/v2\/users\/1"}],"replies":[{"embeddable":true,"href":"https:\/\/jorgezanoni.com.br\/2019\/wp-json\/wp\/v2\/comments?post=78651"}],"version-history":[{"count":1,"href":"https:\/\/jorgezanoni.com.br\/2019\/wp-json\/wp\/v2\/posts\/78651\/revisions"}],"predecessor-version":[{"id":78654,"href":"https:\/\/jorgezanoni.com.br\/2019\/wp-json\/wp\/v2\/posts\/78651\/revisions\/78654"}],"wp:featuredmedia":[{"embeddable":true,"href":"https:\/\/jorgezanoni.com.br\/2019\/wp-json\/wp\/v2\/media\/78652"}],"wp:attachment":[{"href":"https:\/\/jorgezanoni.com.br\/2019\/wp-json\/wp\/v2\/media?parent=78651"}],"wp:term":[{"taxonomy":"category","embeddable":true,"href":"https:\/\/jorgezanoni.com.br\/2019\/wp-json\/wp\/v2\/categories?post=78651"},{"taxonomy":"post_tag","embeddable":true,"href":"https:\/\/jorgezanoni.com.br\/2019\/wp-json\/wp\/v2\/tags?post=78651"}],"curies":[{"name":"wp","href":"https:\/\/api.w.org\/{rel}","templated":true}]}}