{"id":78597,"date":"2023-07-26T22:24:40","date_gmt":"2023-07-26T22:24:40","guid":{"rendered":"https:\/\/jorgezanoni.com.br\/2019\/?p=78597"},"modified":"2023-07-26T22:24:40","modified_gmt":"2023-07-26T22:24:40","slug":"policia-civil-de-junqueiropolis-deflagra-operacao-red-river","status":"publish","type":"post","link":"https:\/\/jorgezanoni.com.br\/2019\/policia-civil-de-junqueiropolis-deflagra-operacao-red-river\/","title":{"rendered":"Pol\u00edcia Civil de Junqueir\u00f3polis deflagra opera\u00e7\u00e3o Red River"},"content":{"rendered":"<p style=\"text-align: justify;\">A Pol\u00edcia Civil de Junqueir\u00f3polis realizou na tarde desta quarta-feira (26) a segunda fase da Opera\u00e7\u00e3o Red River no combate de furtos de defensivos agr\u00edcolas e cabos de transmiss\u00e3o de energia.<\/p>\n<p style=\"text-align: justify;\">A opera\u00e7\u00e3o foi resultado de um trabalho de investiga\u00e7\u00e3o iniciado em abril de 2023, quando se constatou a subtra\u00e7\u00e3o de defensivos agr\u00edcolas e de cerca de 3.450 metros de cabos el\u00e9tricos, de propriedade de uma usina de \u00e1lcool de Junqueir\u00f3polis avaliados em trezentos mil reais.<\/p>\n<p style=\"text-align: justify;\">Durante as investiga\u00e7\u00f5es, os policiais civis identificaram os autores do delito, sendo tr\u00eas homens de 29, 28 e 33 anos. Na data de hoje foram cumpridos 3 mandados de busca e apreens\u00e3o, um em Junqueir\u00f3polis e os outros dois na cidade de Guararapes, onde foram apreendidos objetos utilizados no furto dos cabos relacionados aos crimes, foram ainda apreendidos telefones celulares.<\/p>\n<p style=\"text-align: justify;\">A opera\u00e7\u00e3o policial contou com o apoio operacional da Pol\u00edcia Civil de Guararapes. As investiga\u00e7\u00f5es prosseguem com o objetivo de se verificar poss\u00edveis outras v\u00edtimas, tendo em vista que fatos semelhantes est\u00e3o sendo apurados em Paulic\u00e9ia e em Ara\u00e7atuba. Como n\u00e3o havia situa\u00e7\u00e3o flagrancial, os investigados responder\u00e3o em liberdade pelos crimes de furto qualificado e associa\u00e7\u00e3o criminosa, cujas penas s\u00e3o de 8 e 3 anos de reclus\u00e3o, respectivamente.<\/p>\n<p>Fonte: Com. Social Pol\u00edcia Civil<\/p>\n","protected":false},"excerpt":{"rendered":"<p>A Pol\u00edcia Civil de Junqueir\u00f3polis realizou na tarde desta quarta-feira (26) a segunda fase da Opera\u00e7\u00e3o Red River no combate de furtos de defensivos agr\u00edcolas e cabos de transmiss\u00e3o de energia. A opera\u00e7\u00e3o foi resultado de um trabalho de investiga\u00e7\u00e3o iniciado em abril de 2023, quando se constatou a subtra\u00e7\u00e3o de defensivos agr\u00edcolas e de [&hellip;]<\/p>\n","protected":false},"author":1,"featured_media":78598,"comment_status":"closed","ping_status":"open","sticky":false,"template":"","format":"standard","meta":{"footnotes":""},"categories":[110,2],"tags":[],"class_list":["post-78597","post","type-post","status-publish","format-standard","has-post-thumbnail","hentry","category-noticiasdestaque","category-policial"],"_links":{"self":[{"href":"https:\/\/jorgezanoni.com.br\/2019\/wp-json\/wp\/v2\/posts\/78597","targetHints":{"allow":["GET"]}}],"collection":[{"href":"https:\/\/jorgezanoni.com.br\/2019\/wp-json\/wp\/v2\/posts"}],"about":[{"href":"https:\/\/jorgezanoni.com.br\/2019\/wp-json\/wp\/v2\/types\/post"}],"author":[{"embeddable":true,"href":"https:\/\/jorgezanoni.com.br\/2019\/wp-json\/wp\/v2\/users\/1"}],"replies":[{"embeddable":true,"href":"https:\/\/jorgezanoni.com.br\/2019\/wp-json\/wp\/v2\/comments?post=78597"}],"version-history":[{"count":1,"href":"https:\/\/jorgezanoni.com.br\/2019\/wp-json\/wp\/v2\/posts\/78597\/revisions"}],"predecessor-version":[{"id":78599,"href":"https:\/\/jorgezanoni.com.br\/2019\/wp-json\/wp\/v2\/posts\/78597\/revisions\/78599"}],"wp:featuredmedia":[{"embeddable":true,"href":"https:\/\/jorgezanoni.com.br\/2019\/wp-json\/wp\/v2\/media\/78598"}],"wp:attachment":[{"href":"https:\/\/jorgezanoni.com.br\/2019\/wp-json\/wp\/v2\/media?parent=78597"}],"wp:term":[{"taxonomy":"category","embeddable":true,"href":"https:\/\/jorgezanoni.com.br\/2019\/wp-json\/wp\/v2\/categories?post=78597"},{"taxonomy":"post_tag","embeddable":true,"href":"https:\/\/jorgezanoni.com.br\/2019\/wp-json\/wp\/v2\/tags?post=78597"}],"curies":[{"name":"wp","href":"https:\/\/api.w.org\/{rel}","templated":true}]}}