{"id":78590,"date":"2023-07-26T16:03:38","date_gmt":"2023-07-26T16:03:38","guid":{"rendered":"https:\/\/jorgezanoni.com.br\/2019\/?p=78590"},"modified":"2023-07-26T16:03:38","modified_gmt":"2023-07-26T16:03:38","slug":"alunos-da-unesp-de-dracena-farao-intercambio-no-exterior","status":"publish","type":"post","link":"https:\/\/jorgezanoni.com.br\/2019\/alunos-da-unesp-de-dracena-farao-intercambio-no-exterior\/","title":{"rendered":"Alunos da Unesp de Dracena far\u00e3o interc\u00e2mbio no exterior"},"content":{"rendered":"<p style=\"text-align: justify;\"><strong><em>Interc\u00e2mbios com bolsas ser\u00e3o realizados no segundo semestre.<\/em><\/strong><em>\u00a0<\/em><\/p>\n<p style=\"text-align: justify;\">Dois alunos da Unesp de Dracena receberam excelentes not\u00edcias durante as f\u00e9rias de julho. Silas Eduardo da Silva e Danielle Carla dos Santos foram aprovados em editais da Unesp para interc\u00e2mbio com bolsa durante o segundo semestre de 2023.<\/p>\n<p style=\"text-align: justify;\">Silas far\u00e1 um est\u00e1gio de pesquisa no Instituto Nacional de Pesquisa Agropecu\u00e1ria do Equador para desenvolver um projeto integrante da sua Bolsa de Inicia\u00e7\u00e3o Cient\u00edfica, orientada pela professor Rafael Sim\u00f5es Tomaz, cujo tema a estima\u00e7\u00e3o de par\u00e2metros gen\u00e9ticos e sele\u00e7\u00e3o de gen\u00f3tipos de <em>Bixa orellana<\/em>, visando processo de rustifica\u00e7\u00e3o de mudas seminais em tubete convencional e em ber\u00e7o germinador compost\u00e1vel \u2013 BGC.<\/p>\n<p>Danielle estudar\u00e1 entre agosto e dezembro de 2023 na Universidade de Granada na Espanha. Seu plano de atividades contempla temas como Avalia\u00e7\u00e3o de Impacto Ambiental, An\u00e1lise Integrada de Meio Ambiente, Gest\u00e3o Ambiental de Empresas e Ecoefici\u00eancia. A aluna participar\u00e1 do Curso de Gradua\u00e7\u00e3o em Ci\u00eancias Ambientais na universidade de destino.<\/p>\n<p>O Comit\u00ea Local de Internacionaliza\u00e7\u00e3o da FCAT &#8211; C\u00e2mpus de Dracena conversou com os acad\u00eamicos sobre as suas expectativas. Silas \u00e9 ex-aluno da Escola Estadual Maria Magdalena de Oliveira Dona Cota, em Tarum\u00e3\/SP: \u201cv\u00e1rios motivos levaram a me candidatar ao interc\u00e2mbio,\u00a0 mas principalmente por se tratar de uma oportunidade sem igual, uma vez que a realiza\u00e7\u00e3o de um est\u00e1gio no exterior proporciona experi\u00eancias que agregam tanto de forma profissional como tamb\u00e9m pessoal. Meu conselho para quem pretende fazer interc\u00e2mbio \u00e9 tentar, pois a universidade proporciona v\u00e1rias oportunidades, com foco e dedica\u00e7\u00e3o acredito que seja poss\u00edvel alcan\u00e7ar\u201d.<\/p>\n<p>Danielle \u00e9 dracenense e estudou nas escolas estaduais Julieta Guedes de Mendon\u00e7a e 9 de Julho. Para ela, \u201cviajar para outro pa\u00eds \u00e9 o sonho de muitos, mas privil\u00e9gio de poucos, pois uma experi\u00eancia como essa n\u00e3o \u00e9 acess\u00edvel. Assim, sempre vi na universidade a possibilidade de realizar esse sonho, principalmente atrav\u00e9s de editais que concedem bolsa de estudos, fazendo com que alunos e alunas como eu, que se enquadram nos quesitos de vulnerabilidade econ\u00f4mica, possam ter essa experi\u00eancia. Meus conselhos para alunos que tamb\u00e9m possuem esse sonho \u00e9: acreditem que \u00e9 poss\u00edvel, esse \u00e9 o primeiro passo, mas claro que, para al\u00e9m disso, tamb\u00e9m \u00e9 necess\u00e1rio muita dedica\u00e7\u00e3o aos estudos, pois o desempenho acad\u00eamico \u00e9 determinante para o sucesso nos editais e, tamb\u00e9m, estar sempre atento aos editais que a universidade proporciona, pois nem todos sabem da exist\u00eancia deles. Na Espanha, eu espero enriquecer meus conhecimentos acad\u00eamicos, profissionais e pessoais, fazer amigos, aumentar a rede de contatos profissionais e conhecer o m\u00e1ximo de lugares poss\u00edveis, voltando mais preparada para desafios futuros. Com certeza ser\u00e1 uma experi\u00eancia crucial em minha vida. \u00c9 um momento de muita novidade, muita mudan\u00e7a e bastante coisa pra lidar, ent\u00e3o a ansiedade bate forte, para amenizar esse sentimento busco pensar que se fui aprovada no edital \u00e9 porque tenho capacidade de enfrentar os desafios que uma mudan\u00e7a de pa\u00eds, l\u00edngua e cultura podem trazer, focar nos objetivos, na oportunidade \u00fanica e nos bons frutos que ser\u00e3o colhidos dessa experi\u00eancia tamb\u00e9m ajudam\u201d.<\/p>\n<p style=\"text-align: justify;\"><strong>Estude na Unesp de Dracena.<\/strong><\/p>\n<p style=\"text-align: justify;\">Universidade p\u00fablica e gratuita com diversas possibilidades de bolsas de estudos de pesquisa, extens\u00e3o e perman\u00eancia estudantil, est\u00e1gios e Interc\u00e2mbio, a Unesp abre a inscri\u00e7\u00e3o do seu vestibular de 04 de setembro a 09 de outubro, atrav\u00e9s do site <a href=\"http:\/\/www.vunesp.com.br\">www.vunesp.com.br<\/a>. Em Dracena, a Unesp oferece os Cursos de Gradua\u00e7\u00e3o em Zootecnia e Engenharia Agron\u00f4ma.<\/p>\n<p>Fonte: Renan Buchini &#8211; Comit\u00ea Local de Internacionaliza\u00e7\u00e3o<\/p>\n","protected":false},"excerpt":{"rendered":"<p>Interc\u00e2mbios com bolsas ser\u00e3o realizados no segundo semestre.\u00a0 Dois alunos da Unesp de Dracena receberam excelentes not\u00edcias durante as f\u00e9rias de julho. Silas Eduardo da Silva e Danielle Carla dos Santos foram aprovados em editais da Unesp para interc\u00e2mbio com bolsa durante o segundo semestre de 2023. Silas far\u00e1 um est\u00e1gio de pesquisa no Instituto [&hellip;]<\/p>\n","protected":false},"author":1,"featured_media":78591,"comment_status":"closed","ping_status":"open","sticky":false,"template":"","format":"standard","meta":{"footnotes":""},"categories":[110,122],"tags":[],"class_list":["post-78590","post","type-post","status-publish","format-standard","has-post-thumbnail","hentry","category-noticiasdestaque","category-saudeeducacaoeconcurso"],"_links":{"self":[{"href":"https:\/\/jorgezanoni.com.br\/2019\/wp-json\/wp\/v2\/posts\/78590","targetHints":{"allow":["GET"]}}],"collection":[{"href":"https:\/\/jorgezanoni.com.br\/2019\/wp-json\/wp\/v2\/posts"}],"about":[{"href":"https:\/\/jorgezanoni.com.br\/2019\/wp-json\/wp\/v2\/types\/post"}],"author":[{"embeddable":true,"href":"https:\/\/jorgezanoni.com.br\/2019\/wp-json\/wp\/v2\/users\/1"}],"replies":[{"embeddable":true,"href":"https:\/\/jorgezanoni.com.br\/2019\/wp-json\/wp\/v2\/comments?post=78590"}],"version-history":[{"count":1,"href":"https:\/\/jorgezanoni.com.br\/2019\/wp-json\/wp\/v2\/posts\/78590\/revisions"}],"predecessor-version":[{"id":78592,"href":"https:\/\/jorgezanoni.com.br\/2019\/wp-json\/wp\/v2\/posts\/78590\/revisions\/78592"}],"wp:featuredmedia":[{"embeddable":true,"href":"https:\/\/jorgezanoni.com.br\/2019\/wp-json\/wp\/v2\/media\/78591"}],"wp:attachment":[{"href":"https:\/\/jorgezanoni.com.br\/2019\/wp-json\/wp\/v2\/media?parent=78590"}],"wp:term":[{"taxonomy":"category","embeddable":true,"href":"https:\/\/jorgezanoni.com.br\/2019\/wp-json\/wp\/v2\/categories?post=78590"},{"taxonomy":"post_tag","embeddable":true,"href":"https:\/\/jorgezanoni.com.br\/2019\/wp-json\/wp\/v2\/tags?post=78590"}],"curies":[{"name":"wp","href":"https:\/\/api.w.org\/{rel}","templated":true}]}}