{"id":78583,"date":"2023-07-26T11:56:54","date_gmt":"2023-07-26T11:56:54","guid":{"rendered":"https:\/\/jorgezanoni.com.br\/2019\/?p=78583"},"modified":"2023-07-26T11:56:54","modified_gmt":"2023-07-26T11:56:54","slug":"agente-penitenciario-morre-em-acidente-na-sp-294","status":"publish","type":"post","link":"https:\/\/jorgezanoni.com.br\/2019\/agente-penitenciario-morre-em-acidente-na-sp-294\/","title":{"rendered":"Agente penitenci\u00e1rio morre em acidente na SP-294"},"content":{"rendered":"<p style=\"text-align: justify;\">Um agente penitenci\u00e1rio morreu em um acidente de tr\u00e2nsito na manh\u00e3 de hoje (26), no trevo de acesso da SP-294 ao Cemit\u00e9rio Municipal de Pacaembu, local em que est\u00e1 sendo usado como desvio para a liga\u00e7\u00e3o \u00e0s unidades prisionais e ao munic\u00edpio vizinho de Mirand\u00f3polis h\u00e1 quase cinco meses.<\/p>\n<p style=\"text-align: justify;\"><img loading=\"lazy\" decoding=\"async\" class=\"aligncenter wp-image-71809 size-full jetpack-lazy-image jetpack-lazy-image--handled\" src=\"https:\/\/i0.wp.com\/folharegionalnet.com.br\/wp-content\/uploads\/2023\/07\/moto-003.jpg?resize=740%2C416&amp;ssl=1\" sizes=\"auto, (max-width: 740px) 100vw, 740px\" srcset=\"https:\/\/i0.wp.com\/folharegionalnet.com.br\/wp-content\/uploads\/2023\/07\/moto-003.jpg?w=800&amp;ssl=1 800w, https:\/\/i0.wp.com\/folharegionalnet.com.br\/wp-content\/uploads\/2023\/07\/moto-003.jpg?resize=300%2C169&amp;ssl=1 300w, https:\/\/i0.wp.com\/folharegionalnet.com.br\/wp-content\/uploads\/2023\/07\/moto-003.jpg?resize=768%2C432&amp;ssl=1 768w, https:\/\/i0.wp.com\/folharegionalnet.com.br\/wp-content\/uploads\/2023\/07\/moto-003.jpg?resize=150%2C84&amp;ssl=1 150w\" alt=\"\" width=\"740\" height=\"416\" data-attachment-id=\"71809\" data-permalink=\"https:\/\/folharegionalnet.com.br\/2023\/07\/26\/agente-penitenciario-morre-em-acidente-na-sp-294\/moto-003\/\" data-orig-file=\"https:\/\/i0.wp.com\/folharegionalnet.com.br\/wp-content\/uploads\/2023\/07\/moto-003.jpg?fit=800%2C450&amp;ssl=1\" data-orig-size=\"800,450\" data-comments-opened=\"0\" data-image-meta=\"{&quot;aperture&quot;:&quot;0&quot;,&quot;credit&quot;:&quot;&quot;,&quot;camera&quot;:&quot;&quot;,&quot;caption&quot;:&quot;&quot;,&quot;created_timestamp&quot;:&quot;0&quot;,&quot;copyright&quot;:&quot;&quot;,&quot;focal_length&quot;:&quot;0&quot;,&quot;iso&quot;:&quot;0&quot;,&quot;shutter_speed&quot;:&quot;0&quot;,&quot;title&quot;:&quot;&quot;,&quot;orientation&quot;:&quot;1&quot;}\" data-image-title=\"moto-003\" data-image-description=\"\" data-image-caption=\"\" data-medium-file=\"https:\/\/i0.wp.com\/folharegionalnet.com.br\/wp-content\/uploads\/2023\/07\/moto-003.jpg?fit=300%2C169&amp;ssl=1\" data-large-file=\"https:\/\/i0.wp.com\/folharegionalnet.com.br\/wp-content\/uploads\/2023\/07\/moto-003.jpg?fit=740%2C416&amp;ssl=1\" data-recalc-dims=\"1\" data-lazy-loaded=\"1\" \/><\/p>\n<p style=\"text-align: justify;\">Segundo as primeiras informa\u00e7\u00f5es apuradas pelo jornalismo Folha Regional, o acidente envolveu uma moto e um caminh\u00e3o.<\/p>\n<p style=\"text-align: justify;\"><img loading=\"lazy\" decoding=\"async\" class=\"aligncenter wp-image-71805 size-full jetpack-lazy-image jetpack-lazy-image--handled\" src=\"https:\/\/i0.wp.com\/folharegionalnet.com.br\/wp-content\/uploads\/2023\/07\/moto-002.jpg?resize=740%2C416&amp;ssl=1\" sizes=\"auto, (max-width: 740px) 100vw, 740px\" srcset=\"https:\/\/i0.wp.com\/folharegionalnet.com.br\/wp-content\/uploads\/2023\/07\/moto-002.jpg?w=800&amp;ssl=1 800w, https:\/\/i0.wp.com\/folharegionalnet.com.br\/wp-content\/uploads\/2023\/07\/moto-002.jpg?resize=300%2C169&amp;ssl=1 300w, https:\/\/i0.wp.com\/folharegionalnet.com.br\/wp-content\/uploads\/2023\/07\/moto-002.jpg?resize=768%2C432&amp;ssl=1 768w, https:\/\/i0.wp.com\/folharegionalnet.com.br\/wp-content\/uploads\/2023\/07\/moto-002.jpg?resize=150%2C84&amp;ssl=1 150w\" alt=\"\" width=\"740\" height=\"416\" data-attachment-id=\"71805\" data-permalink=\"https:\/\/folharegionalnet.com.br\/2023\/07\/26\/agente-penitenciario-morre-em-acidente-na-sp-294\/moto-002\/\" data-orig-file=\"https:\/\/i0.wp.com\/folharegionalnet.com.br\/wp-content\/uploads\/2023\/07\/moto-002.jpg?fit=800%2C450&amp;ssl=1\" data-orig-size=\"800,450\" data-comments-opened=\"0\" data-image-meta=\"{&quot;aperture&quot;:&quot;0&quot;,&quot;credit&quot;:&quot;&quot;,&quot;camera&quot;:&quot;&quot;,&quot;caption&quot;:&quot;&quot;,&quot;created_timestamp&quot;:&quot;0&quot;,&quot;copyright&quot;:&quot;&quot;,&quot;focal_length&quot;:&quot;0&quot;,&quot;iso&quot;:&quot;0&quot;,&quot;shutter_speed&quot;:&quot;0&quot;,&quot;title&quot;:&quot;&quot;,&quot;orientation&quot;:&quot;1&quot;}\" data-image-title=\"moto-002\" data-image-description=\"\" data-image-caption=\"\" data-medium-file=\"https:\/\/i0.wp.com\/folharegionalnet.com.br\/wp-content\/uploads\/2023\/07\/moto-002.jpg?fit=300%2C169&amp;ssl=1\" data-large-file=\"https:\/\/i0.wp.com\/folharegionalnet.com.br\/wp-content\/uploads\/2023\/07\/moto-002.jpg?fit=740%2C416&amp;ssl=1\" data-recalc-dims=\"1\" data-lazy-loaded=\"1\" \/><br \/>\nO agente estava na motocicleta e trabalhava como agente de escolta e vigil\u00e2ncia penitenci\u00e1ria \u2013 \u201cAEVP\u201d, no Centro de Deten\u00e7\u00e3o Provis\u00f3ria de Pacaembu e era morador de Tup\u00e3.<\/p>\n<p style=\"text-align: justify;\">Trata-se de Osmar Andrella Barbo, ex-funcion\u00e1rio da Prefeitura de Tup\u00e3, muito querido na cidade e entre os amigos. Deixa a esposa e tr\u00eas filhos.<\/p>\n<p style=\"text-align: justify;\"><img loading=\"lazy\" decoding=\"async\" class=\"aligncenter wp-image-71806 size-large jetpack-lazy-image jetpack-lazy-image--handled\" src=\"https:\/\/i0.wp.com\/folharegionalnet.com.br\/wp-content\/uploads\/2023\/07\/WhatsApp-Image-2023-07-26-at-08.34.53.jpeg?resize=740%2C920&amp;ssl=1\" sizes=\"auto, (max-width: 740px) 100vw, 740px\" srcset=\"https:\/\/i0.wp.com\/folharegionalnet.com.br\/wp-content\/uploads\/2023\/07\/WhatsApp-Image-2023-07-26-at-08.34.53.jpeg?resize=824%2C1024&amp;ssl=1 824w, https:\/\/i0.wp.com\/folharegionalnet.com.br\/wp-content\/uploads\/2023\/07\/WhatsApp-Image-2023-07-26-at-08.34.53.jpeg?resize=241%2C300&amp;ssl=1 241w, https:\/\/i0.wp.com\/folharegionalnet.com.br\/wp-content\/uploads\/2023\/07\/WhatsApp-Image-2023-07-26-at-08.34.53.jpeg?resize=768%2C954&amp;ssl=1 768w, https:\/\/i0.wp.com\/folharegionalnet.com.br\/wp-content\/uploads\/2023\/07\/WhatsApp-Image-2023-07-26-at-08.34.53.jpeg?resize=150%2C186&amp;ssl=1 150w, https:\/\/i0.wp.com\/folharegionalnet.com.br\/wp-content\/uploads\/2023\/07\/WhatsApp-Image-2023-07-26-at-08.34.53.jpeg?w=1030&amp;ssl=1 1030w\" alt=\"\" width=\"740\" height=\"920\" data-attachment-id=\"71806\" data-permalink=\"https:\/\/folharegionalnet.com.br\/2023\/07\/26\/agente-penitenciario-morre-em-acidente-na-sp-294\/whatsapp-image-2023-07-26-at-08-34-53\/\" data-orig-file=\"https:\/\/i0.wp.com\/folharegionalnet.com.br\/wp-content\/uploads\/2023\/07\/WhatsApp-Image-2023-07-26-at-08.34.53.jpeg?fit=1030%2C1280&amp;ssl=1\" data-orig-size=\"1030,1280\" data-comments-opened=\"0\" data-image-meta=\"{&quot;aperture&quot;:&quot;0&quot;,&quot;credit&quot;:&quot;&quot;,&quot;camera&quot;:&quot;&quot;,&quot;caption&quot;:&quot;&quot;,&quot;created_timestamp&quot;:&quot;0&quot;,&quot;copyright&quot;:&quot;&quot;,&quot;focal_length&quot;:&quot;0&quot;,&quot;iso&quot;:&quot;0&quot;,&quot;shutter_speed&quot;:&quot;0&quot;,&quot;title&quot;:&quot;&quot;,&quot;orientation&quot;:&quot;0&quot;}\" data-image-title=\"WhatsApp Image 2023-07-26 at 08.34.53\" data-image-description=\"\" data-image-caption=\"\" data-medium-file=\"https:\/\/i0.wp.com\/folharegionalnet.com.br\/wp-content\/uploads\/2023\/07\/WhatsApp-Image-2023-07-26-at-08.34.53.jpeg?fit=241%2C300&amp;ssl=1\" data-large-file=\"https:\/\/i0.wp.com\/folharegionalnet.com.br\/wp-content\/uploads\/2023\/07\/WhatsApp-Image-2023-07-26-at-08.34.53.jpeg?fit=740%2C920&amp;ssl=1\" data-recalc-dims=\"1\" data-lazy-loaded=\"1\" \/><br \/>\nAs equipes de socorro foram acionadas, mas ao chegarem no local, infelizmente se depararam com a v\u00edtima em \u00f3bito.<\/p>\n<p style=\"text-align: justify;\"><img loading=\"lazy\" decoding=\"async\" class=\"aligncenter wp-image-71807 jetpack-lazy-image jetpack-lazy-image--handled\" src=\"https:\/\/i0.wp.com\/folharegionalnet.com.br\/wp-content\/uploads\/2023\/07\/moto-002-1.jpg?resize=740%2C416&amp;ssl=1\" sizes=\"auto, (max-width: 740px) 100vw, 740px\" srcset=\"https:\/\/i0.wp.com\/folharegionalnet.com.br\/wp-content\/uploads\/2023\/07\/moto-002-1.jpg?w=800&amp;ssl=1 800w, https:\/\/i0.wp.com\/folharegionalnet.com.br\/wp-content\/uploads\/2023\/07\/moto-002-1.jpg?resize=300%2C169&amp;ssl=1 300w, https:\/\/i0.wp.com\/folharegionalnet.com.br\/wp-content\/uploads\/2023\/07\/moto-002-1.jpg?resize=768%2C432&amp;ssl=1 768w, https:\/\/i0.wp.com\/folharegionalnet.com.br\/wp-content\/uploads\/2023\/07\/moto-002-1.jpg?resize=150%2C84&amp;ssl=1 150w\" alt=\"\" width=\"740\" height=\"416\" data-attachment-id=\"71807\" data-permalink=\"https:\/\/folharegionalnet.com.br\/2023\/07\/26\/agente-penitenciario-morre-em-acidente-na-sp-294\/moto-002-2\/\" data-orig-file=\"https:\/\/i0.wp.com\/folharegionalnet.com.br\/wp-content\/uploads\/2023\/07\/moto-002-1.jpg?fit=800%2C450&amp;ssl=1\" data-orig-size=\"800,450\" data-comments-opened=\"0\" data-image-meta=\"{&quot;aperture&quot;:&quot;0&quot;,&quot;credit&quot;:&quot;&quot;,&quot;camera&quot;:&quot;&quot;,&quot;caption&quot;:&quot;&quot;,&quot;created_timestamp&quot;:&quot;0&quot;,&quot;copyright&quot;:&quot;&quot;,&quot;focal_length&quot;:&quot;0&quot;,&quot;iso&quot;:&quot;0&quot;,&quot;shutter_speed&quot;:&quot;0&quot;,&quot;title&quot;:&quot;&quot;,&quot;orientation&quot;:&quot;1&quot;}\" data-image-title=\"moto-002\" data-image-description=\"\" data-image-caption=\"\" data-medium-file=\"https:\/\/i0.wp.com\/folharegionalnet.com.br\/wp-content\/uploads\/2023\/07\/moto-002-1.jpg?fit=300%2C169&amp;ssl=1\" data-large-file=\"https:\/\/i0.wp.com\/folharegionalnet.com.br\/wp-content\/uploads\/2023\/07\/moto-002-1.jpg?fit=740%2C416&amp;ssl=1\" data-recalc-dims=\"1\" data-lazy-loaded=\"1\" \/><\/p>\n<p style=\"text-align: justify;\">A Pol\u00edcia Militar Rodovi\u00e1ria atua nesta ocorr\u00eancia. Um laudo da Pol\u00edcia Cient\u00edfica dever\u00e1 apontar as causas do acidente.<\/p>\n<p style=\"text-align: justify;\"><img loading=\"lazy\" decoding=\"async\" class=\"wp-image-71808 size-full jetpack-lazy-image jetpack-lazy-image--handled\" src=\"https:\/\/i0.wp.com\/folharegionalnet.com.br\/wp-content\/uploads\/2023\/07\/moto-001.jpg?resize=740%2C416&amp;ssl=1\" sizes=\"auto, (max-width: 740px) 100vw, 740px\" srcset=\"https:\/\/i0.wp.com\/folharegionalnet.com.br\/wp-content\/uploads\/2023\/07\/moto-001.jpg?w=800&amp;ssl=1 800w, https:\/\/i0.wp.com\/folharegionalnet.com.br\/wp-content\/uploads\/2023\/07\/moto-001.jpg?resize=300%2C169&amp;ssl=1 300w, https:\/\/i0.wp.com\/folharegionalnet.com.br\/wp-content\/uploads\/2023\/07\/moto-001.jpg?resize=768%2C432&amp;ssl=1 768w, https:\/\/i0.wp.com\/folharegionalnet.com.br\/wp-content\/uploads\/2023\/07\/moto-001.jpg?resize=150%2C84&amp;ssl=1 150w\" alt=\"\" width=\"740\" height=\"416\" data-attachment-id=\"71808\" data-permalink=\"https:\/\/folharegionalnet.com.br\/2023\/07\/26\/agente-penitenciario-morre-em-acidente-na-sp-294\/moto-001\/\" data-orig-file=\"https:\/\/i0.wp.com\/folharegionalnet.com.br\/wp-content\/uploads\/2023\/07\/moto-001.jpg?fit=800%2C450&amp;ssl=1\" data-orig-size=\"800,450\" data-comments-opened=\"0\" data-image-meta=\"{&quot;aperture&quot;:&quot;0&quot;,&quot;credit&quot;:&quot;&quot;,&quot;camera&quot;:&quot;&quot;,&quot;caption&quot;:&quot;&quot;,&quot;created_timestamp&quot;:&quot;0&quot;,&quot;copyright&quot;:&quot;&quot;,&quot;focal_length&quot;:&quot;0&quot;,&quot;iso&quot;:&quot;0&quot;,&quot;shutter_speed&quot;:&quot;0&quot;,&quot;title&quot;:&quot;&quot;,&quot;orientation&quot;:&quot;1&quot;}\" data-image-title=\"moto-001\" data-image-description=\"\" data-image-caption=\"\" data-medium-file=\"https:\/\/i0.wp.com\/folharegionalnet.com.br\/wp-content\/uploads\/2023\/07\/moto-001.jpg?fit=300%2C169&amp;ssl=1\" data-large-file=\"https:\/\/i0.wp.com\/folharegionalnet.com.br\/wp-content\/uploads\/2023\/07\/moto-001.jpg?fit=740%2C416&amp;ssl=1\" data-recalc-dims=\"1\" data-lazy-loaded=\"1\" \/>Fonte: Folha Regional<\/p>\n<p>Fotos: Diego<\/p>\n","protected":false},"excerpt":{"rendered":"<p>Um agente penitenci\u00e1rio morreu em um acidente de tr\u00e2nsito na manh\u00e3 de hoje (26), no trevo de acesso da SP-294 ao Cemit\u00e9rio Municipal de Pacaembu, local em que est\u00e1 sendo usado como desvio para a liga\u00e7\u00e3o \u00e0s unidades prisionais e ao munic\u00edpio vizinho de Mirand\u00f3polis h\u00e1 quase cinco meses. Segundo as primeiras informa\u00e7\u00f5es apuradas pelo [&hellip;]<\/p>\n","protected":false},"author":1,"featured_media":78584,"comment_status":"closed","ping_status":"open","sticky":false,"template":"","format":"standard","meta":{"footnotes":""},"categories":[170,110],"tags":[],"class_list":["post-78583","post","type-post","status-publish","format-standard","has-post-thumbnail","hentry","category-acidentes","category-noticiasdestaque"],"_links":{"self":[{"href":"https:\/\/jorgezanoni.com.br\/2019\/wp-json\/wp\/v2\/posts\/78583","targetHints":{"allow":["GET"]}}],"collection":[{"href":"https:\/\/jorgezanoni.com.br\/2019\/wp-json\/wp\/v2\/posts"}],"about":[{"href":"https:\/\/jorgezanoni.com.br\/2019\/wp-json\/wp\/v2\/types\/post"}],"author":[{"embeddable":true,"href":"https:\/\/jorgezanoni.com.br\/2019\/wp-json\/wp\/v2\/users\/1"}],"replies":[{"embeddable":true,"href":"https:\/\/jorgezanoni.com.br\/2019\/wp-json\/wp\/v2\/comments?post=78583"}],"version-history":[{"count":1,"href":"https:\/\/jorgezanoni.com.br\/2019\/wp-json\/wp\/v2\/posts\/78583\/revisions"}],"predecessor-version":[{"id":78585,"href":"https:\/\/jorgezanoni.com.br\/2019\/wp-json\/wp\/v2\/posts\/78583\/revisions\/78585"}],"wp:featuredmedia":[{"embeddable":true,"href":"https:\/\/jorgezanoni.com.br\/2019\/wp-json\/wp\/v2\/media\/78584"}],"wp:attachment":[{"href":"https:\/\/jorgezanoni.com.br\/2019\/wp-json\/wp\/v2\/media?parent=78583"}],"wp:term":[{"taxonomy":"category","embeddable":true,"href":"https:\/\/jorgezanoni.com.br\/2019\/wp-json\/wp\/v2\/categories?post=78583"},{"taxonomy":"post_tag","embeddable":true,"href":"https:\/\/jorgezanoni.com.br\/2019\/wp-json\/wp\/v2\/tags?post=78583"}],"curies":[{"name":"wp","href":"https:\/\/api.w.org\/{rel}","templated":true}]}}