{"id":78560,"date":"2023-07-25T18:07:07","date_gmt":"2023-07-25T18:07:07","guid":{"rendered":"https:\/\/jorgezanoni.com.br\/2019\/?p=78560"},"modified":"2023-07-25T18:07:07","modified_gmt":"2023-07-25T18:07:07","slug":"policiamento-intensificado-garante-a-seguranca-e-tranquilidade-da-fapidra-2023-em-dracena","status":"publish","type":"post","link":"https:\/\/jorgezanoni.com.br\/2019\/policiamento-intensificado-garante-a-seguranca-e-tranquilidade-da-fapidra-2023-em-dracena\/","title":{"rendered":"Policiamento intensificado garante a seguran\u00e7a e tranquilidade da Fapidra 2023 em Dracena"},"content":{"rendered":"<p style=\"text-align: justify;\">A Pol\u00edcia Militar atuou com policiamento intensificado durante os dias 05 dias na Feira Agropecu\u00e1ria de Dracena no Recinto \u201cDr. Aldo Leopoldo Rosseto\u201d, tendo a participa\u00e7\u00e3o das equipes da Pol\u00edcia Militar do Programa de Radiopatrulha, de For\u00e7a T\u00e1tica e tamb\u00e9m do Policiamento Rodovi\u00e1rio.<br \/>\nDurante os dias de evento n\u00e3o houve registro de ocorr\u00eancias no local, nem furto ou roubo de ve\u00edculos nas imedia\u00e7\u00f5es.<br \/>\nA seguran\u00e7a dos participantes da festa foi garantida com patrulhamento intensificada nas imedia\u00e7\u00f5es com equipes policiais e em frente ao recinto de exposi\u00e7\u00e3o.<br \/>\nTamb\u00e9m houve intenso trabalho de fiscaliza\u00e7\u00f5es, com a realiza\u00e7\u00e3o de pontos de bloqueios, nos pontos de entrada e sa\u00edda do munic\u00edpio para al\u00e9m de coibir il\u00edcitos penais tamb\u00e9m fiscalizar ingest\u00e3o de bebidas alc\u00f3olica a fim de garantir a seguran\u00e7a tanto na entrada quanto no retorno aos seus lares.<\/p>\n<p><img loading=\"lazy\" decoding=\"async\" class=\"alignnone size-full wp-image-78561\" src=\"https:\/\/jorgezanoni.com.br\/2019\/wp-content\/uploads\/2023\/07\/pm-Pequeno.jpg\" alt=\"\" width=\"640\" height=\"480\" srcset=\"https:\/\/jorgezanoni.com.br\/2019\/wp-content\/uploads\/2023\/07\/pm-Pequeno.jpg 640w, https:\/\/jorgezanoni.com.br\/2019\/wp-content\/uploads\/2023\/07\/pm-Pequeno-300x225.jpg 300w, https:\/\/jorgezanoni.com.br\/2019\/wp-content\/uploads\/2023\/07\/pm-Pequeno-80x60.jpg 80w, https:\/\/jorgezanoni.com.br\/2019\/wp-content\/uploads\/2023\/07\/pm-Pequeno-265x198.jpg 265w, https:\/\/jorgezanoni.com.br\/2019\/wp-content\/uploads\/2023\/07\/pm-Pequeno-560x420.jpg 560w\" sizes=\"auto, (max-width: 640px) 100vw, 640px\" \/> <img loading=\"lazy\" decoding=\"async\" class=\"alignnone size-full wp-image-78562\" src=\"https:\/\/jorgezanoni.com.br\/2019\/wp-content\/uploads\/2023\/07\/pm1-Pequeno.jpg\" alt=\"\" width=\"480\" height=\"640\" srcset=\"https:\/\/jorgezanoni.com.br\/2019\/wp-content\/uploads\/2023\/07\/pm1-Pequeno.jpg 480w, https:\/\/jorgezanoni.com.br\/2019\/wp-content\/uploads\/2023\/07\/pm1-Pequeno-225x300.jpg 225w, https:\/\/jorgezanoni.com.br\/2019\/wp-content\/uploads\/2023\/07\/pm1-Pequeno-315x420.jpg 315w\" sizes=\"auto, (max-width: 480px) 100vw, 480px\" \/> <img loading=\"lazy\" decoding=\"async\" class=\"alignnone size-full wp-image-78564\" src=\"https:\/\/jorgezanoni.com.br\/2019\/wp-content\/uploads\/2023\/07\/pm3-Pequeno.jpg\" alt=\"\" width=\"640\" height=\"480\" srcset=\"https:\/\/jorgezanoni.com.br\/2019\/wp-content\/uploads\/2023\/07\/pm3-Pequeno.jpg 640w, https:\/\/jorgezanoni.com.br\/2019\/wp-content\/uploads\/2023\/07\/pm3-Pequeno-300x225.jpg 300w, https:\/\/jorgezanoni.com.br\/2019\/wp-content\/uploads\/2023\/07\/pm3-Pequeno-80x60.jpg 80w, https:\/\/jorgezanoni.com.br\/2019\/wp-content\/uploads\/2023\/07\/pm3-Pequeno-265x198.jpg 265w, https:\/\/jorgezanoni.com.br\/2019\/wp-content\/uploads\/2023\/07\/pm3-Pequeno-560x420.jpg 560w\" sizes=\"auto, (max-width: 640px) 100vw, 640px\" \/> <img loading=\"lazy\" decoding=\"async\" class=\"alignnone size-full wp-image-78565\" src=\"https:\/\/jorgezanoni.com.br\/2019\/wp-content\/uploads\/2023\/07\/pm4-Pequeno.jpg\" alt=\"\" width=\"854\" height=\"384\" srcset=\"https:\/\/jorgezanoni.com.br\/2019\/wp-content\/uploads\/2023\/07\/pm4-Pequeno.jpg 854w, https:\/\/jorgezanoni.com.br\/2019\/wp-content\/uploads\/2023\/07\/pm4-Pequeno-300x135.jpg 300w, https:\/\/jorgezanoni.com.br\/2019\/wp-content\/uploads\/2023\/07\/pm4-Pequeno-768x345.jpg 768w, https:\/\/jorgezanoni.com.br\/2019\/wp-content\/uploads\/2023\/07\/pm4-Pequeno-696x313.jpg 696w\" sizes=\"auto, (max-width: 854px) 100vw, 854px\" \/> <img loading=\"lazy\" decoding=\"async\" class=\"alignnone size-full wp-image-78566\" src=\"https:\/\/jorgezanoni.com.br\/2019\/wp-content\/uploads\/2023\/07\/pm5-Pequeno.jpg\" alt=\"\" width=\"480\" height=\"640\" srcset=\"https:\/\/jorgezanoni.com.br\/2019\/wp-content\/uploads\/2023\/07\/pm5-Pequeno.jpg 480w, https:\/\/jorgezanoni.com.br\/2019\/wp-content\/uploads\/2023\/07\/pm5-Pequeno-225x300.jpg 225w, https:\/\/jorgezanoni.com.br\/2019\/wp-content\/uploads\/2023\/07\/pm5-Pequeno-315x420.jpg 315w\" sizes=\"auto, (max-width: 480px) 100vw, 480px\" \/> <img loading=\"lazy\" decoding=\"async\" class=\"alignnone size-full wp-image-78567\" src=\"https:\/\/jorgezanoni.com.br\/2019\/wp-content\/uploads\/2023\/07\/pm6-Pequeno.jpg\" alt=\"\" width=\"480\" height=\"640\" srcset=\"https:\/\/jorgezanoni.com.br\/2019\/wp-content\/uploads\/2023\/07\/pm6-Pequeno.jpg 480w, https:\/\/jorgezanoni.com.br\/2019\/wp-content\/uploads\/2023\/07\/pm6-Pequeno-225x300.jpg 225w, https:\/\/jorgezanoni.com.br\/2019\/wp-content\/uploads\/2023\/07\/pm6-Pequeno-315x420.jpg 315w\" sizes=\"auto, (max-width: 480px) 100vw, 480px\" \/><\/p>\n<p>#25BPMI<br \/>\n#CPI8<br \/>\n#POLICIAMILITARSP<br \/>\n#AFOR\u00c7APUBLICADES\u00c3OPAULO<\/p>\n","protected":false},"excerpt":{"rendered":"<p>A Pol\u00edcia Militar atuou com policiamento intensificado durante os dias 05 dias na Feira Agropecu\u00e1ria de Dracena no Recinto \u201cDr. Aldo Leopoldo Rosseto\u201d, tendo a participa\u00e7\u00e3o das equipes da Pol\u00edcia Militar do Programa de Radiopatrulha, de For\u00e7a T\u00e1tica e tamb\u00e9m do Policiamento Rodovi\u00e1rio. Durante os dias de evento n\u00e3o houve registro de ocorr\u00eancias no local, [&hellip;]<\/p>\n","protected":false},"author":1,"featured_media":78563,"comment_status":"closed","ping_status":"open","sticky":false,"template":"","format":"standard","meta":{"footnotes":""},"categories":[110,2],"tags":[],"class_list":["post-78560","post","type-post","status-publish","format-standard","has-post-thumbnail","hentry","category-noticiasdestaque","category-policial"],"_links":{"self":[{"href":"https:\/\/jorgezanoni.com.br\/2019\/wp-json\/wp\/v2\/posts\/78560","targetHints":{"allow":["GET"]}}],"collection":[{"href":"https:\/\/jorgezanoni.com.br\/2019\/wp-json\/wp\/v2\/posts"}],"about":[{"href":"https:\/\/jorgezanoni.com.br\/2019\/wp-json\/wp\/v2\/types\/post"}],"author":[{"embeddable":true,"href":"https:\/\/jorgezanoni.com.br\/2019\/wp-json\/wp\/v2\/users\/1"}],"replies":[{"embeddable":true,"href":"https:\/\/jorgezanoni.com.br\/2019\/wp-json\/wp\/v2\/comments?post=78560"}],"version-history":[{"count":1,"href":"https:\/\/jorgezanoni.com.br\/2019\/wp-json\/wp\/v2\/posts\/78560\/revisions"}],"predecessor-version":[{"id":78568,"href":"https:\/\/jorgezanoni.com.br\/2019\/wp-json\/wp\/v2\/posts\/78560\/revisions\/78568"}],"wp:featuredmedia":[{"embeddable":true,"href":"https:\/\/jorgezanoni.com.br\/2019\/wp-json\/wp\/v2\/media\/78563"}],"wp:attachment":[{"href":"https:\/\/jorgezanoni.com.br\/2019\/wp-json\/wp\/v2\/media?parent=78560"}],"wp:term":[{"taxonomy":"category","embeddable":true,"href":"https:\/\/jorgezanoni.com.br\/2019\/wp-json\/wp\/v2\/categories?post=78560"},{"taxonomy":"post_tag","embeddable":true,"href":"https:\/\/jorgezanoni.com.br\/2019\/wp-json\/wp\/v2\/tags?post=78560"}],"curies":[{"name":"wp","href":"https:\/\/api.w.org\/{rel}","templated":true}]}}