{"id":78531,"date":"2023-07-24T17:34:36","date_gmt":"2023-07-24T17:34:36","guid":{"rendered":"https:\/\/jorgezanoni.com.br\/2019\/?p=78531"},"modified":"2023-07-24T17:34:36","modified_gmt":"2023-07-24T17:34:36","slug":"alceu-teixeira-rocha-muito-alem-do-tempo-do-seu-tempo","status":"publish","type":"post","link":"https:\/\/jorgezanoni.com.br\/2019\/alceu-teixeira-rocha-muito-alem-do-tempo-do-seu-tempo\/","title":{"rendered":"ALCEU TEIXEIRA ROCHA: Muito al\u00e9m do tempo do seu tempo&#8230;"},"content":{"rendered":"<p style=\"text-align: justify;\"><strong><em>\u201cO valor das coisas n\u00e3o est\u00e1 no tempo que elas duram, mas na intensidade com que acontecem. Por isso existem momentos inesquec\u00edveis, coisas inexplic\u00e1veis e pessoas incompar\u00e1veis.\u201d <\/em><\/strong><em>(<\/em><a href=\"https:\/\/www.pensador.com\/autor\/maria_julia_paes_de_silva\/\"><em>Maria Julia Paes de Silva<\/em><em>\u00a0<\/em><\/a><em>in Livro: Qual o tempo do cuidado? Edi\u00e7\u00f5es Loyola, 2004. P. 49)<\/em><em>\u00a0<\/em><\/p>\n<p style=\"text-align: justify;\"><strong>S\u00e9rgio Barbosa \/ ACEA<\/strong><strong><em>\u00a0<\/em><\/strong><\/p>\n<p style=\"text-align: justify;\">Em tempo de mudan\u00e7as em todas as \u00e1reas do conhecimento, ainda, tendo em vista o per\u00edodo de PANDEMIA, deve-se considerar que apenas aqueles\/as EMPREENDEDORES\/AS ficaram e continuam abrindo novas possibilidades no MERCADO em tempo de p\u00f3s-globaliza\u00e7\u00e3o organizacional&#8230;<\/p>\n<p style=\"text-align: justify;\">Neste CEN\u00c1RIO, registra-se o in\u00edcio do ESCRIT\u00d3RIO \u201cA\u201d DE CONTABILIDADE em Adamantina na d\u00e9cada de 80, entretanto, novos desafios surgiram e fizeram com que o fundador, ALCEU TEIXEIRA ROCHA fosse buscar outras alternativas profissionais, entre as quais, a \u00e1rea da ADVOCACIA&#8230;<\/p>\n<p style=\"text-align: justify;\">Tamb\u00e9m, foram anos e anos de estudos e pesquisas, tendo como OBJETIVO principal a capacita\u00e7\u00e3o e forma\u00e7\u00e3o especializada em \u00e1reas afins \u00e0s atividades do ESCRIT\u00d3RIO&#8230;<\/p>\n<p style=\"text-align: justify;\">ALCEU destaca o per\u00edodo em que desenvolveu atividades com o saudoso DR. FERNANDO CHAGAS FREITAS, ainda, considera tais aprendizados como uma REFER\u00caNCIA PROFISSIONAL na sua carreira profissional&#8230;<\/p>\n<p style=\"text-align: justify;\">A EQUIPE que faz parte do ESCRIT\u00d3RIO neste tempo novo tempo, conta com<\/p>\n<p style=\"text-align: justify;\">YASMIM MONZANI (Assistente Jur\u00eddica); GIOVANA KOGA (Estagi\u00e1ria) e Dra. SUSY DAYANNE FERRARI K. ROCHA (que permaneceu at\u00e9 2.021 e se desligou para assumir atividades no Tribunal de Justi\u00e7a do MS)&#8230;<\/p>\n<p style=\"text-align: justify;\">A trajet\u00f3ria profissional de ALCEU TEIXEIRA ROCHA se faz presente nos \u00faltimos 30 anos com atua\u00e7\u00e3o em diversas \u00e1reas do MERCADO, pois, a forma\u00e7\u00e3o acad\u00eamica pautada pelos interesses de acordo com o CONTEXTO, possibilitaram estar em SINTONIA com as novas exig\u00eancias das \u00e1reas ACAD\u00caMICA e PROFISSIONAL&#8230;<\/p>\n<p style=\"text-align: justify;\">A presta\u00e7\u00e3o de servi\u00e7os para ORGANIZA\u00c7\u00d5ES BANC\u00c1RIAS, entre as quais, BRADESCO e HSBC, outorgaram para ALCEU diversas experi\u00eancias nesta \u00e1rea , desta forma, depois de anos de trabalho nas respectivas EMPRESAS, ocupou os cargos de SUB-GERENTE e GERENTE ADJUNTO em Ag\u00eancias de Adamantina&#8230;<\/p>\n<p style=\"text-align: justify;\">Outro detalhe est\u00e1 na forma\u00e7\u00e3o escolar de ALCEU, considerando que o mesmo desembarcou na cidade no ano de 1.973, portanto, s\u00e3o quase 50 ANOS como morador, ainda, estudou no FLEURIDES CAVALINI MENECHINO e\u00a0 HELLEN KELLER, por\u00e9m, tornou-se professor nesta ESCOLA de 1.985 at\u00e9 1.998&#8230;<\/p>\n<p style=\"text-align: justify;\">Foram anos desenvolvendo atividades docentes em institui\u00e7\u00f5es, tais como: CENTRO PAULA SOUZA\/ETECs; PROF. EUD\u00c9CIO LUIZ VICENTE e ENG. HERVAL BELLUSCI, todas na cidade de Adamantina&#8230;<\/p>\n<p style=\"text-align: justify;\">Nestas institui\u00e7\u00f5es escolares, ALCEU ocupou os cargos de COORDENADOR DE CURSOS, al\u00e9m das atividades como PROFESSOR nas respectivas unidades de ensino&#8230;<\/p>\n<p style=\"text-align: justify;\"><strong>Marca mais do que registrada&#8230;<\/strong><\/p>\n<p style=\"text-align: justify;\">Os OBJETIVOS de estar constantemente abrindo novos espa\u00e7os, tornou-se uma MARCA mais do que registrada para ALCEU, isso quando idealizou o desenvolveu o PROJETO ALTERNATIVA ECON\u00d4MICA para a cria\u00e7\u00e3o e fomento de MICROEMPRESAS em Adamantina e regi\u00e3o, neste caso, visando MOTIVAR os alunos\/as dos Cursos T\u00e9cnicos na \u00e1rea de GEST\u00c3O E NEG\u00d3CIOS&#8230;<\/p>\n<p style=\"text-align: justify;\">Posteriormente, tal iniciativa teve continuidade em UNIDADES ESCOLARES de outras cidades, entre as quais: Cafel\u00e2ndia, Lins, Promiss\u00e3o e demais mun\u00edcios desta regi\u00e3o&#8230;<\/p>\n<p style=\"text-align: justify;\">Em Adamantina, tamb\u00e9m, foi VEREADOR e neste per\u00edodo legislativo, apresentou muitos PROJETOS de interesse da comunidade local e pautados na melhoria do sistema educacional, bem como, est\u00e1 no CENTRO UNIVERSIT\u00c1RIO DE ADAMANTINA faz mais de 20 anos como PROFESSOR em diversos Cursos oferecidos pela institui\u00e7\u00e3o de ensino superior&#8230;<\/p>\n<p style=\"text-align: justify;\">A presen\u00e7a de ALCEU TEIXEIRA ROCHA na vida da comunidade adamantinense se faz notar pela sua BIOGRAFIA quando registra a participa\u00e7\u00e3o em atividades na \u00e1rea social, a saber: ATC (diretoria); POL\u00cdCIA MIRIM DE ADAMANTINA\/CAPAZ; ACE (associado desde a d\u00e9cada de 90); Membro fundador e presidente do Posto do CVV-CENTRO DE VALORIZA\u00c7\u00c3O DA VIDA (que tem o apoio de uma Equipe de Volunt\u00e1rios e poderes constitu\u00eddos da Cidade Joia)&#8230;<\/p>\n<p style=\"text-align: justify;\">Casado com a sra. ROSA FERRARI KURADOMI ROCHA, professora e Serventu\u00e1ria da Justi\u00e7a como Supervisora do Cart\u00f3rio Judicial, pais de 3 filhas: SUSY DAYANE (Especialista em Direito); SUSAN HELOISA (M\u00e9dica) e SYLVIA BEATRIZ (Analista de Sistemas)&#8230;<\/p>\n<p style=\"text-align: justify;\">Tais enfoques em sua trajet\u00f3ria familiar e profissional, colocam ALCEU em um n\u00edvel de atua\u00e7\u00e3o mais do que especial, tendo em vista a sua BUSCA pelo atendimento AO OUTRO\/A em todas as atividades desenvolvidas neste contexto plural para o SER HUMANO&#8230;<\/p>\n<p style=\"text-align: justify;\">Bem como, o EQUIL\u00cdBRIO PESSOAL que tem como apoio a FAM\u00cdLIA, refor\u00e7am tais OBJETIVOS para ALCEU como uma refer\u00eancia para o desenvolvimento das atividades profissionais&#8230;<\/p>\n<p><img loading=\"lazy\" decoding=\"async\" class=\"alignnone size-full wp-image-78532\" src=\"https:\/\/jorgezanoni.com.br\/2019\/wp-content\/uploads\/2023\/07\/ad1.jpg\" alt=\"\" width=\"899\" height=\"1599\" srcset=\"https:\/\/jorgezanoni.com.br\/2019\/wp-content\/uploads\/2023\/07\/ad1.jpg 899w, https:\/\/jorgezanoni.com.br\/2019\/wp-content\/uploads\/2023\/07\/ad1-169x300.jpg 169w, https:\/\/jorgezanoni.com.br\/2019\/wp-content\/uploads\/2023\/07\/ad1-576x1024.jpg 576w, https:\/\/jorgezanoni.com.br\/2019\/wp-content\/uploads\/2023\/07\/ad1-768x1366.jpg 768w, https:\/\/jorgezanoni.com.br\/2019\/wp-content\/uploads\/2023\/07\/ad1-864x1536.jpg 864w, https:\/\/jorgezanoni.com.br\/2019\/wp-content\/uploads\/2023\/07\/ad1-696x1238.jpg 696w, https:\/\/jorgezanoni.com.br\/2019\/wp-content\/uploads\/2023\/07\/ad1-236x420.jpg 236w\" sizes=\"auto, (max-width: 899px) 100vw, 899px\" \/> <img loading=\"lazy\" decoding=\"async\" class=\"alignnone size-full wp-image-78533\" src=\"https:\/\/jorgezanoni.com.br\/2019\/wp-content\/uploads\/2023\/07\/ad2.jpg\" alt=\"\" width=\"899\" height=\"1599\" srcset=\"https:\/\/jorgezanoni.com.br\/2019\/wp-content\/uploads\/2023\/07\/ad2.jpg 899w, https:\/\/jorgezanoni.com.br\/2019\/wp-content\/uploads\/2023\/07\/ad2-169x300.jpg 169w, https:\/\/jorgezanoni.com.br\/2019\/wp-content\/uploads\/2023\/07\/ad2-576x1024.jpg 576w, https:\/\/jorgezanoni.com.br\/2019\/wp-content\/uploads\/2023\/07\/ad2-768x1366.jpg 768w, https:\/\/jorgezanoni.com.br\/2019\/wp-content\/uploads\/2023\/07\/ad2-864x1536.jpg 864w, https:\/\/jorgezanoni.com.br\/2019\/wp-content\/uploads\/2023\/07\/ad2-696x1238.jpg 696w, https:\/\/jorgezanoni.com.br\/2019\/wp-content\/uploads\/2023\/07\/ad2-236x420.jpg 236w\" sizes=\"auto, (max-width: 899px) 100vw, 899px\" \/> <img loading=\"lazy\" decoding=\"async\" class=\"alignnone size-full wp-image-78534\" src=\"https:\/\/jorgezanoni.com.br\/2019\/wp-content\/uploads\/2023\/07\/ad3.jpg\" alt=\"\" width=\"899\" height=\"1599\" srcset=\"https:\/\/jorgezanoni.com.br\/2019\/wp-content\/uploads\/2023\/07\/ad3.jpg 899w, https:\/\/jorgezanoni.com.br\/2019\/wp-content\/uploads\/2023\/07\/ad3-169x300.jpg 169w, https:\/\/jorgezanoni.com.br\/2019\/wp-content\/uploads\/2023\/07\/ad3-576x1024.jpg 576w, https:\/\/jorgezanoni.com.br\/2019\/wp-content\/uploads\/2023\/07\/ad3-768x1366.jpg 768w, https:\/\/jorgezanoni.com.br\/2019\/wp-content\/uploads\/2023\/07\/ad3-864x1536.jpg 864w, https:\/\/jorgezanoni.com.br\/2019\/wp-content\/uploads\/2023\/07\/ad3-696x1238.jpg 696w, https:\/\/jorgezanoni.com.br\/2019\/wp-content\/uploads\/2023\/07\/ad3-236x420.jpg 236w\" sizes=\"auto, (max-width: 899px) 100vw, 899px\" \/><\/p>\n<p>&nbsp;<\/p>\n<p>&nbsp;<\/p>\n","protected":false},"excerpt":{"rendered":"<p>\u201cO valor das coisas n\u00e3o est\u00e1 no tempo que elas duram, mas na intensidade com que acontecem. Por isso existem momentos inesquec\u00edveis, coisas inexplic\u00e1veis e pessoas incompar\u00e1veis.\u201d (Maria Julia Paes de Silva\u00a0in Livro: Qual o tempo do cuidado? Edi\u00e7\u00f5es Loyola, 2004. P. 49)\u00a0 S\u00e9rgio Barbosa \/ ACEA\u00a0 Em tempo de mudan\u00e7as em todas as \u00e1reas [&hellip;]<\/p>\n","protected":false},"author":1,"featured_media":78535,"comment_status":"closed","ping_status":"open","sticky":false,"template":"","format":"standard","meta":{"footnotes":""},"categories":[195,179,110],"tags":[],"class_list":["post-78531","post","type-post","status-publish","format-standard","has-post-thumbnail","hentry","category-adamantina","category-cidadeseregiao","category-noticiasdestaque"],"_links":{"self":[{"href":"https:\/\/jorgezanoni.com.br\/2019\/wp-json\/wp\/v2\/posts\/78531","targetHints":{"allow":["GET"]}}],"collection":[{"href":"https:\/\/jorgezanoni.com.br\/2019\/wp-json\/wp\/v2\/posts"}],"about":[{"href":"https:\/\/jorgezanoni.com.br\/2019\/wp-json\/wp\/v2\/types\/post"}],"author":[{"embeddable":true,"href":"https:\/\/jorgezanoni.com.br\/2019\/wp-json\/wp\/v2\/users\/1"}],"replies":[{"embeddable":true,"href":"https:\/\/jorgezanoni.com.br\/2019\/wp-json\/wp\/v2\/comments?post=78531"}],"version-history":[{"count":1,"href":"https:\/\/jorgezanoni.com.br\/2019\/wp-json\/wp\/v2\/posts\/78531\/revisions"}],"predecessor-version":[{"id":78536,"href":"https:\/\/jorgezanoni.com.br\/2019\/wp-json\/wp\/v2\/posts\/78531\/revisions\/78536"}],"wp:featuredmedia":[{"embeddable":true,"href":"https:\/\/jorgezanoni.com.br\/2019\/wp-json\/wp\/v2\/media\/78535"}],"wp:attachment":[{"href":"https:\/\/jorgezanoni.com.br\/2019\/wp-json\/wp\/v2\/media?parent=78531"}],"wp:term":[{"taxonomy":"category","embeddable":true,"href":"https:\/\/jorgezanoni.com.br\/2019\/wp-json\/wp\/v2\/categories?post=78531"},{"taxonomy":"post_tag","embeddable":true,"href":"https:\/\/jorgezanoni.com.br\/2019\/wp-json\/wp\/v2\/tags?post=78531"}],"curies":[{"name":"wp","href":"https:\/\/api.w.org\/{rel}","templated":true}]}}