{"id":7848,"date":"2019-10-03T21:30:42","date_gmt":"2019-10-03T21:30:42","guid":{"rendered":"https:\/\/jorgezanoni.com.br\/2019\/?p=7848"},"modified":"2019-10-03T21:30:42","modified_gmt":"2019-10-03T21:30:42","slug":"primos-sao-presos-por-falsa-comunicacao-de-crime-apos-relatarem-roubo-na-sp-425","status":"publish","type":"post","link":"https:\/\/jorgezanoni.com.br\/2019\/primos-sao-presos-por-falsa-comunicacao-de-crime-apos-relatarem-roubo-na-sp-425\/","title":{"rendered":"Primos s\u00e3o presos por falsa comunica\u00e7\u00e3o de crime ap\u00f3s relatarem \u2018roubo\u2019 na SP-425"},"content":{"rendered":"<h2 class=\"content-head__subtitle\" style=\"text-align: justify;\"><strong>Pol\u00edcia Militar Rodovi\u00e1ria localizou os pertences da dupla no compartimento de filtro de ar do motor do ve\u00edculo. Caso foi registrado na Delegacia de Pol\u00edcia Civil, em Pirapozinho.<\/strong><\/h2>\n<p style=\"text-align: justify;\"><img loading=\"lazy\" decoding=\"async\" class=\"alignnone size-full wp-image-7849\" src=\"https:\/\/jorgezanoni.com.br\/2019\/wp-content\/uploads\/2019\/10\/roubo.jpg\" alt=\"\" width=\"1000\" height=\"675\" srcset=\"https:\/\/jorgezanoni.com.br\/2019\/wp-content\/uploads\/2019\/10\/roubo.jpg 1000w, https:\/\/jorgezanoni.com.br\/2019\/wp-content\/uploads\/2019\/10\/roubo-300x203.jpg 300w, https:\/\/jorgezanoni.com.br\/2019\/wp-content\/uploads\/2019\/10\/roubo-768x518.jpg 768w, https:\/\/jorgezanoni.com.br\/2019\/wp-content\/uploads\/2019\/10\/roubo-696x470.jpg 696w, https:\/\/jorgezanoni.com.br\/2019\/wp-content\/uploads\/2019\/10\/roubo-622x420.jpg 622w\" sizes=\"auto, (max-width: 1000px) 100vw, 1000px\" \/>Homens foram presos em Pirapozinho \u2014 Foto: Pol\u00edcia Militar Rodovi\u00e1ria<\/p>\n<div class=\"mc-column content-text active-extra-styles \" style=\"text-align: justify;\" data-block-type=\"unstyled\" data-block-weight=\"29\" data-block-id=\"2\">\n<p class=\"content-text__container \" data-track-category=\"Link no Texto\" data-track-links=\"\">Dois homens foram presos em flagrante nesta quarta-feira (2), em\u00a0<a href=\"https:\/\/g1.globo.com\/sp\/presidente-prudente-regiao\/cidade\/pirapozinho\/\">Pirapozinho<\/a>, por falsa comunica\u00e7\u00e3o de crime e associa\u00e7\u00e3o para o tr\u00e1fico de drogas ap\u00f3s alegarem serem v\u00edtimas de roubo.<\/p>\n<\/div>\n<div class=\"wall protected-content\">\n<div class=\"mc-column content-text active-extra-styles \" style=\"text-align: justify;\" data-block-type=\"unstyled\" data-block-weight=\"64\" data-block-id=\"3\">\n<p class=\"content-text__container \" data-track-category=\"Link no Texto\" data-track-links=\"\">De acordo com as informa\u00e7\u00f5es contidas no Boletim de Ocorr\u00eancia, os suspeitos, um policial militar aposentado no Estado de Minas Gerais de 35 anos e seu primo de 21, foram at\u00e9 a Base da Pol\u00edcia Militar Rodovi\u00e1ria em\u00a0<a href=\"https:\/\/g1.globo.com\/sp\/presidente-prudente-regiao\/cidade\/presidente-prudente\/\">Presidente Prudente<\/a>\u00a0e informaram que foram v\u00edtimas de roubo quando estacionaram o ve\u00edculo em que estavam \u00e0s margens da Rodovia Assis Chateaubriand (SP 425), em Pirapozinho.<\/p>\n<\/div>\n<div class=\"mc-column content-text active-extra-styles \" style=\"text-align: justify;\" data-block-type=\"unstyled\" data-block-weight=\"28\" data-block-id=\"4\">\n<p class=\"content-text__container \" data-track-category=\"Link no Texto\" data-track-links=\"\">Eles alegaram aos militares que foram abordados por tr\u00eas indiv\u00edduos a bordo de uma caminhonete, sendo que os tais assaltantes levaram seus aparelhos celulares e carteiras com documentos.<\/p>\n<\/div>\n<div class=\"mc-column content-text active-extra-styles \" style=\"text-align: justify;\" data-block-type=\"unstyled\" data-block-weight=\"17\" data-block-id=\"5\">\n<p class=\"content-text__container \" data-track-category=\"Link no Texto\" data-track-links=\"\">Desconfiados da situa\u00e7\u00e3o, os militares rodovi\u00e1rios levaram a dupla para a Delegacia da Pol\u00edcia Civil, em Pirapozinho.<\/p>\n<\/div>\n<div class=\"mc-column content-text active-extra-styles \" style=\"text-align: justify;\" data-block-type=\"unstyled\" data-block-weight=\"48\" data-block-id=\"6\">\n<p class=\"content-text__container \" data-track-category=\"Link no Texto\" data-track-links=\"\">Na unidade policial, o homem de 35 anos informou que saiu da cidade de\u00a0<a href=\"https:\/\/g1.globo.com\/mg\/grande-minas\/cidade\/montes-claros\/\">Montes Claros (MG)<\/a>\u00a0no dia nove de setembro e estava em Maring\u00e1 (PR), junto com o outro suspeito, que \u00e9 seu primo. Ele alegou que se aposentou da Pol\u00edcia Militar por problemas de sa\u00fade.<\/p>\n<\/div>\n<div class=\"mc-column content-text active-extra-styles \" data-block-type=\"unstyled\" data-block-weight=\"47\" data-block-id=\"7\">\n<p class=\"content-text__container \" style=\"text-align: justify;\" data-track-category=\"Link no Texto\" data-track-links=\"\">J\u00e1 o jovem de 21 anos alegou que seu primo o convidou para viajar e, no dia 24 de setembro, sa\u00edram de Montes Claros, por volta das 18h, com destino ao Estado do Paran\u00e1, por\u00e9m, o homem de 35 anos n\u00e3o informou exatamente qual cidade iriam conhecer.<\/p>\n<div class=\"mc-column content-text active-extra-styles \" style=\"text-align: justify;\" data-block-type=\"unstyled\" data-block-weight=\"42\" data-block-id=\"9\">\n<p class=\"content-text__container \" data-track-category=\"Link no Texto\" data-track-links=\"\">O rapaz disse ainda que no dia 25 de setembro os dois chegaram a uma cidade e se hospedaram em um hotel. O indiv\u00edduo de 21 anos questionou seu primo sobre qual cidade seria aquela e recebeu a resposta que seria\u00a0<a href=\"https:\/\/g1.globo.com\/pr\/norte-noroeste\/cidade\/maringa\/\">Maring\u00e1<\/a>.<\/p>\n<\/div>\n<div class=\"mc-column content-text active-extra-styles \" style=\"text-align: justify;\" data-block-type=\"unstyled\" data-block-weight=\"41\" data-block-id=\"10\">\n<p class=\"content-text__container \" data-track-category=\"Link no Texto\" data-track-links=\"\">De acordo com a ocorr\u00eancia, o jovem foi questionado sobre o \u201croubo\u201d narrado por seu primo e informou que n\u00e3o houve assalto nenhum, que seu primo inventou toda a hist\u00f3ria e que n\u00e3o sabia o motivo da falsa comunica\u00e7\u00e3o de crime.<\/p>\n<\/div>\n<div class=\"mc-column content-text active-extra-styles \" data-block-type=\"unstyled\" data-block-weight=\"33\" data-block-id=\"11\">\n<p class=\"content-text__container \" style=\"text-align: justify;\" data-track-category=\"Link no Texto\" data-track-links=\"\">Ele ainda relatou que pouco antes da parada na base da Pol\u00edcia Militar Rodovi\u00e1ria, seu primo pediu seu aparelho celular e carteira e os escondeu no compartimento do filtro de ar do ve\u00edculo.<\/p>\n<p style=\"text-align: justify;\" data-track-category=\"Link no Texto\" data-track-links=\"\"><img loading=\"lazy\" decoding=\"async\" class=\"alignnone size-full wp-image-7850\" src=\"https:\/\/jorgezanoni.com.br\/2019\/wp-content\/uploads\/2019\/10\/roubo1.jpg\" alt=\"\" width=\"1000\" height=\"668\" srcset=\"https:\/\/jorgezanoni.com.br\/2019\/wp-content\/uploads\/2019\/10\/roubo1.jpg 1000w, https:\/\/jorgezanoni.com.br\/2019\/wp-content\/uploads\/2019\/10\/roubo1-300x200.jpg 300w, https:\/\/jorgezanoni.com.br\/2019\/wp-content\/uploads\/2019\/10\/roubo1-768x513.jpg 768w, https:\/\/jorgezanoni.com.br\/2019\/wp-content\/uploads\/2019\/10\/roubo1-696x465.jpg 696w, https:\/\/jorgezanoni.com.br\/2019\/wp-content\/uploads\/2019\/10\/roubo1-629x420.jpg 629w\" sizes=\"auto, (max-width: 1000px) 100vw, 1000px\" \/>Homens foram presos em Pirapozinho \u2014 Foto: Pol\u00edcia Militar Rodovi\u00e1ria<\/p>\n<div class=\"mc-column content-text active-extra-styles \" style=\"text-align: justify;\" data-block-type=\"unstyled\" data-block-weight=\"51\" data-block-id=\"13\">\n<p class=\"content-text__container \" data-track-category=\"Link no Texto\" data-track-links=\"\">Mediante as diferentes vers\u00f5es apresentadas, a Pol\u00edcia Civil realizou pesquisas e constatou que a dupla estava, na verdade, na cidade de\u00a0<a href=\"https:\/\/g1.globo.com\/pr\/oeste-sudoeste\/cidade\/foz-do-iguacu\/\">Foz do Igua\u00e7u (PR)<\/a>. Ao ver uma foto, o suspeito de 21 anos reconheceu o hotel onde ficou com seu primo do dia 25 de setembro at\u00e9 esta ter\u00e7a-feira (1\u00ba).<\/p>\n<\/div>\n<div class=\"mc-column content-text active-extra-styles \" data-block-type=\"unstyled\" data-block-weight=\"54\" data-block-id=\"14\">\n<p class=\"content-text__container \" style=\"text-align: justify;\" data-track-category=\"Link no Texto\" data-track-links=\"\">A pol\u00edcia questionou o rapaz sobre o que ele e seu primo fizeram na cidade enquanto estavam l\u00e1, sendo que o suspeito respondeu que todos os dias de estadia ficou no hotel e seu parente saia durante a manh\u00e3, voltava na hora do almo\u00e7o, almo\u00e7ava e saia novamente, voltando somente no fim da tarde.<\/p>\n<div class=\"mc-column content-text active-extra-styles \" style=\"text-align: justify;\" data-block-type=\"unstyled\" data-block-weight=\"45\" data-block-id=\"16\">\n<p class=\"content-text__container \" data-track-category=\"Link no Texto\" data-track-links=\"\">O jovem ainda relatou que no dia 27 de setembro, enquanto estava no quarto do hotel, recebeu mensagens de \u00e1udio de seu primo, reenviadas atrav\u00e9s de um aplicativo. Nos \u00e1udios, um indiv\u00edduo com sotaque caracter\u00edstico do povo paraguaio falava sobre uma transa\u00e7\u00e3o envolvendo entorpecente (maconha).<\/p>\n<\/div>\n<div class=\"mc-column content-text active-extra-styles \" style=\"text-align: justify;\" data-block-type=\"unstyled\" data-block-weight=\"16\" data-block-id=\"17\">\n<p class=\"content-text__container \" data-track-category=\"Link no Texto\" data-track-links=\"\">Segundo o boletim, o homem de 35 anos pediu para seu primo arquivar os referidos \u00e1udios.<\/p>\n<\/div>\n<div class=\"mc-column content-text active-extra-styles \" style=\"text-align: justify;\" data-block-type=\"unstyled\" data-block-weight=\"10\" data-block-id=\"18\">\n<p class=\"content-text__container \" data-track-category=\"Link no Texto\" data-track-links=\"\">Durante revista no ve\u00edculo foram encontradas duas por\u00e7\u00f5es de maconha.<\/p>\n<\/div>\n<div class=\"mc-column content-text active-extra-styles \" style=\"text-align: justify;\" data-block-type=\"unstyled\" data-block-weight=\"59\" data-block-id=\"19\">\n<p class=\"content-text__container \" data-track-category=\"Link no Texto\" data-track-links=\"\">O suspeito mais velho n\u00e3o soube informar a proced\u00eancia do entorpecente. J\u00e1 o rapaz de 21 anos disse que \u00e9 usu\u00e1rio de drogas, que seu primo que lhe deu as por\u00e7\u00f5es, que o parente inventou v\u00e1rias hist\u00f3rias sobre o motivo da viagem a Foz do Igua\u00e7u, contudo nenhuma das vers\u00f5es mostrou-se condizer com a verdade, segundo o documento policial.<\/p>\n<\/div>\n<div class=\"mc-column content-text active-extra-styles \" style=\"text-align: justify;\" data-block-type=\"unstyled\" data-block-weight=\"39\" data-block-id=\"20\">\n<p class=\"content-text__container \" data-track-category=\"Link no Texto\" data-track-links=\"\">Segundo a Pol\u00edcia Civil, \u201cprovavelmente os indiciados desviaram a droga trazida e tentavam mascarar a situa\u00e7\u00e3o para ludibriar os traficantes para os quais traziam a droga e n\u00e3o entregavam, sendo esta a raz\u00e3o prov\u00e1vel da falsa comunica\u00e7\u00e3o de crime\u201d.<\/p>\n<\/div>\n<div class=\"mc-column content-text active-extra-styles \" style=\"text-align: justify;\" data-block-type=\"unstyled\" data-block-weight=\"15\" data-block-id=\"21\">\n<p class=\"content-text__container \" data-track-category=\"Link no Texto\" data-track-links=\"\">A Pol\u00edcia Civil solicitou \u00e0 Justi\u00e7a a pris\u00e3o preventiva do homem de 35 anos.<\/p>\n<\/div>\n<div class=\"mc-column content-text active-extra-styles \" style=\"text-align: justify;\" data-block-type=\"unstyled\" data-block-weight=\"53\" data-block-id=\"22\">\n<p class=\"content-text__container \" data-track-category=\"Link no Texto\" data-track-links=\"\">Com rela\u00e7\u00e3o ao outro suspeito, por ter colaborado com a investiga\u00e7\u00e3o, a pol\u00edcia requereu ao Poder Judici\u00e1rio a decreta\u00e7\u00e3o de medidas cautelares diversas, tais como o comparecimento peri\u00f3dico em ju\u00edzo, no prazo e nas condi\u00e7\u00f5es fixadas pelo juiz, informar e justificar atividades e recolhimento domiciliar no per\u00edodo noturno e nos dias de folga.<\/p>\n<\/div>\n<div class=\"mc-column content-text active-extra-styles \" data-block-type=\"unstyled\" data-block-weight=\"7\" data-block-id=\"23\">\n<p class=\"content-text__container \" style=\"text-align: justify;\" data-track-category=\"Link no Texto\" data-track-links=\"\">O carro usado pela dupla foi apreendido.<\/p>\n<p data-track-category=\"Link no Texto\" data-track-links=\"\"><img loading=\"lazy\" decoding=\"async\" class=\"alignnone size-full wp-image-7851\" src=\"https:\/\/jorgezanoni.com.br\/2019\/wp-content\/uploads\/2019\/10\/roubo2.jpg\" alt=\"\" width=\"1000\" height=\"704\" srcset=\"https:\/\/jorgezanoni.com.br\/2019\/wp-content\/uploads\/2019\/10\/roubo2.jpg 1000w, https:\/\/jorgezanoni.com.br\/2019\/wp-content\/uploads\/2019\/10\/roubo2-300x211.jpg 300w, https:\/\/jorgezanoni.com.br\/2019\/wp-content\/uploads\/2019\/10\/roubo2-768x541.jpg 768w, https:\/\/jorgezanoni.com.br\/2019\/wp-content\/uploads\/2019\/10\/roubo2-100x70.jpg 100w, https:\/\/jorgezanoni.com.br\/2019\/wp-content\/uploads\/2019\/10\/roubo2-696x490.jpg 696w, https:\/\/jorgezanoni.com.br\/2019\/wp-content\/uploads\/2019\/10\/roubo2-597x420.jpg 597w\" sizes=\"auto, (max-width: 1000px) 100vw, 1000px\" \/>Homens foram presos em Pirapozinho \u2014 Foto: Pol\u00edcia Civil<\/p>\n<p data-track-category=\"Link no Texto\" data-track-links=\"\">Fonte: G1<\/p>\n<p data-track-category=\"Link no Texto\" data-track-links=\"\">\n<\/div>\n<p data-track-category=\"Link no Texto\" data-track-links=\"\">\n<\/div>\n<\/div>\n<\/div>\n<\/div>\n","protected":false},"excerpt":{"rendered":"<p>Pol\u00edcia Militar Rodovi\u00e1ria localizou os pertences da dupla no compartimento de filtro de ar do motor do ve\u00edculo. Caso foi registrado na Delegacia de Pol\u00edcia Civil, em Pirapozinho. Homens foram presos em Pirapozinho \u2014 Foto: Pol\u00edcia Militar Rodovi\u00e1ria Dois homens foram presos em flagrante nesta quarta-feira (2), em\u00a0Pirapozinho, por falsa comunica\u00e7\u00e3o de crime e associa\u00e7\u00e3o [&hellip;]<\/p>\n","protected":false},"author":1,"featured_media":7852,"comment_status":"closed","ping_status":"open","sticky":false,"template":"","format":"standard","meta":{"footnotes":""},"categories":[110,2],"tags":[],"class_list":["post-7848","post","type-post","status-publish","format-standard","has-post-thumbnail","hentry","category-noticiasdestaque","category-policial"],"_links":{"self":[{"href":"https:\/\/jorgezanoni.com.br\/2019\/wp-json\/wp\/v2\/posts\/7848","targetHints":{"allow":["GET"]}}],"collection":[{"href":"https:\/\/jorgezanoni.com.br\/2019\/wp-json\/wp\/v2\/posts"}],"about":[{"href":"https:\/\/jorgezanoni.com.br\/2019\/wp-json\/wp\/v2\/types\/post"}],"author":[{"embeddable":true,"href":"https:\/\/jorgezanoni.com.br\/2019\/wp-json\/wp\/v2\/users\/1"}],"replies":[{"embeddable":true,"href":"https:\/\/jorgezanoni.com.br\/2019\/wp-json\/wp\/v2\/comments?post=7848"}],"version-history":[{"count":0,"href":"https:\/\/jorgezanoni.com.br\/2019\/wp-json\/wp\/v2\/posts\/7848\/revisions"}],"wp:featuredmedia":[{"embeddable":true,"href":"https:\/\/jorgezanoni.com.br\/2019\/wp-json\/wp\/v2\/media\/7852"}],"wp:attachment":[{"href":"https:\/\/jorgezanoni.com.br\/2019\/wp-json\/wp\/v2\/media?parent=7848"}],"wp:term":[{"taxonomy":"category","embeddable":true,"href":"https:\/\/jorgezanoni.com.br\/2019\/wp-json\/wp\/v2\/categories?post=7848"},{"taxonomy":"post_tag","embeddable":true,"href":"https:\/\/jorgezanoni.com.br\/2019\/wp-json\/wp\/v2\/tags?post=7848"}],"curies":[{"name":"wp","href":"https:\/\/api.w.org\/{rel}","templated":true}]}}