{"id":78472,"date":"2023-07-21T01:15:45","date_gmt":"2023-07-21T01:15:45","guid":{"rendered":"https:\/\/jorgezanoni.com.br\/2019\/?p=78472"},"modified":"2023-07-21T01:22:31","modified_gmt":"2023-07-21T01:22:31","slug":"policia-militar-em-acao-de-forca-tatica-prende-homem-por-trafico-de-drogas-em-dracena-3","status":"publish","type":"post","link":"https:\/\/jorgezanoni.com.br\/2019\/policia-militar-em-acao-de-forca-tatica-prende-homem-por-trafico-de-drogas-em-dracena-3\/","title":{"rendered":"Pol\u00edcia Militar em a\u00e7\u00e3o de For\u00e7a T\u00e1tica prende homem por Tr\u00e1fico de Drogas em Dracena"},"content":{"rendered":"<p style=\"text-align: justify;\">Na data de hoje (20) por volta das 12h durante o patrulhamento de For\u00e7a T\u00e1tica pelo munic\u00edpio de Dracena, pela Rua Manoel Bandeira no Jardim Brasil\u00e2ndia, ap\u00f3s acompanhamento a p\u00e9 foi abordado um indiv\u00edduo (homem 22 anos) e localizado diversas por\u00e7\u00f5es de coca\u00edna.<br \/>\nDiante dos fatos foi dado voz de pris\u00e3o pelo crime de tr\u00e1fico de drogas ao indiciado que permaneceu preso \u00e0 disposi\u00e7\u00e3o da Justi\u00e7a.<\/p>\n<p style=\"text-align: justify;\">Foram apreendidos:\u00a00,154 kg coca\u00edna, 01 celular Samsung, R$ 17,00 e 01 Motocicleta Honda CB 300R<\/p>\n<p>Fonte: Comunica\u00e7\u00e3o Social<\/p>\n","protected":false},"excerpt":{"rendered":"<p>Na data de hoje (20) por volta das 12h durante o patrulhamento de For\u00e7a T\u00e1tica pelo munic\u00edpio de Dracena, pela Rua Manoel Bandeira no Jardim Brasil\u00e2ndia, ap\u00f3s acompanhamento a p\u00e9 foi abordado um indiv\u00edduo (homem 22 anos) e localizado diversas por\u00e7\u00f5es de coca\u00edna. Diante dos fatos foi dado voz de pris\u00e3o pelo crime de tr\u00e1fico [&hellip;]<\/p>\n","protected":false},"author":1,"featured_media":78475,"comment_status":"closed","ping_status":"open","sticky":false,"template":"","format":"standard","meta":{"footnotes":""},"categories":[110,2],"tags":[],"class_list":["post-78472","post","type-post","status-publish","format-standard","has-post-thumbnail","hentry","category-noticiasdestaque","category-policial"],"_links":{"self":[{"href":"https:\/\/jorgezanoni.com.br\/2019\/wp-json\/wp\/v2\/posts\/78472","targetHints":{"allow":["GET"]}}],"collection":[{"href":"https:\/\/jorgezanoni.com.br\/2019\/wp-json\/wp\/v2\/posts"}],"about":[{"href":"https:\/\/jorgezanoni.com.br\/2019\/wp-json\/wp\/v2\/types\/post"}],"author":[{"embeddable":true,"href":"https:\/\/jorgezanoni.com.br\/2019\/wp-json\/wp\/v2\/users\/1"}],"replies":[{"embeddable":true,"href":"https:\/\/jorgezanoni.com.br\/2019\/wp-json\/wp\/v2\/comments?post=78472"}],"version-history":[{"count":1,"href":"https:\/\/jorgezanoni.com.br\/2019\/wp-json\/wp\/v2\/posts\/78472\/revisions"}],"predecessor-version":[{"id":78473,"href":"https:\/\/jorgezanoni.com.br\/2019\/wp-json\/wp\/v2\/posts\/78472\/revisions\/78473"}],"wp:featuredmedia":[{"embeddable":true,"href":"https:\/\/jorgezanoni.com.br\/2019\/wp-json\/wp\/v2\/media\/78475"}],"wp:attachment":[{"href":"https:\/\/jorgezanoni.com.br\/2019\/wp-json\/wp\/v2\/media?parent=78472"}],"wp:term":[{"taxonomy":"category","embeddable":true,"href":"https:\/\/jorgezanoni.com.br\/2019\/wp-json\/wp\/v2\/categories?post=78472"},{"taxonomy":"post_tag","embeddable":true,"href":"https:\/\/jorgezanoni.com.br\/2019\/wp-json\/wp\/v2\/tags?post=78472"}],"curies":[{"name":"wp","href":"https:\/\/api.w.org\/{rel}","templated":true}]}}