{"id":78469,"date":"2023-07-21T00:59:55","date_gmt":"2023-07-21T00:59:55","guid":{"rendered":"https:\/\/jorgezanoni.com.br\/2019\/?p=78469"},"modified":"2023-07-21T00:59:55","modified_gmt":"2023-07-21T00:59:55","slug":"policia-militar-apreende-adolescente-por-ato-infracional-de-trafico-de-drogas-em-dracena-3","status":"publish","type":"post","link":"https:\/\/jorgezanoni.com.br\/2019\/policia-militar-apreende-adolescente-por-ato-infracional-de-trafico-de-drogas-em-dracena-3\/","title":{"rendered":"Policia Militar apreende adolescente por ato infracional de Tr\u00e1fico de Drogas em Dracena"},"content":{"rendered":"<p style=\"text-align: justify;\"><strong>Foram apreendidos: 0,047 crack, 0,003 maconha, 01 celular Samsung, 02 balan\u00e7as digitais, R$ 84,00 e apetrechos.<\/strong><\/p>\n<p style=\"text-align: justify;\">Na data de ontem 19 por volta das 21h50min durante o patrulhamento de For\u00e7a T\u00e1tica pela munic\u00edpio de Dracena, sendo abordado um indiv\u00edduo (17 anos) e localizado uma por\u00e7\u00e3o de crack e outra de maconha, vindo o indiv\u00edduo a confessar que realiza o tr\u00e1fico de drogas. Feito dilig\u00eancia por uma rua no Bairro Jardim Kennedy foi localizado mais duas por\u00e7\u00f5es de crack, duas balan\u00e7as digitais, faca, tesoura e pl\u00e1stico filme. Diante dos fatos foi dado voz de apreens\u00e3o pelo ato infracional de tr\u00e1fico de drogas permanecendo o adolescente apreendido.<\/p>\n<p style=\"text-align: justify;\">#25BPMI<br \/>\n#CPI8<br \/>\n#POLICIAMILITARSP<br \/>\n#AFOR\u00c7APUBLICADES\u00c3OPAULO<\/p>\n","protected":false},"excerpt":{"rendered":"<p>Foram apreendidos: 0,047 crack, 0,003 maconha, 01 celular Samsung, 02 balan\u00e7as digitais, R$ 84,00 e apetrechos. Na data de ontem 19 por volta das 21h50min durante o patrulhamento de For\u00e7a T\u00e1tica pela munic\u00edpio de Dracena, sendo abordado um indiv\u00edduo (17 anos) e localizado uma por\u00e7\u00e3o de crack e outra de maconha, vindo o indiv\u00edduo a [&hellip;]<\/p>\n","protected":false},"author":1,"featured_media":78470,"comment_status":"closed","ping_status":"open","sticky":false,"template":"","format":"standard","meta":{"footnotes":""},"categories":[110,2],"tags":[],"class_list":["post-78469","post","type-post","status-publish","format-standard","has-post-thumbnail","hentry","category-noticiasdestaque","category-policial"],"_links":{"self":[{"href":"https:\/\/jorgezanoni.com.br\/2019\/wp-json\/wp\/v2\/posts\/78469","targetHints":{"allow":["GET"]}}],"collection":[{"href":"https:\/\/jorgezanoni.com.br\/2019\/wp-json\/wp\/v2\/posts"}],"about":[{"href":"https:\/\/jorgezanoni.com.br\/2019\/wp-json\/wp\/v2\/types\/post"}],"author":[{"embeddable":true,"href":"https:\/\/jorgezanoni.com.br\/2019\/wp-json\/wp\/v2\/users\/1"}],"replies":[{"embeddable":true,"href":"https:\/\/jorgezanoni.com.br\/2019\/wp-json\/wp\/v2\/comments?post=78469"}],"version-history":[{"count":1,"href":"https:\/\/jorgezanoni.com.br\/2019\/wp-json\/wp\/v2\/posts\/78469\/revisions"}],"predecessor-version":[{"id":78471,"href":"https:\/\/jorgezanoni.com.br\/2019\/wp-json\/wp\/v2\/posts\/78469\/revisions\/78471"}],"wp:featuredmedia":[{"embeddable":true,"href":"https:\/\/jorgezanoni.com.br\/2019\/wp-json\/wp\/v2\/media\/78470"}],"wp:attachment":[{"href":"https:\/\/jorgezanoni.com.br\/2019\/wp-json\/wp\/v2\/media?parent=78469"}],"wp:term":[{"taxonomy":"category","embeddable":true,"href":"https:\/\/jorgezanoni.com.br\/2019\/wp-json\/wp\/v2\/categories?post=78469"},{"taxonomy":"post_tag","embeddable":true,"href":"https:\/\/jorgezanoni.com.br\/2019\/wp-json\/wp\/v2\/tags?post=78469"}],"curies":[{"name":"wp","href":"https:\/\/api.w.org\/{rel}","templated":true}]}}