{"id":78436,"date":"2023-07-19T21:51:16","date_gmt":"2023-07-19T21:51:16","guid":{"rendered":"https:\/\/jorgezanoni.com.br\/2019\/?p=78436"},"modified":"2023-07-19T21:51:16","modified_gmt":"2023-07-19T21:51:16","slug":"academicos-de-medicina-da-unifadra-publicam-trabalho-sobre-diabetes","status":"publish","type":"post","link":"https:\/\/jorgezanoni.com.br\/2019\/academicos-de-medicina-da-unifadra-publicam-trabalho-sobre-diabetes\/","title":{"rendered":"Acad\u00eamicos de Medicina da Unifadra publicam trabalho sobre diabetes"},"content":{"rendered":"<p style=\"text-align: justify;\"><span style=\"font-size: large;\">Os alunos Agnaldo Saraiva Leit\u00e3o Filho, <\/span>Gabriella<span style=\"font-size: large;\">\u00a0Gil Aguila Saraiva Leit\u00e3o e Pedro Elson Silva dos Santos, do 11\u00ba termo de Medicina da Unifadra, publicaram o artigo &#8220;Diabetes Mellitus tipo 1: o impacto na qualidade de vida&#8221; na revista Research, Society and Development.<\/span><\/p>\n<p><span style=\"font-size: large;\">Orientados pela Profa. Ma. Ana Elisa Rebeschini de Marchi, o trio buscou discorrer sobre as principais implica\u00e7\u00f5es do DM1 na vida de seu portador, abordando os preju\u00edzos agudos e cr\u00f4nicos da doen\u00e7a.<\/span><\/p>\n<p><span style=\"font-size: large;\">Segundo os autores, foi observado que al\u00e9m das repercuss\u00f5es agudas (hipoglicemia e cetoacidose diab\u00e9tica) as implica\u00e7\u00f5es cr\u00f4nicas s\u00e3o relevantes, pois os pacientes apresentam maior tempo de evolu\u00e7\u00e3o da patologia e das altera\u00e7\u00f5es causadas \u00e0 micro e\u00a0<\/span>macrocircula\u00e7\u00e3o<span style=\"font-size: large;\">, que s\u00e3o fatores de preocupa\u00e7\u00e3o sobre a redu\u00e7\u00e3o da qualidade de vida.<\/span><\/p>\n<p><span style=\"font-size: large;\">O artigo pode ser conferido no link (vol. 12, n\u00ba 3, ano 2023):<\/span><br \/>\n<span style=\"font-size: large;\"><a href=\"https:\/\/doi.org\/10.33448\/rsd-v12i3.40680\" target=\"_blank\" rel=\"noopener noreferrer\">https:\/\/doi.org\/10.33448\/rsd-v12i3.40680<\/a><\/span><\/p>\n<p><span style=\"font-size: large;\">A dire\u00e7\u00e3o acad\u00eamica e a coordena\u00e7\u00e3o da Unifadra parabenizam os alunos Agnaldo, Gabriella Gil e Pedro Elson, e a professora Ana Elisa pelo desenvolvimento do trabalho e a publica\u00e7\u00e3o do artigo, e ressaltam a import\u00e2ncia do compartilhamento das informa\u00e7\u00f5es e dos resultados obtidos em peri\u00f3dicos especializados.<\/span><\/p>\n<p><span style=\"font-size: large;\"><b>Research, Society and Development<\/b><\/span><br \/>\n<span style=\"font-size: large;\">A publica\u00e7\u00e3o \u00e9 uma revista cient\u00edfica mensal e multidisciplinar focada em promover o desenvolvimento social, cient\u00edfico e tecnol\u00f3gico, que apresenta os resultados ocorridos em diferentes \u00e1reas do conhecimento.<\/span><\/p>\n<p>Fonte: Depto. de Comunica\u00e7\u00e3o da Fundec<\/p>\n","protected":false},"excerpt":{"rendered":"<p>Os alunos Agnaldo Saraiva Leit\u00e3o Filho, Gabriella\u00a0Gil Aguila Saraiva Leit\u00e3o e Pedro Elson Silva dos Santos, do 11\u00ba termo de Medicina da Unifadra, publicaram o artigo &#8220;Diabetes Mellitus tipo 1: o impacto na qualidade de vida&#8221; na revista Research, Society and Development. Orientados pela Profa. Ma. Ana Elisa Rebeschini de Marchi, o trio buscou discorrer [&hellip;]<\/p>\n","protected":false},"author":1,"featured_media":78437,"comment_status":"closed","ping_status":"open","sticky":false,"template":"","format":"standard","meta":{"footnotes":""},"categories":[110,122],"tags":[],"class_list":["post-78436","post","type-post","status-publish","format-standard","has-post-thumbnail","hentry","category-noticiasdestaque","category-saudeeducacaoeconcurso"],"_links":{"self":[{"href":"https:\/\/jorgezanoni.com.br\/2019\/wp-json\/wp\/v2\/posts\/78436","targetHints":{"allow":["GET"]}}],"collection":[{"href":"https:\/\/jorgezanoni.com.br\/2019\/wp-json\/wp\/v2\/posts"}],"about":[{"href":"https:\/\/jorgezanoni.com.br\/2019\/wp-json\/wp\/v2\/types\/post"}],"author":[{"embeddable":true,"href":"https:\/\/jorgezanoni.com.br\/2019\/wp-json\/wp\/v2\/users\/1"}],"replies":[{"embeddable":true,"href":"https:\/\/jorgezanoni.com.br\/2019\/wp-json\/wp\/v2\/comments?post=78436"}],"version-history":[{"count":1,"href":"https:\/\/jorgezanoni.com.br\/2019\/wp-json\/wp\/v2\/posts\/78436\/revisions"}],"predecessor-version":[{"id":78438,"href":"https:\/\/jorgezanoni.com.br\/2019\/wp-json\/wp\/v2\/posts\/78436\/revisions\/78438"}],"wp:featuredmedia":[{"embeddable":true,"href":"https:\/\/jorgezanoni.com.br\/2019\/wp-json\/wp\/v2\/media\/78437"}],"wp:attachment":[{"href":"https:\/\/jorgezanoni.com.br\/2019\/wp-json\/wp\/v2\/media?parent=78436"}],"wp:term":[{"taxonomy":"category","embeddable":true,"href":"https:\/\/jorgezanoni.com.br\/2019\/wp-json\/wp\/v2\/categories?post=78436"},{"taxonomy":"post_tag","embeddable":true,"href":"https:\/\/jorgezanoni.com.br\/2019\/wp-json\/wp\/v2\/tags?post=78436"}],"curies":[{"name":"wp","href":"https:\/\/api.w.org\/{rel}","templated":true}]}}