{"id":78430,"date":"2023-07-19T21:45:26","date_gmt":"2023-07-19T21:45:26","guid":{"rendered":"https:\/\/jorgezanoni.com.br\/2019\/?p=78430"},"modified":"2023-07-19T21:48:33","modified_gmt":"2023-07-19T21:48:33","slug":"congresso-academico-de-medicina-de-dracena-abre-inscricoes","status":"publish","type":"post","link":"https:\/\/jorgezanoni.com.br\/2019\/congresso-academico-de-medicina-de-dracena-abre-inscricoes\/","title":{"rendered":"Congresso Acad\u00eamico de Medicina de Dracena abre inscri\u00e7\u00f5es"},"content":{"rendered":"<p style=\"text-align: justify;\"><span style=\"font-size: large;\">O Centro\u00a0<\/span>Acad\u00eamico &#8220;Maria<span style=\"font-size: large;\">\u00a0Bras\u00edlia Leme\u00a0<\/span>Lopes&#8221;<span style=\"font-size: large;\">\u00a0(CAMBRA) abriu as inscri\u00e7\u00f5es de trabalhos cient\u00edficos para o IV Congresso Acad\u00eamico de Medicina de Dracena (CAMED), que ser\u00e1 realizado nos dias 13 a 15 de setembro. Os trabalhos podem ser inscritos at\u00e9 o dia 18 de agosto e a\u00a0<\/span>CAMBRA<span style=\"font-size: large;\">\u00a0disponibilizou o edital em\u00a0<a href=\"https:\/\/www.instagram.com\/cambradracena\" target=\"_blank\" rel=\"noopener noreferrer\">https:\/\/www.instagram.com\/cambradracena<\/a>\u00a0.<\/span><\/p>\n<p><span style=\"font-size: large;\">A programa\u00e7\u00e3o do CAMED traz, al\u00e9m da apresenta\u00e7\u00e3o dos trabalhos cient\u00edficos, um ciclo de palestras com profissionais que s\u00e3o refer\u00eancia em suas \u00e1reas de atua\u00e7\u00e3o.<\/span><\/p>\n<p><span style=\"font-size: large;\">&#8220;Come\u00e7amos bem cedo a organiza\u00e7\u00e3o do evento para conseguirmos agenda com os palestrantes desta edi\u00e7\u00e3o. Estamos confirmando nosso \u00faltimo palestrante e convidamos acad\u00eamicos e profissionais para participar do congresso&#8221;, ressalta a presidente do CAMBRA Ana Beatriz Silva Mendon\u00e7a. &#8220;Em breve tamb\u00e9m divulgaremos o homenageado desta edi\u00e7\u00e3o&#8221;, finaliza.<\/span><\/p>\n<p><span style=\"font-size: large;\">A coordenadora do curso de Medicina da Unifadra, Profa.\u00a0<\/span>Dra<span style=\"font-size: large;\">. Marilda Milanez Morgado de Abreu, destaca a import\u00e2ncia do congresso no sentido de desenvolver nos acad\u00eamicos o esp\u00edrito cient\u00edfico e nos alunos organizadores as habilidades inerentes \u00e0 realiza\u00e7\u00e3o do evento. &#8220;Este congresso vem sendo realizado h\u00e1 tr\u00eas anos, alcan\u00e7ando em todos eles um sucesso al\u00e9m das expectativas. Por isso, para este ano, espera-se, da mesma forma, que culmine numa grande audi\u00eancia e que os participantes sejam contemplados com muito aprendizado.&#8221;<\/span><\/p>\n<p><span style=\"font-size: large;\">Palestras do IV CAMED<\/span><\/p>\n<p><span style=\"font-size: large;\">13\/09 Dr. Guilherme Neif Musse (m\u00e9dico cardiologista)<\/span><br \/>\n<span style=\"font-size: large;\">Tema: Infarto Agudo do Mioc\u00e1rdio: do diagn\u00f3stico ao tratamento<\/span><\/p>\n<p><span style=\"font-size: large;\">13\/09 Dra. Gabriela Reigota Blanco (m\u00e9dica neonatologista)<\/span><br \/>\n<span style=\"font-size: large;\">Tema: Reanima\u00e7\u00e3o Neonatal<\/span><\/p>\n<p><span style=\"font-size: large;\">14\/09 Dr. Carlos A. dos Santos Filho (m\u00e9dico neurocirurgi\u00e3o)<\/span><br \/>\n<span style=\"font-size: large;\">Tema: Traumatismo Craniano<\/span><\/p>\n<p><span style=\"font-size: large;\">14\/09 Dra. Ana Cl\u00e1udia Esp\u00f3sito Lemos (m\u00e9dica dermatologista)<\/span><br \/>\n<span style=\"font-size: large;\">Tema: Dermatoses no dia a dia do m\u00e9dico na aten\u00e7\u00e3o b\u00e1sica<\/span><\/p>\n<p><span style=\"font-size: large;\">O CAMED \u00e9 uma realiza\u00e7\u00e3o do CAMBRA, juntamente com a Unifadra, e reunir\u00e1 palestrantes, profissionais, docentes e acad\u00eamicos, abordando diversos assuntos relacionados \u00e0 pr\u00e1tica m\u00e9dica, assim auxiliando na capacita\u00e7\u00e3o dos alunos para se tornarem bons profissionais ap\u00f3s a forma\u00e7\u00e3o. Fique ligado em nossas redes sociais e acompanhe mais informa\u00e7\u00f5es em: @unifadra | @cambradracena<\/span><\/p>\n<p>Fonte: Depto. de Comunica\u00e7\u00e3o da Fundec<\/p>\n","protected":false},"excerpt":{"rendered":"<p>O Centro\u00a0Acad\u00eamico &#8220;Maria\u00a0Bras\u00edlia Leme\u00a0Lopes&#8221;\u00a0(CAMBRA) abriu as inscri\u00e7\u00f5es de trabalhos cient\u00edficos para o IV Congresso Acad\u00eamico de Medicina de Dracena (CAMED), que ser\u00e1 realizado nos dias 13 a 15 de setembro. Os trabalhos podem ser inscritos at\u00e9 o dia 18 de agosto e a\u00a0CAMBRA\u00a0disponibilizou o edital em\u00a0https:\/\/www.instagram.com\/cambradracena\u00a0. A programa\u00e7\u00e3o do CAMED traz, al\u00e9m da apresenta\u00e7\u00e3o dos [&hellip;]<\/p>\n","protected":false},"author":1,"featured_media":78432,"comment_status":"closed","ping_status":"open","sticky":false,"template":"","format":"standard","meta":{"footnotes":""},"categories":[110,122],"tags":[],"class_list":["post-78430","post","type-post","status-publish","format-standard","has-post-thumbnail","hentry","category-noticiasdestaque","category-saudeeducacaoeconcurso"],"_links":{"self":[{"href":"https:\/\/jorgezanoni.com.br\/2019\/wp-json\/wp\/v2\/posts\/78430","targetHints":{"allow":["GET"]}}],"collection":[{"href":"https:\/\/jorgezanoni.com.br\/2019\/wp-json\/wp\/v2\/posts"}],"about":[{"href":"https:\/\/jorgezanoni.com.br\/2019\/wp-json\/wp\/v2\/types\/post"}],"author":[{"embeddable":true,"href":"https:\/\/jorgezanoni.com.br\/2019\/wp-json\/wp\/v2\/users\/1"}],"replies":[{"embeddable":true,"href":"https:\/\/jorgezanoni.com.br\/2019\/wp-json\/wp\/v2\/comments?post=78430"}],"version-history":[{"count":2,"href":"https:\/\/jorgezanoni.com.br\/2019\/wp-json\/wp\/v2\/posts\/78430\/revisions"}],"predecessor-version":[{"id":78435,"href":"https:\/\/jorgezanoni.com.br\/2019\/wp-json\/wp\/v2\/posts\/78430\/revisions\/78435"}],"wp:featuredmedia":[{"embeddable":true,"href":"https:\/\/jorgezanoni.com.br\/2019\/wp-json\/wp\/v2\/media\/78432"}],"wp:attachment":[{"href":"https:\/\/jorgezanoni.com.br\/2019\/wp-json\/wp\/v2\/media?parent=78430"}],"wp:term":[{"taxonomy":"category","embeddable":true,"href":"https:\/\/jorgezanoni.com.br\/2019\/wp-json\/wp\/v2\/categories?post=78430"},{"taxonomy":"post_tag","embeddable":true,"href":"https:\/\/jorgezanoni.com.br\/2019\/wp-json\/wp\/v2\/tags?post=78430"}],"curies":[{"name":"wp","href":"https:\/\/api.w.org\/{rel}","templated":true}]}}