{"id":78387,"date":"2023-07-18T23:38:55","date_gmt":"2023-07-18T23:38:55","guid":{"rendered":"https:\/\/jorgezanoni.com.br\/2019\/?p=78387"},"modified":"2023-07-18T23:38:55","modified_gmt":"2023-07-18T23:38:55","slug":"para-um-olhar-alem-da-odontologia","status":"publish","type":"post","link":"https:\/\/jorgezanoni.com.br\/2019\/para-um-olhar-alem-da-odontologia\/","title":{"rendered":"Para um OLHAR al\u00e9m da ODONTOLOGIA&#8230;"},"content":{"rendered":"<p style=\"text-align: justify;\"><strong><em>\u201cO dentista \u00e9 um profissional atencioso, que presta aten\u00e7\u00e3o na higiene, no atendimento, nos cuidados e preza para que sejamos sempre muito bem atendidos!\u201d (Beatriz Mello)<\/em><\/strong><\/p>\n<p style=\"text-align: justify;\"><strong><em>S\u00e9rgio Barbosa \/ ACEA<\/em><\/strong><\/p>\n<p style=\"text-align: justify;\">Em tempo de PANDEMIA, faz-se necess\u00e1rio estar em conex\u00e3o com as NOVAS PROPOSTAS mediadas pelo MERCADO em todas as \u00e1reas, assim, todos\/as os\/as PROFISSIONAIS devem seguir de acordo com suas convic\u00e7\u00f5es frente aos ocasos deste TEMPO NOVO TEMPO&#8230;<\/p>\n<p style=\"text-align: justify;\">Por\u00e9m, existem algumas \u00e1reas espec\u00edficas que buscam de um jeito ou de outro fazer a diferen\u00e7a em benef\u00edcio dos\/as CLIENTES, neste caso, fica mais de acordo denominar de PACIENTES&#8230;<\/p>\n<p style=\"text-align: justify;\">Se bem que todos\/as os\/as PACIENTES de acordo com a PROPOSTA apresentada na \u00e1rea da SA\u00daDE pode ser atendido como CLIENTE e assim por diante&#8230;<\/p>\n<p style=\"text-align: justify;\">Neste cen\u00e1rio um tanto quanto espec\u00edfico em n\u00edvel de MERCADO local, encontra-se JO\u00c3O PEDRO BERGAMINI DE CASTRO, Adamantinense, diplomado em ODONTOLOGIA pela FAI\/UNIFAI (2.009), casado com ISABELA ALENCAR DE CASTRO, Advogada&#8230;<\/p>\n<p style=\"text-align: justify;\">JO\u00c3O PEDRO desenvolve atividades nas \u00e1reas de CL\u00cdNICA GERAL e PR\u00d3TESE, ainda, por meio da POLICL\u00cdNICA HADDAD e de acordo com a proposta da ORGANIZA\u00c7\u00c3O HOS afins aos CLIENTES em geral&#8230;<\/p>\n<p style=\"text-align: justify;\">O ATENDIMENTO e QUALIFICA\u00c7\u00c3O est\u00e3o de acordo com a forma\u00e7\u00e3o acad\u00eamica de \u201cJP\u201d, ainda, tendo em vista que o CONHECIMENTO DA COMUNIDADE aliada \u00e0s CONDI\u00c7\u00d5ES DE PAGAMENTO dos servi\u00e7os prestados faz a diferen\u00e7a para os\/as PACIENTES&#8230;<\/p>\n<p style=\"text-align: justify;\">Portanto, deve-se levar em considera\u00e7\u00e3o tais alternativas para este MERCADO um tanto quanto COMPETITIVO nas OFERTAS e tudo mais&#8230;<\/p>\n<p style=\"text-align: justify;\">Entretanto, a MARCA REGISTRADA do PROFISSIONAL deve ser o diferencial frente \u00e0 CONCORR\u00caNCIA e ponto quase final&#8230;<\/p>\n<p style=\"text-align: justify;\">Todavia, JO\u00c3O PEDRO continua mais antenado do que nunca quanto as exig\u00eancias do MERCADO na \u00e1rea do ATENDIMENTO ODONTOL\u00d3GICO em n\u00edvel local, bem como, sempre buscando OFERECER as melhores op\u00e7\u00f5es para TRATAMENTO em CL\u00cdNICA GERAL e PR\u00d3TESE&#8230;<\/p>\n<p style=\"text-align: justify;\">A proposta desenvolvida nas atividades da ODONTOLOGIA ocorre sempre em PARCERIA entre ambos os lados, ou seja, DENTISTA e PACIENTE ou vice-versa, como sempre, dependendo da CONFIAN\u00c7A desenvolvida no decorrer do ATENDIMENTO&#8230;<\/p>\n<p style=\"text-align: justify;\">Neste contexto que envolve quest\u00f5es relacionadas com PRESTA\u00c7\u00c3O DE SERVI\u00c7OS na \u00e1rea da SA\u00daDE BUCAL, torna-se fundamental a COMPET\u00caNCIA do\/a PROFISSIONAL, desta forma, JO\u00c3O PEDRO est\u00e1 de acordo com a PROPOSTA da ODONTOLOGIA para muitos olhares \u00e0 frente do tempo do seu tempo&#8230;<\/p>\n<p style=\"text-align: justify;\">A denominada profissionaliza\u00e7\u00e3o do MERCADO deve ser uma constante em todas as \u00e1reas, haja vista que quando se trata de SA\u00daDE BUCAL deve marcar presen\u00e7a a QUALIFICA\u00c7\u00c3O e o COMPROMISSO com o\/a PACIENTE&#8230;<\/p>\n<p style=\"text-align: justify;\"><strong><em>Ao casal JO\u00c3O PAULO e MARIANGELA, dedico!<\/em><\/strong><\/p>\n<p><img loading=\"lazy\" decoding=\"async\" class=\"alignnone size-full wp-image-78388\" src=\"https:\/\/jorgezanoni.com.br\/2019\/wp-content\/uploads\/2023\/07\/dr.-Pequeno.jpg\" alt=\"\" width=\"670\" height=\"480\" srcset=\"https:\/\/jorgezanoni.com.br\/2019\/wp-content\/uploads\/2023\/07\/dr.-Pequeno.jpg 670w, https:\/\/jorgezanoni.com.br\/2019\/wp-content\/uploads\/2023\/07\/dr.-Pequeno-300x215.jpg 300w, https:\/\/jorgezanoni.com.br\/2019\/wp-content\/uploads\/2023\/07\/dr.-Pequeno-586x420.jpg 586w\" sizes=\"auto, (max-width: 670px) 100vw, 670px\" \/> <img loading=\"lazy\" decoding=\"async\" class=\"alignnone size-full wp-image-78389\" src=\"https:\/\/jorgezanoni.com.br\/2019\/wp-content\/uploads\/2023\/07\/dr1.-Pequeno.jpg\" alt=\"\" width=\"595\" height=\"480\" srcset=\"https:\/\/jorgezanoni.com.br\/2019\/wp-content\/uploads\/2023\/07\/dr1.-Pequeno.jpg 595w, https:\/\/jorgezanoni.com.br\/2019\/wp-content\/uploads\/2023\/07\/dr1.-Pequeno-300x242.jpg 300w, https:\/\/jorgezanoni.com.br\/2019\/wp-content\/uploads\/2023\/07\/dr1.-Pequeno-521x420.jpg 521w\" sizes=\"auto, (max-width: 595px) 100vw, 595px\" \/> <img loading=\"lazy\" decoding=\"async\" class=\"alignnone size-full wp-image-78391\" src=\"https:\/\/jorgezanoni.com.br\/2019\/wp-content\/uploads\/2023\/07\/dr3-Pequeno.jpg\" alt=\"\" width=\"641\" height=\"480\" srcset=\"https:\/\/jorgezanoni.com.br\/2019\/wp-content\/uploads\/2023\/07\/dr3-Pequeno.jpg 641w, https:\/\/jorgezanoni.com.br\/2019\/wp-content\/uploads\/2023\/07\/dr3-Pequeno-300x225.jpg 300w, https:\/\/jorgezanoni.com.br\/2019\/wp-content\/uploads\/2023\/07\/dr3-Pequeno-80x60.jpg 80w, https:\/\/jorgezanoni.com.br\/2019\/wp-content\/uploads\/2023\/07\/dr3-Pequeno-265x198.jpg 265w, https:\/\/jorgezanoni.com.br\/2019\/wp-content\/uploads\/2023\/07\/dr3-Pequeno-561x420.jpg 561w\" sizes=\"auto, (max-width: 641px) 100vw, 641px\" \/> <img loading=\"lazy\" decoding=\"async\" class=\"alignnone size-full wp-image-78392\" src=\"https:\/\/jorgezanoni.com.br\/2019\/wp-content\/uploads\/2023\/07\/dr4-Pequeno.jpg\" alt=\"\" width=\"480\" height=\"673\" srcset=\"https:\/\/jorgezanoni.com.br\/2019\/wp-content\/uploads\/2023\/07\/dr4-Pequeno.jpg 480w, https:\/\/jorgezanoni.com.br\/2019\/wp-content\/uploads\/2023\/07\/dr4-Pequeno-214x300.jpg 214w, https:\/\/jorgezanoni.com.br\/2019\/wp-content\/uploads\/2023\/07\/dr4-Pequeno-300x420.jpg 300w\" sizes=\"auto, (max-width: 480px) 100vw, 480px\" \/> <img loading=\"lazy\" decoding=\"async\" class=\"alignnone size-full wp-image-78393\" src=\"https:\/\/jorgezanoni.com.br\/2019\/wp-content\/uploads\/2023\/07\/dr5-Pequeno.jpg\" alt=\"\" width=\"673\" height=\"480\" srcset=\"https:\/\/jorgezanoni.com.br\/2019\/wp-content\/uploads\/2023\/07\/dr5-Pequeno.jpg 673w, https:\/\/jorgezanoni.com.br\/2019\/wp-content\/uploads\/2023\/07\/dr5-Pequeno-300x214.jpg 300w, https:\/\/jorgezanoni.com.br\/2019\/wp-content\/uploads\/2023\/07\/dr5-Pequeno-100x70.jpg 100w, https:\/\/jorgezanoni.com.br\/2019\/wp-content\/uploads\/2023\/07\/dr5-Pequeno-589x420.jpg 589w\" sizes=\"auto, (max-width: 673px) 100vw, 673px\" \/><\/p>\n<p>&nbsp;<\/p>\n<p>&nbsp;<\/p>\n<p>&nbsp;<\/p>\n<p>&nbsp;<\/p>\n<p>&nbsp;<\/p>\n<p>&nbsp;<\/p>\n<p>&nbsp;<\/p>\n<p>&nbsp;<\/p>\n<p>&nbsp;<\/p>\n<p>&nbsp;<\/p>\n<p>&nbsp;<\/p>\n<p>&nbsp;<\/p>\n<p>&nbsp;<\/p>\n<p>&nbsp;<\/p>\n<p>&nbsp;<\/p>\n","protected":false},"excerpt":{"rendered":"<p>\u201cO dentista \u00e9 um profissional atencioso, que presta aten\u00e7\u00e3o na higiene, no atendimento, nos cuidados e preza para que sejamos sempre muito bem atendidos!\u201d (Beatriz Mello) S\u00e9rgio Barbosa \/ ACEA Em tempo de PANDEMIA, faz-se necess\u00e1rio estar em conex\u00e3o com as NOVAS PROPOSTAS mediadas pelo MERCADO em todas as \u00e1reas, assim, todos\/as os\/as PROFISSIONAIS devem [&hellip;]<\/p>\n","protected":false},"author":1,"featured_media":78390,"comment_status":"closed","ping_status":"open","sticky":false,"template":"","format":"standard","meta":{"footnotes":""},"categories":[195,179,110],"tags":[],"class_list":["post-78387","post","type-post","status-publish","format-standard","has-post-thumbnail","hentry","category-adamantina","category-cidadeseregiao","category-noticiasdestaque"],"_links":{"self":[{"href":"https:\/\/jorgezanoni.com.br\/2019\/wp-json\/wp\/v2\/posts\/78387","targetHints":{"allow":["GET"]}}],"collection":[{"href":"https:\/\/jorgezanoni.com.br\/2019\/wp-json\/wp\/v2\/posts"}],"about":[{"href":"https:\/\/jorgezanoni.com.br\/2019\/wp-json\/wp\/v2\/types\/post"}],"author":[{"embeddable":true,"href":"https:\/\/jorgezanoni.com.br\/2019\/wp-json\/wp\/v2\/users\/1"}],"replies":[{"embeddable":true,"href":"https:\/\/jorgezanoni.com.br\/2019\/wp-json\/wp\/v2\/comments?post=78387"}],"version-history":[{"count":1,"href":"https:\/\/jorgezanoni.com.br\/2019\/wp-json\/wp\/v2\/posts\/78387\/revisions"}],"predecessor-version":[{"id":78394,"href":"https:\/\/jorgezanoni.com.br\/2019\/wp-json\/wp\/v2\/posts\/78387\/revisions\/78394"}],"wp:featuredmedia":[{"embeddable":true,"href":"https:\/\/jorgezanoni.com.br\/2019\/wp-json\/wp\/v2\/media\/78390"}],"wp:attachment":[{"href":"https:\/\/jorgezanoni.com.br\/2019\/wp-json\/wp\/v2\/media?parent=78387"}],"wp:term":[{"taxonomy":"category","embeddable":true,"href":"https:\/\/jorgezanoni.com.br\/2019\/wp-json\/wp\/v2\/categories?post=78387"},{"taxonomy":"post_tag","embeddable":true,"href":"https:\/\/jorgezanoni.com.br\/2019\/wp-json\/wp\/v2\/tags?post=78387"}],"curies":[{"name":"wp","href":"https:\/\/api.w.org\/{rel}","templated":true}]}}