{"id":78378,"date":"2023-07-18T23:22:58","date_gmt":"2023-07-18T23:22:58","guid":{"rendered":"https:\/\/jorgezanoni.com.br\/2019\/?p=78378"},"modified":"2023-07-18T23:24:41","modified_gmt":"2023-07-18T23:24:41","slug":"fcat-recebe-visita-do-diretor-presidente-da-fundunesp","status":"publish","type":"post","link":"https:\/\/jorgezanoni.com.br\/2019\/fcat-recebe-visita-do-diretor-presidente-da-fundunesp\/","title":{"rendered":"FCAT recebe visita do Diretor Presidente da Fundunesp"},"content":{"rendered":"<p style=\"text-align: justify;\"><strong>Professor Edson Capello foi recebido pela dire\u00e7\u00e3o do C\u00e2mpus e pelo prefeito Andr\u00e9 Lemos.<\/strong><\/p>\n<p style=\"text-align: justify;\">No dia 11 de julho de 2023, a FCAT &#8211; Faculdade de Ci\u00eancias Agr\u00e1rias e Tecnol\u00f3gicas da Unesp, C\u00e2mpus de Dracena, recebeu o professor Edson Antonio Capello Sousa, Diretor Presidente da Fundunesp &#8211; Funda\u00e7\u00e3o para o Desenvolvimento da Unesp.<\/p>\n<p>Pela manh\u00e3, o professor Capello foi recebido pelo Diretor da FCAT, professor F\u00e1bio Mingatto, pela Vice-diretora da FCAT, professora Sirlei Maest\u00e1, pelo prefeito de Dracena, Andr\u00e9 Kozan Lemos, e o assessor do Prefeito, Maykel Vicioli dos Santos. Na oportunidade foi apresentado ao prefeito o programa da Secretaria de Desenvolvimento Econ\u00f4mico que possibilita a cria\u00e7\u00e3o de um Centro de Inova\u00e7\u00e3o Tecnol\u00f3gica (CIT) no munic\u00edpio de Dracena.<\/p>\n<p style=\"text-align: justify;\">O centro (CTI) pode operar laborat\u00f3rios, fornecer servi\u00e7os de apoio tecnol\u00f3gico e certifica\u00e7\u00e3o da qualidade, verifica\u00e7\u00e3o de produtos e processos, entre outras atividades. Pode prever a forma\u00e7\u00e3o de m\u00e3o de obra especializada com o apoio de outras entidades do Estado e estar associado a incubadoras de empresas de base tecnol\u00f3gica.<\/p>\n<p style=\"text-align: justify;\">O prefeito Andr\u00e9 Lemos refor\u00e7ou o interesse para a implanta\u00e7\u00e3o do CIT em Dracena e as tratativas com a Fundunesp, em parceria com a FCAT, j\u00e1 foram iniciadas. O CIT dever\u00e1 ficar sediado no C\u00e2mpus da Unesp e a Fundunesp atuar\u00e1 como gestora do projeto.<\/p>\n<p style=\"text-align: justify;\">J\u00e1 no per\u00edodo da tarde, o professor Capello fez uma apresenta\u00e7\u00e3o aberta a todos os docentes da FCAT sobre as atividades realizadas pela Funda\u00e7\u00e3o, tais como o aux\u00edlio aos docentes na gest\u00e3o de seus projetos (Pesquisa, P&amp;D, Inova\u00e7\u00e3o, Presta\u00e7\u00e3o de Servi\u00e7os, entre outros) junto ao setor produtivo e entidades P\u00fablicas ou Privadas que t\u00eam interesse em aportar recursos nos respectivos projetos. Com foco no Marco Legal e as Leis de Inova\u00e7\u00e3o, foram discutidas algumas oportunidades associadas ao apoio \u00e0 inova\u00e7\u00e3o, e poss\u00edveis fontes de fomento (recursos financeiros) por meio de editais.<\/p>\n<p><img loading=\"lazy\" decoding=\"async\" class=\"alignnone size-full wp-image-78381\" src=\"https:\/\/jorgezanoni.com.br\/2019\/wp-content\/uploads\/2023\/07\/une-Pequeno.jpg\" alt=\"\" width=\"853\" height=\"480\" srcset=\"https:\/\/jorgezanoni.com.br\/2019\/wp-content\/uploads\/2023\/07\/une-Pequeno.jpg 853w, https:\/\/jorgezanoni.com.br\/2019\/wp-content\/uploads\/2023\/07\/une-Pequeno-300x169.jpg 300w, https:\/\/jorgezanoni.com.br\/2019\/wp-content\/uploads\/2023\/07\/une-Pequeno-768x432.jpg 768w, https:\/\/jorgezanoni.com.br\/2019\/wp-content\/uploads\/2023\/07\/une-Pequeno-696x392.jpg 696w, https:\/\/jorgezanoni.com.br\/2019\/wp-content\/uploads\/2023\/07\/une-Pequeno-746x420.jpg 746w\" sizes=\"auto, (max-width: 853px) 100vw, 853px\" \/> <img loading=\"lazy\" decoding=\"async\" class=\"alignnone size-full wp-image-78382\" src=\"https:\/\/jorgezanoni.com.br\/2019\/wp-content\/uploads\/2023\/07\/Une1-Pequeno-rotated.jpg\" alt=\"\" width=\"480\" height=\"853\" srcset=\"https:\/\/jorgezanoni.com.br\/2019\/wp-content\/uploads\/2023\/07\/Une1-Pequeno-rotated.jpg 480w, https:\/\/jorgezanoni.com.br\/2019\/wp-content\/uploads\/2023\/07\/Une1-Pequeno-169x300.jpg 169w, https:\/\/jorgezanoni.com.br\/2019\/wp-content\/uploads\/2023\/07\/Une1-Pequeno-236x420.jpg 236w\" sizes=\"auto, (max-width: 480px) 100vw, 480px\" \/> \u00a0<img loading=\"lazy\" decoding=\"async\" class=\"alignnone size-full wp-image-78384\" src=\"https:\/\/jorgezanoni.com.br\/2019\/wp-content\/uploads\/2023\/07\/Une3-Pequeno.jpeg\" alt=\"\" width=\"854\" height=\"385\" srcset=\"https:\/\/jorgezanoni.com.br\/2019\/wp-content\/uploads\/2023\/07\/Une3-Pequeno.jpeg 854w, https:\/\/jorgezanoni.com.br\/2019\/wp-content\/uploads\/2023\/07\/Une3-Pequeno-300x135.jpeg 300w, https:\/\/jorgezanoni.com.br\/2019\/wp-content\/uploads\/2023\/07\/Une3-Pequeno-768x346.jpeg 768w, https:\/\/jorgezanoni.com.br\/2019\/wp-content\/uploads\/2023\/07\/Une3-Pequeno-696x314.jpeg 696w\" sizes=\"auto, (max-width: 854px) 100vw, 854px\" \/><\/p>\n<p>Fonte: FCAT<\/p>\n<p>&nbsp;<\/p>\n<p>&nbsp;<\/p>\n","protected":false},"excerpt":{"rendered":"<p>Professor Edson Capello foi recebido pela dire\u00e7\u00e3o do C\u00e2mpus e pelo prefeito Andr\u00e9 Lemos. No dia 11 de julho de 2023, a FCAT &#8211; Faculdade de Ci\u00eancias Agr\u00e1rias e Tecnol\u00f3gicas da Unesp, C\u00e2mpus de Dracena, recebeu o professor Edson Antonio Capello Sousa, Diretor Presidente da Fundunesp &#8211; Funda\u00e7\u00e3o para o Desenvolvimento da Unesp. Pela manh\u00e3, [&hellip;]<\/p>\n","protected":false},"author":1,"featured_media":78383,"comment_status":"closed","ping_status":"open","sticky":false,"template":"","format":"standard","meta":{"footnotes":""},"categories":[110,122],"tags":[],"class_list":["post-78378","post","type-post","status-publish","format-standard","has-post-thumbnail","hentry","category-noticiasdestaque","category-saudeeducacaoeconcurso"],"_links":{"self":[{"href":"https:\/\/jorgezanoni.com.br\/2019\/wp-json\/wp\/v2\/posts\/78378","targetHints":{"allow":["GET"]}}],"collection":[{"href":"https:\/\/jorgezanoni.com.br\/2019\/wp-json\/wp\/v2\/posts"}],"about":[{"href":"https:\/\/jorgezanoni.com.br\/2019\/wp-json\/wp\/v2\/types\/post"}],"author":[{"embeddable":true,"href":"https:\/\/jorgezanoni.com.br\/2019\/wp-json\/wp\/v2\/users\/1"}],"replies":[{"embeddable":true,"href":"https:\/\/jorgezanoni.com.br\/2019\/wp-json\/wp\/v2\/comments?post=78378"}],"version-history":[{"count":2,"href":"https:\/\/jorgezanoni.com.br\/2019\/wp-json\/wp\/v2\/posts\/78378\/revisions"}],"predecessor-version":[{"id":78386,"href":"https:\/\/jorgezanoni.com.br\/2019\/wp-json\/wp\/v2\/posts\/78378\/revisions\/78386"}],"wp:featuredmedia":[{"embeddable":true,"href":"https:\/\/jorgezanoni.com.br\/2019\/wp-json\/wp\/v2\/media\/78383"}],"wp:attachment":[{"href":"https:\/\/jorgezanoni.com.br\/2019\/wp-json\/wp\/v2\/media?parent=78378"}],"wp:term":[{"taxonomy":"category","embeddable":true,"href":"https:\/\/jorgezanoni.com.br\/2019\/wp-json\/wp\/v2\/categories?post=78378"},{"taxonomy":"post_tag","embeddable":true,"href":"https:\/\/jorgezanoni.com.br\/2019\/wp-json\/wp\/v2\/tags?post=78378"}],"curies":[{"name":"wp","href":"https:\/\/api.w.org\/{rel}","templated":true}]}}