{"id":78362,"date":"2023-07-17T13:32:42","date_gmt":"2023-07-17T13:32:42","guid":{"rendered":"https:\/\/jorgezanoni.com.br\/2019\/?p=78362"},"modified":"2023-07-17T13:32:42","modified_gmt":"2023-07-17T13:32:42","slug":"morre-o-dr-lineu-r-c-ferreira-medico-oftalmologista","status":"publish","type":"post","link":"https:\/\/jorgezanoni.com.br\/2019\/morre-o-dr-lineu-r-c-ferreira-medico-oftalmologista\/","title":{"rendered":"Morre o Dr. Lineu R.C. Ferreira, m\u00e9dico oftalmologista"},"content":{"rendered":"<p style=\"text-align: justify;\">Comunicamos com pesar o falecimento do Dr. Lineu Rubens de Carvalho Ferreira de 97 anos.<\/p>\n<p style=\"text-align: justify;\">Vi\u00favo, deixa filhos, genros, noras, netos, bisnetos, demais familiares e amigos.<\/p>\n<p style=\"text-align: justify;\">Membro atuante do Rotary Clube de Dracena, tendo sido seu presidente. Um dos pioneiros da medicina em Dracena.<\/p>\n<p style=\"text-align: justify;\">O Vel\u00f3rio acontece no memorial Vida Prev a partir das 13:00 Horas de hoje (17)<\/p>\n<p style=\"text-align: justify;\">O Site JZ se solidariza com a fam\u00edlia e grande legi\u00e3o de amigos neste dif\u00edcil momento.<\/p>\n<p style=\"text-align: justify;\">Jorge Zanoni<\/p>\n","protected":false},"excerpt":{"rendered":"<p>Comunicamos com pesar o falecimento do Dr. Lineu Rubens de Carvalho Ferreira de 97 anos. Vi\u00favo, deixa filhos, genros, noras, netos, bisnetos, demais familiares e amigos. Membro atuante do Rotary Clube de Dracena, tendo sido seu presidente. Um dos pioneiros da medicina em Dracena. O Vel\u00f3rio acontece no memorial Vida Prev a partir das 13:00 [&hellip;]<\/p>\n","protected":false},"author":1,"featured_media":78363,"comment_status":"closed","ping_status":"open","sticky":false,"template":"","format":"standard","meta":{"footnotes":""},"categories":[178,110],"tags":[],"class_list":["post-78362","post","type-post","status-publish","format-standard","has-post-thumbnail","hentry","category-notadefalecimento","category-noticiasdestaque"],"_links":{"self":[{"href":"https:\/\/jorgezanoni.com.br\/2019\/wp-json\/wp\/v2\/posts\/78362","targetHints":{"allow":["GET"]}}],"collection":[{"href":"https:\/\/jorgezanoni.com.br\/2019\/wp-json\/wp\/v2\/posts"}],"about":[{"href":"https:\/\/jorgezanoni.com.br\/2019\/wp-json\/wp\/v2\/types\/post"}],"author":[{"embeddable":true,"href":"https:\/\/jorgezanoni.com.br\/2019\/wp-json\/wp\/v2\/users\/1"}],"replies":[{"embeddable":true,"href":"https:\/\/jorgezanoni.com.br\/2019\/wp-json\/wp\/v2\/comments?post=78362"}],"version-history":[{"count":1,"href":"https:\/\/jorgezanoni.com.br\/2019\/wp-json\/wp\/v2\/posts\/78362\/revisions"}],"predecessor-version":[{"id":78364,"href":"https:\/\/jorgezanoni.com.br\/2019\/wp-json\/wp\/v2\/posts\/78362\/revisions\/78364"}],"wp:featuredmedia":[{"embeddable":true,"href":"https:\/\/jorgezanoni.com.br\/2019\/wp-json\/wp\/v2\/media\/78363"}],"wp:attachment":[{"href":"https:\/\/jorgezanoni.com.br\/2019\/wp-json\/wp\/v2\/media?parent=78362"}],"wp:term":[{"taxonomy":"category","embeddable":true,"href":"https:\/\/jorgezanoni.com.br\/2019\/wp-json\/wp\/v2\/categories?post=78362"},{"taxonomy":"post_tag","embeddable":true,"href":"https:\/\/jorgezanoni.com.br\/2019\/wp-json\/wp\/v2\/tags?post=78362"}],"curies":[{"name":"wp","href":"https:\/\/api.w.org\/{rel}","templated":true}]}}