{"id":7833,"date":"2019-10-03T20:34:11","date_gmt":"2019-10-03T20:34:11","guid":{"rendered":"https:\/\/jorgezanoni.com.br\/2019\/?p=7833"},"modified":"2019-10-03T20:34:40","modified_gmt":"2019-10-03T20:34:40","slug":"devocao-a-nossa-senhora-aparecida-novena-e-festa-da-padroeira-sao-iniciadas-na-noite-de-hoje","status":"publish","type":"post","link":"https:\/\/jorgezanoni.com.br\/2019\/devocao-a-nossa-senhora-aparecida-novena-e-festa-da-padroeira-sao-iniciadas-na-noite-de-hoje\/","title":{"rendered":"Devo\u00e7\u00e3o a Nossa Senhora Aparecida: Novena e festa da padroeira s\u00e3o iniciadas na noite de hoje"},"content":{"rendered":"<p style=\"text-align: justify;\"><strong>A programa\u00e7\u00e3o em honra a padroeira do Brasil come\u00e7a hoje e termina no pr\u00f3ximo dia 12.<\/strong><\/p>\n<p>Come\u00e7a hoje, 3, a novena e festa da padroeira Nossa Senhora Aparecida 2019, em Dracena, pela par\u00f3quia que leva o nome da santa. O tema \u00e9 \u2018Com Maria: escolhidos e enviados em miss\u00e3o\u2019!<\/p>\n<p>A programa\u00e7\u00e3o tem in\u00edcio nesta quinta e segue at\u00e9 o dia em honra a padroeira do Brasil no pr\u00f3ximo dia 12.<\/p>\n<p>Conforme a par\u00f3quia, todas as celebra\u00e7\u00f5es ocorrer\u00e3o na igreja Matriz. Hoje, 3, \u00e0s 19h15, o tema tratado ser\u00e1 \u2018Maria, M\u00e3e de Jesus, Mission\u00e1rio do Pai\u2019!, celebrante padre Luiz Henrique, minist\u00e9rio lit\u00fargico comunidade Nossa Senhora das Gra\u00e7as.<\/p>\n<p>Na sexta-feira, 4, \u00e0s 19h15, o tema ser\u00e1 \u2018Maria Mission\u00e1ria: a presen\u00e7a da Igreja sem fronteiras\u2019, celebrante frei Claudemir, minist\u00e9rio lit\u00fargico comunidade Sagrado Cora\u00e7\u00e3o de Jesus. Lembrando que neste dia haver\u00e1 missas em louvor a S\u00e3o Francisco de Assis \u00e0s 7h e \u00e0s 17h, b\u00ean\u00e7\u00e3o dos animais.<\/p>\n<p>No s\u00e1bado, 5, \u00e0s 19h, o tema \u2018Maria Mission\u00e1ria: escutar o clamor dos povos!\u2019, celebrante frei Anderson e minist\u00e9rio lit\u00fargico comunidade Imaculada Concei\u00e7\u00e3o.<\/p>\n<p>No domingo, 6, \u00e0s 19h15, o tema \u2018Maria Mission\u00e1ria: cuidar do que \u00e9 de Deus\u2019, com o celebrante frei Cl\u00e1udio, minist\u00e9rio lit\u00fargico comunidade Santo Expedito.<\/p>\n<p>Na segunda, 7, \u00e0s 19h15, tema \u2018Maria Mission\u00e1ria: socorrer os feridos em sua dignidade!\u2019, celebrante frei Haroldo, minist\u00e9rio lit\u00fargico comunidade S\u00e3o Vicente de Paulo.<\/p>\n<p style=\"text-align: justify;\">Ter\u00e7a, 8, \u00e0 19h15, tema \u2018Maria Mission\u00e1ria: estar junto dos oprimidos e esquecidos!\u2019, frei Edmar ser\u00e1 o celebrante o minist\u00e9rio lit\u00fargico a cargo da comunidade S\u00e3o Crist\u00f3v\u00e3o.<\/p>\n<p style=\"text-align: justify;\">Na quarta, 19h15, \u2018Maria Mission\u00e1ria: testemunho prof\u00e9tico e de esperan\u00e7a!\u2019, com o padre \u00c2ngelo, minist\u00e9rio lit\u00fargico comunidade S\u00e3o Frei Galv\u00e3o.<\/p>\n<p style=\"text-align: justify;\">Quinta, 10, \u00e0s 19h15, \u2018Maria Mission\u00e1ria: a igreja com rosto amaz\u00f4nico!\u2019, com padre Valdo, minist\u00e9rio pela comunidade Nossa Senhora do Perp\u00e9tuo Socorro.<\/p>\n<p style=\"text-align: justify;\">Sexta, 11, \u00e0s 19h15, \u2018Maria, Senhora de Nazar\u00e9, Rainha da Amaz\u00f4nia!\u2019, celebrante frei Airton e minist\u00e9rio lit\u00fargico da Matriz.<\/p>\n<p style=\"text-align: justify;\">S\u00e1bado, 12, dia da padroeira \u2013 11h ter\u00e7o e 18h missa solene, coroa\u00e7\u00e3o de Nossa Senhora Aparecida e prociss\u00e3o.<\/p>\n<p style=\"text-align: justify;\">Fonte: Portal Regional<\/p>\n","protected":false},"excerpt":{"rendered":"<p>A programa\u00e7\u00e3o em honra a padroeira do Brasil come\u00e7a hoje e termina no pr\u00f3ximo dia 12. Come\u00e7a hoje, 3, a novena e festa da padroeira Nossa Senhora Aparecida 2019, em Dracena, pela par\u00f3quia que leva o nome da santa. O tema \u00e9 \u2018Com Maria: escolhidos e enviados em miss\u00e3o\u2019! A programa\u00e7\u00e3o tem in\u00edcio nesta quinta [&hellip;]<\/p>\n","protected":false},"author":1,"featured_media":7834,"comment_status":"closed","ping_status":"open","sticky":false,"template":"","format":"standard","meta":{"footnotes":""},"categories":[110,118],"tags":[],"class_list":["post-7833","post","type-post","status-publish","format-standard","has-post-thumbnail","hentry","category-noticiasdestaque","category-religiaoesolidariedade"],"_links":{"self":[{"href":"https:\/\/jorgezanoni.com.br\/2019\/wp-json\/wp\/v2\/posts\/7833","targetHints":{"allow":["GET"]}}],"collection":[{"href":"https:\/\/jorgezanoni.com.br\/2019\/wp-json\/wp\/v2\/posts"}],"about":[{"href":"https:\/\/jorgezanoni.com.br\/2019\/wp-json\/wp\/v2\/types\/post"}],"author":[{"embeddable":true,"href":"https:\/\/jorgezanoni.com.br\/2019\/wp-json\/wp\/v2\/users\/1"}],"replies":[{"embeddable":true,"href":"https:\/\/jorgezanoni.com.br\/2019\/wp-json\/wp\/v2\/comments?post=7833"}],"version-history":[{"count":0,"href":"https:\/\/jorgezanoni.com.br\/2019\/wp-json\/wp\/v2\/posts\/7833\/revisions"}],"wp:featuredmedia":[{"embeddable":true,"href":"https:\/\/jorgezanoni.com.br\/2019\/wp-json\/wp\/v2\/media\/7834"}],"wp:attachment":[{"href":"https:\/\/jorgezanoni.com.br\/2019\/wp-json\/wp\/v2\/media?parent=7833"}],"wp:term":[{"taxonomy":"category","embeddable":true,"href":"https:\/\/jorgezanoni.com.br\/2019\/wp-json\/wp\/v2\/categories?post=7833"},{"taxonomy":"post_tag","embeddable":true,"href":"https:\/\/jorgezanoni.com.br\/2019\/wp-json\/wp\/v2\/tags?post=7833"}],"curies":[{"name":"wp","href":"https:\/\/api.w.org\/{rel}","templated":true}]}}