{"id":78288,"date":"2023-07-15T13:00:48","date_gmt":"2023-07-15T13:00:48","guid":{"rendered":"https:\/\/jorgezanoni.com.br\/2019\/?p=78288"},"modified":"2023-07-15T13:00:48","modified_gmt":"2023-07-15T13:00:48","slug":"aniversariantes-do-dia-15-07-23","status":"publish","type":"post","link":"https:\/\/jorgezanoni.com.br\/2019\/aniversariantes-do-dia-15-07-23\/","title":{"rendered":"Aniversariantes do Dia 15\/07\/23"},"content":{"rendered":"<p>O SITE JZ PARABENIZA OS ANIVERSARIANTES DE HOJE:<\/p>\n<p><img loading=\"lazy\" decoding=\"async\" class=\"alignnone size-full wp-image-78290\" src=\"https:\/\/jorgezanoni.com.br\/2019\/wp-content\/uploads\/2023\/07\/Edilene-Francineide-2-Pequeno.jpg\" alt=\"\" width=\"480\" height=\"583\" srcset=\"https:\/\/jorgezanoni.com.br\/2019\/wp-content\/uploads\/2023\/07\/Edilene-Francineide-2-Pequeno.jpg 480w, https:\/\/jorgezanoni.com.br\/2019\/wp-content\/uploads\/2023\/07\/Edilene-Francineide-2-Pequeno-247x300.jpg 247w, https:\/\/jorgezanoni.com.br\/2019\/wp-content\/uploads\/2023\/07\/Edilene-Francineide-2-Pequeno-346x420.jpg 346w\" sizes=\"auto, (max-width: 480px) 100vw, 480px\" \/>Edilene Francineide<\/p>\n<p><img loading=\"lazy\" decoding=\"async\" class=\"alignnone size-full wp-image-78291\" src=\"https:\/\/jorgezanoni.com.br\/2019\/wp-content\/uploads\/2023\/07\/Graziela-Carla-Alves-Pequeno.jpg\" alt=\"\" width=\"480\" height=\"480\" srcset=\"https:\/\/jorgezanoni.com.br\/2019\/wp-content\/uploads\/2023\/07\/Graziela-Carla-Alves-Pequeno.jpg 480w, https:\/\/jorgezanoni.com.br\/2019\/wp-content\/uploads\/2023\/07\/Graziela-Carla-Alves-Pequeno-300x300.jpg 300w, https:\/\/jorgezanoni.com.br\/2019\/wp-content\/uploads\/2023\/07\/Graziela-Carla-Alves-Pequeno-150x150.jpg 150w, https:\/\/jorgezanoni.com.br\/2019\/wp-content\/uploads\/2023\/07\/Graziela-Carla-Alves-Pequeno-420x420.jpg 420w\" sizes=\"auto, (max-width: 480px) 100vw, 480px\" \/>Graziela Carla Alves<\/p>\n<p><img loading=\"lazy\" decoding=\"async\" class=\"alignnone size-full wp-image-78292\" src=\"https:\/\/jorgezanoni.com.br\/2019\/wp-content\/uploads\/2023\/07\/Joao-Fernandes-Prexe-2-Pequeno.jpg\" alt=\"\" width=\"480\" height=\"546\" srcset=\"https:\/\/jorgezanoni.com.br\/2019\/wp-content\/uploads\/2023\/07\/Joao-Fernandes-Prexe-2-Pequeno.jpg 480w, https:\/\/jorgezanoni.com.br\/2019\/wp-content\/uploads\/2023\/07\/Joao-Fernandes-Prexe-2-Pequeno-264x300.jpg 264w, https:\/\/jorgezanoni.com.br\/2019\/wp-content\/uploads\/2023\/07\/Joao-Fernandes-Prexe-2-Pequeno-369x420.jpg 369w\" sizes=\"auto, (max-width: 480px) 100vw, 480px\" \/>Jo\u00e3o Fernandes Prexe<\/p>\n<p><img loading=\"lazy\" decoding=\"async\" class=\"alignnone size-full wp-image-78293\" src=\"https:\/\/jorgezanoni.com.br\/2019\/wp-content\/uploads\/2023\/07\/Leide-Machado-2-Pequeno.jpg\" alt=\"\" width=\"480\" height=\"530\" srcset=\"https:\/\/jorgezanoni.com.br\/2019\/wp-content\/uploads\/2023\/07\/Leide-Machado-2-Pequeno.jpg 480w, https:\/\/jorgezanoni.com.br\/2019\/wp-content\/uploads\/2023\/07\/Leide-Machado-2-Pequeno-272x300.jpg 272w, https:\/\/jorgezanoni.com.br\/2019\/wp-content\/uploads\/2023\/07\/Leide-Machado-2-Pequeno-380x420.jpg 380w\" sizes=\"auto, (max-width: 480px) 100vw, 480px\" \/>Leide Machado<\/p>\n<p><img loading=\"lazy\" decoding=\"async\" class=\"alignnone size-full wp-image-78294\" src=\"https:\/\/jorgezanoni.com.br\/2019\/wp-content\/uploads\/2023\/07\/Lena-e-Jorge-Zanoni-Pequeno-2.jpg\" alt=\"\" width=\"366\" height=\"492\" srcset=\"https:\/\/jorgezanoni.com.br\/2019\/wp-content\/uploads\/2023\/07\/Lena-e-Jorge-Zanoni-Pequeno-2.jpg 366w, https:\/\/jorgezanoni.com.br\/2019\/wp-content\/uploads\/2023\/07\/Lena-e-Jorge-Zanoni-Pequeno-2-223x300.jpg 223w, https:\/\/jorgezanoni.com.br\/2019\/wp-content\/uploads\/2023\/07\/Lena-e-Jorge-Zanoni-Pequeno-2-312x420.jpg 312w\" sizes=\"auto, (max-width: 366px) 100vw, 366px\" \/>Lena e Jorge Zanoni (45 anos de casamento)<\/p>\n<p><img loading=\"lazy\" decoding=\"async\" class=\"alignnone size-full wp-image-78295\" src=\"https:\/\/jorgezanoni.com.br\/2019\/wp-content\/uploads\/2023\/07\/Leticia-Abila-2-Pequeno.jpg\" alt=\"\" width=\"480\" height=\"630\" srcset=\"https:\/\/jorgezanoni.com.br\/2019\/wp-content\/uploads\/2023\/07\/Leticia-Abila-2-Pequeno.jpg 480w, https:\/\/jorgezanoni.com.br\/2019\/wp-content\/uploads\/2023\/07\/Leticia-Abila-2-Pequeno-229x300.jpg 229w, https:\/\/jorgezanoni.com.br\/2019\/wp-content\/uploads\/2023\/07\/Leticia-Abila-2-Pequeno-320x420.jpg 320w\" sizes=\"auto, (max-width: 480px) 100vw, 480px\" \/>Letiia Abila<\/p>\n<p><img loading=\"lazy\" decoding=\"async\" class=\"alignnone size-full wp-image-78296\" src=\"https:\/\/jorgezanoni.com.br\/2019\/wp-content\/uploads\/2023\/07\/Malu-Mendes-Pequeno.jpg\" alt=\"\" width=\"480\" height=\"482\" srcset=\"https:\/\/jorgezanoni.com.br\/2019\/wp-content\/uploads\/2023\/07\/Malu-Mendes-Pequeno.jpg 480w, https:\/\/jorgezanoni.com.br\/2019\/wp-content\/uploads\/2023\/07\/Malu-Mendes-Pequeno-300x300.jpg 300w, https:\/\/jorgezanoni.com.br\/2019\/wp-content\/uploads\/2023\/07\/Malu-Mendes-Pequeno-150x150.jpg 150w, https:\/\/jorgezanoni.com.br\/2019\/wp-content\/uploads\/2023\/07\/Malu-Mendes-Pequeno-418x420.jpg 418w\" sizes=\"auto, (max-width: 480px) 100vw, 480px\" \/>Malu Mendes<\/p>\n<p><img loading=\"lazy\" decoding=\"async\" class=\"alignnone size-full wp-image-78297\" src=\"https:\/\/jorgezanoni.com.br\/2019\/wp-content\/uploads\/2023\/07\/Maria-Jose-Araujo-2-Pequeno.jpg\" alt=\"\" width=\"480\" height=\"543\" srcset=\"https:\/\/jorgezanoni.com.br\/2019\/wp-content\/uploads\/2023\/07\/Maria-Jose-Araujo-2-Pequeno.jpg 480w, https:\/\/jorgezanoni.com.br\/2019\/wp-content\/uploads\/2023\/07\/Maria-Jose-Araujo-2-Pequeno-265x300.jpg 265w, https:\/\/jorgezanoni.com.br\/2019\/wp-content\/uploads\/2023\/07\/Maria-Jose-Araujo-2-Pequeno-371x420.jpg 371w\" sizes=\"auto, (max-width: 480px) 100vw, 480px\" \/>Maria Jos\u00e9 Ara\u00fajo<\/p>\n<p><img loading=\"lazy\" decoding=\"async\" class=\"alignnone size-full wp-image-78298\" src=\"https:\/\/jorgezanoni.com.br\/2019\/wp-content\/uploads\/2023\/07\/Mary-Helena-Alves-Pequeno.jpg\" alt=\"\" width=\"480\" height=\"480\" srcset=\"https:\/\/jorgezanoni.com.br\/2019\/wp-content\/uploads\/2023\/07\/Mary-Helena-Alves-Pequeno.jpg 480w, https:\/\/jorgezanoni.com.br\/2019\/wp-content\/uploads\/2023\/07\/Mary-Helena-Alves-Pequeno-300x300.jpg 300w, https:\/\/jorgezanoni.com.br\/2019\/wp-content\/uploads\/2023\/07\/Mary-Helena-Alves-Pequeno-150x150.jpg 150w, https:\/\/jorgezanoni.com.br\/2019\/wp-content\/uploads\/2023\/07\/Mary-Helena-Alves-Pequeno-420x420.jpg 420w\" sizes=\"auto, (max-width: 480px) 100vw, 480px\" \/>Mary Helena Alves<\/p>\n<p><img loading=\"lazy\" decoding=\"async\" class=\"alignnone size-full wp-image-78299\" src=\"https:\/\/jorgezanoni.com.br\/2019\/wp-content\/uploads\/2023\/07\/Talita-Mazzaro-2-Pequeno.jpg\" alt=\"\" width=\"480\" height=\"626\" srcset=\"https:\/\/jorgezanoni.com.br\/2019\/wp-content\/uploads\/2023\/07\/Talita-Mazzaro-2-Pequeno.jpg 480w, https:\/\/jorgezanoni.com.br\/2019\/wp-content\/uploads\/2023\/07\/Talita-Mazzaro-2-Pequeno-230x300.jpg 230w, https:\/\/jorgezanoni.com.br\/2019\/wp-content\/uploads\/2023\/07\/Talita-Mazzaro-2-Pequeno-322x420.jpg 322w\" sizes=\"auto, (max-width: 480px) 100vw, 480px\" \/>Talita Mazzaro<\/p>\n<p><img loading=\"lazy\" decoding=\"async\" class=\"alignnone size-full wp-image-78300\" src=\"https:\/\/jorgezanoni.com.br\/2019\/wp-content\/uploads\/2023\/07\/Vailda-Santos-Pequeno.jpg\" alt=\"\" width=\"480\" height=\"482\" srcset=\"https:\/\/jorgezanoni.com.br\/2019\/wp-content\/uploads\/2023\/07\/Vailda-Santos-Pequeno.jpg 480w, https:\/\/jorgezanoni.com.br\/2019\/wp-content\/uploads\/2023\/07\/Vailda-Santos-Pequeno-300x300.jpg 300w, https:\/\/jorgezanoni.com.br\/2019\/wp-content\/uploads\/2023\/07\/Vailda-Santos-Pequeno-150x150.jpg 150w, https:\/\/jorgezanoni.com.br\/2019\/wp-content\/uploads\/2023\/07\/Vailda-Santos-Pequeno-418x420.jpg 418w\" sizes=\"auto, (max-width: 480px) 100vw, 480px\" \/>Vailda Santos<\/p>\n","protected":false},"excerpt":{"rendered":"<p>O SITE JZ PARABENIZA OS ANIVERSARIANTES DE HOJE: Edilene Francineide Graziela Carla Alves Jo\u00e3o Fernandes Prexe Leide Machado Lena e Jorge Zanoni (45 anos de casamento) Letiia Abila Malu Mendes Maria Jos\u00e9 Ara\u00fajo Mary Helena Alves Talita Mazzaro Vailda Santos<\/p>\n","protected":false},"author":1,"featured_media":78298,"comment_status":"closed","ping_status":"open","sticky":false,"template":"","format":"standard","meta":{"footnotes":""},"categories":[174,110],"tags":[],"class_list":["post-78288","post","type-post","status-publish","format-standard","has-post-thumbnail","hentry","category-aniversariantes","category-noticiasdestaque"],"_links":{"self":[{"href":"https:\/\/jorgezanoni.com.br\/2019\/wp-json\/wp\/v2\/posts\/78288","targetHints":{"allow":["GET"]}}],"collection":[{"href":"https:\/\/jorgezanoni.com.br\/2019\/wp-json\/wp\/v2\/posts"}],"about":[{"href":"https:\/\/jorgezanoni.com.br\/2019\/wp-json\/wp\/v2\/types\/post"}],"author":[{"embeddable":true,"href":"https:\/\/jorgezanoni.com.br\/2019\/wp-json\/wp\/v2\/users\/1"}],"replies":[{"embeddable":true,"href":"https:\/\/jorgezanoni.com.br\/2019\/wp-json\/wp\/v2\/comments?post=78288"}],"version-history":[{"count":1,"href":"https:\/\/jorgezanoni.com.br\/2019\/wp-json\/wp\/v2\/posts\/78288\/revisions"}],"predecessor-version":[{"id":78301,"href":"https:\/\/jorgezanoni.com.br\/2019\/wp-json\/wp\/v2\/posts\/78288\/revisions\/78301"}],"wp:featuredmedia":[{"embeddable":true,"href":"https:\/\/jorgezanoni.com.br\/2019\/wp-json\/wp\/v2\/media\/78298"}],"wp:attachment":[{"href":"https:\/\/jorgezanoni.com.br\/2019\/wp-json\/wp\/v2\/media?parent=78288"}],"wp:term":[{"taxonomy":"category","embeddable":true,"href":"https:\/\/jorgezanoni.com.br\/2019\/wp-json\/wp\/v2\/categories?post=78288"},{"taxonomy":"post_tag","embeddable":true,"href":"https:\/\/jorgezanoni.com.br\/2019\/wp-json\/wp\/v2\/tags?post=78288"}],"curies":[{"name":"wp","href":"https:\/\/api.w.org\/{rel}","templated":true}]}}