{"id":78281,"date":"2023-07-14T22:30:06","date_gmt":"2023-07-14T22:30:06","guid":{"rendered":"https:\/\/jorgezanoni.com.br\/2019\/?p=78281"},"modified":"2023-07-14T22:30:06","modified_gmt":"2023-07-14T22:30:06","slug":"motorista-perde-o-controle-de-direcao-e-capota-em-trevo-de-dracena","status":"publish","type":"post","link":"https:\/\/jorgezanoni.com.br\/2019\/motorista-perde-o-controle-de-direcao-e-capota-em-trevo-de-dracena\/","title":{"rendered":"Motorista perde o controle de dire\u00e7\u00e3o e capota em trevo de Dracena"},"content":{"rendered":"<p style=\"text-align: justify;\"><strong>Acidente aconteceu em al\u00e7a de acesso no conhecido trevo da Santa, ningu\u00e9m se feriu.<\/strong><\/p>\n<p style=\"text-align: justify;\">Segundo informa\u00e7\u00f5es obtidas no local pela reportagem do SITE JZ e TOP TV, em conversa com o pr\u00f3prio condutor, ele fazia o sentido Junqueir\u00f3polis a Tupi Paulita, quando foi adentrar a al\u00e7a do trevo da Avenida Jos\u00e9 Bonif\u00e1cio e teve a vis\u00e3o ofuscada pelo Sol.<\/p>\n<p style=\"text-align: justify;\">O ve\u00edculo Fiat Strada, acabou batendo em uma placa e capotando, ficando com as 4 rodas viradas para o alto. O motorista que \u00e9 morador de Bauru, e tinha uma carga de pe\u00e7as e escapamentos, n\u00e3o se feriu.<\/p>\n<p style=\"text-align: justify;\">O material ficou espalhado pelo asfalto e com ajuda de populares e funcion\u00e1rios da Concession\u00e1ria Eixo, foi todo recolhido e colocado novamente no carro, que saiu do local guinchado.<\/p>\n<p>A al\u00e7a do acesso ficou interditada por aproximadamente duas horas.<\/p>\n<p><img loading=\"lazy\" decoding=\"async\" class=\"alignnone size-full wp-image-78282\" src=\"https:\/\/jorgezanoni.com.br\/2019\/wp-content\/uploads\/2023\/07\/capote-14-07-1-Pequeno.jpg\" alt=\"\" width=\"854\" height=\"394\" srcset=\"https:\/\/jorgezanoni.com.br\/2019\/wp-content\/uploads\/2023\/07\/capote-14-07-1-Pequeno.jpg 854w, https:\/\/jorgezanoni.com.br\/2019\/wp-content\/uploads\/2023\/07\/capote-14-07-1-Pequeno-300x138.jpg 300w, https:\/\/jorgezanoni.com.br\/2019\/wp-content\/uploads\/2023\/07\/capote-14-07-1-Pequeno-768x354.jpg 768w, https:\/\/jorgezanoni.com.br\/2019\/wp-content\/uploads\/2023\/07\/capote-14-07-1-Pequeno-696x321.jpg 696w\" sizes=\"auto, (max-width: 854px) 100vw, 854px\" \/> <img loading=\"lazy\" decoding=\"async\" class=\"alignnone size-full wp-image-78284\" src=\"https:\/\/jorgezanoni.com.br\/2019\/wp-content\/uploads\/2023\/07\/capote-14-07-5-Pequeno.jpg\" alt=\"\" width=\"854\" height=\"394\" srcset=\"https:\/\/jorgezanoni.com.br\/2019\/wp-content\/uploads\/2023\/07\/capote-14-07-5-Pequeno.jpg 854w, https:\/\/jorgezanoni.com.br\/2019\/wp-content\/uploads\/2023\/07\/capote-14-07-5-Pequeno-300x138.jpg 300w, https:\/\/jorgezanoni.com.br\/2019\/wp-content\/uploads\/2023\/07\/capote-14-07-5-Pequeno-768x354.jpg 768w, https:\/\/jorgezanoni.com.br\/2019\/wp-content\/uploads\/2023\/07\/capote-14-07-5-Pequeno-696x321.jpg 696w\" sizes=\"auto, (max-width: 854px) 100vw, 854px\" \/> <img loading=\"lazy\" decoding=\"async\" class=\"alignnone size-full wp-image-78285\" src=\"https:\/\/jorgezanoni.com.br\/2019\/wp-content\/uploads\/2023\/07\/capote-14-07-6-Pequeno.jpg\" alt=\"\" width=\"854\" height=\"394\" srcset=\"https:\/\/jorgezanoni.com.br\/2019\/wp-content\/uploads\/2023\/07\/capote-14-07-6-Pequeno.jpg 854w, https:\/\/jorgezanoni.com.br\/2019\/wp-content\/uploads\/2023\/07\/capote-14-07-6-Pequeno-300x138.jpg 300w, https:\/\/jorgezanoni.com.br\/2019\/wp-content\/uploads\/2023\/07\/capote-14-07-6-Pequeno-768x354.jpg 768w, https:\/\/jorgezanoni.com.br\/2019\/wp-content\/uploads\/2023\/07\/capote-14-07-6-Pequeno-696x321.jpg 696w\" sizes=\"auto, (max-width: 854px) 100vw, 854px\" \/><\/p>\n<p style=\"text-align: justify;\">Jorge Zanoni<\/p>\n<p>&nbsp;<\/p>\n","protected":false},"excerpt":{"rendered":"<p>Acidente aconteceu em al\u00e7a de acesso no conhecido trevo da Santa, ningu\u00e9m se feriu. Segundo informa\u00e7\u00f5es obtidas no local pela reportagem do SITE JZ e TOP TV, em conversa com o pr\u00f3prio condutor, ele fazia o sentido Junqueir\u00f3polis a Tupi Paulita, quando foi adentrar a al\u00e7a do trevo da Avenida Jos\u00e9 Bonif\u00e1cio e teve a [&hellip;]<\/p>\n","protected":false},"author":1,"featured_media":78283,"comment_status":"closed","ping_status":"open","sticky":false,"template":"","format":"standard","meta":{"footnotes":""},"categories":[170,110],"tags":[],"class_list":["post-78281","post","type-post","status-publish","format-standard","has-post-thumbnail","hentry","category-acidentes","category-noticiasdestaque"],"_links":{"self":[{"href":"https:\/\/jorgezanoni.com.br\/2019\/wp-json\/wp\/v2\/posts\/78281","targetHints":{"allow":["GET"]}}],"collection":[{"href":"https:\/\/jorgezanoni.com.br\/2019\/wp-json\/wp\/v2\/posts"}],"about":[{"href":"https:\/\/jorgezanoni.com.br\/2019\/wp-json\/wp\/v2\/types\/post"}],"author":[{"embeddable":true,"href":"https:\/\/jorgezanoni.com.br\/2019\/wp-json\/wp\/v2\/users\/1"}],"replies":[{"embeddable":true,"href":"https:\/\/jorgezanoni.com.br\/2019\/wp-json\/wp\/v2\/comments?post=78281"}],"version-history":[{"count":1,"href":"https:\/\/jorgezanoni.com.br\/2019\/wp-json\/wp\/v2\/posts\/78281\/revisions"}],"predecessor-version":[{"id":78286,"href":"https:\/\/jorgezanoni.com.br\/2019\/wp-json\/wp\/v2\/posts\/78281\/revisions\/78286"}],"wp:featuredmedia":[{"embeddable":true,"href":"https:\/\/jorgezanoni.com.br\/2019\/wp-json\/wp\/v2\/media\/78283"}],"wp:attachment":[{"href":"https:\/\/jorgezanoni.com.br\/2019\/wp-json\/wp\/v2\/media?parent=78281"}],"wp:term":[{"taxonomy":"category","embeddable":true,"href":"https:\/\/jorgezanoni.com.br\/2019\/wp-json\/wp\/v2\/categories?post=78281"},{"taxonomy":"post_tag","embeddable":true,"href":"https:\/\/jorgezanoni.com.br\/2019\/wp-json\/wp\/v2\/tags?post=78281"}],"curies":[{"name":"wp","href":"https:\/\/api.w.org\/{rel}","templated":true}]}}