{"id":7825,"date":"2019-10-03T16:59:10","date_gmt":"2019-10-03T16:59:10","guid":{"rendered":"https:\/\/jorgezanoni.com.br\/2019\/?p=7825"},"modified":"2019-10-03T16:59:10","modified_gmt":"2019-10-03T16:59:10","slug":"neste-proximo-domingo-ocorre-a-eleicao-do-conselho-tutelar-em-dracena","status":"publish","type":"post","link":"https:\/\/jorgezanoni.com.br\/2019\/neste-proximo-domingo-ocorre-a-eleicao-do-conselho-tutelar-em-dracena\/","title":{"rendered":"Neste pr\u00f3ximo domingo ocorre a elei\u00e7\u00e3o do Conselho Tutelar em Dracena"},"content":{"rendered":"<p style=\"text-align: justify;\">No pr\u00f3ximo <strong>domingo (6)<\/strong>, acontece a elei\u00e7\u00e3o do Conselho Tutelar em Dracena.<\/p>\n<p style=\"text-align: justify;\">S\u00e3o 17 candidatos sendo 16 mulheres e 1 homem que disputam 5 vagas para ocupar o cargo.<\/p>\n<p style=\"text-align: justify;\"><strong>ATEN\u00c7\u00c3O:<\/strong><\/p>\n<p style=\"text-align: justify;\">A vota\u00e7\u00e3o ocorre das <strong>8 \u00e0s 15 Horas na Escola Jo\u00e3o Vendramini<\/strong><\/p>\n<p style=\"text-align: justify;\">Todos os eleitores de Dracena podem votar, pois a listagem no local ser\u00e1 fornecida pelo Cart\u00f3rio Eleitoral.<\/p>\n<p style=\"text-align: justify;\">Levar o T\u00edtulo Eleitoral ou Documento original com Foto<\/p>\n<p style=\"text-align: justify;\">\u00c9 importante todos participarem e fazer bem sua escolha, pois essas 5 pessoas que cuidar\u00e3o e tentar\u00e3o resolver os mais diversos problemas das crian\u00e7as e adolescentes da cidade.<\/p>\n<p>CONFIRA AS FOTOS E NOMES DOS CANDIDATOS(as)<\/p>\n<p><img loading=\"lazy\" decoding=\"async\" class=\"alignnone size-full wp-image-7826\" src=\"https:\/\/jorgezanoni.com.br\/2019\/wp-content\/uploads\/2019\/10\/CONSELHO-1.jpg\" alt=\"\" width=\"700\" height=\"700\" srcset=\"https:\/\/jorgezanoni.com.br\/2019\/wp-content\/uploads\/2019\/10\/CONSELHO-1.jpg 700w, https:\/\/jorgezanoni.com.br\/2019\/wp-content\/uploads\/2019\/10\/CONSELHO-1-150x150.jpg 150w, https:\/\/jorgezanoni.com.br\/2019\/wp-content\/uploads\/2019\/10\/CONSELHO-1-300x300.jpg 300w, https:\/\/jorgezanoni.com.br\/2019\/wp-content\/uploads\/2019\/10\/CONSELHO-1-696x696.jpg 696w, https:\/\/jorgezanoni.com.br\/2019\/wp-content\/uploads\/2019\/10\/CONSELHO-1-420x420.jpg 420w\" sizes=\"auto, (max-width: 700px) 100vw, 700px\" \/><img loading=\"lazy\" decoding=\"async\" class=\"alignnone size-full wp-image-7827\" src=\"https:\/\/jorgezanoni.com.br\/2019\/wp-content\/uploads\/2019\/10\/conselho2.jpg\" alt=\"\" width=\"700\" height=\"700\" srcset=\"https:\/\/jorgezanoni.com.br\/2019\/wp-content\/uploads\/2019\/10\/conselho2.jpg 700w, https:\/\/jorgezanoni.com.br\/2019\/wp-content\/uploads\/2019\/10\/conselho2-150x150.jpg 150w, https:\/\/jorgezanoni.com.br\/2019\/wp-content\/uploads\/2019\/10\/conselho2-300x300.jpg 300w, https:\/\/jorgezanoni.com.br\/2019\/wp-content\/uploads\/2019\/10\/conselho2-696x696.jpg 696w, https:\/\/jorgezanoni.com.br\/2019\/wp-content\/uploads\/2019\/10\/conselho2-420x420.jpg 420w\" sizes=\"auto, (max-width: 700px) 100vw, 700px\" \/><img loading=\"lazy\" decoding=\"async\" class=\"alignnone size-full wp-image-7828\" src=\"https:\/\/jorgezanoni.com.br\/2019\/wp-content\/uploads\/2019\/10\/conselho-2.jpg\" alt=\"\" width=\"700\" height=\"700\" srcset=\"https:\/\/jorgezanoni.com.br\/2019\/wp-content\/uploads\/2019\/10\/conselho-2.jpg 700w, https:\/\/jorgezanoni.com.br\/2019\/wp-content\/uploads\/2019\/10\/conselho-2-150x150.jpg 150w, https:\/\/jorgezanoni.com.br\/2019\/wp-content\/uploads\/2019\/10\/conselho-2-300x300.jpg 300w, https:\/\/jorgezanoni.com.br\/2019\/wp-content\/uploads\/2019\/10\/conselho-2-696x696.jpg 696w, https:\/\/jorgezanoni.com.br\/2019\/wp-content\/uploads\/2019\/10\/conselho-2-420x420.jpg 420w\" sizes=\"auto, (max-width: 700px) 100vw, 700px\" \/><\/p>\n<p>Jorge Zanoni<\/p>\n<p style=\"text-align: justify;\">\n<p>&nbsp;<\/p>\n<div id=\"gallery-1\" class=\"gallery galleryid-214055 gallery-columns-1 gallery-size-td_696x385\" data-carousel-extra=\"{&quot;blog_id&quot;:1,&quot;permalink&quot;:&quot;https:\\\/\\\/portalregional.net.br\\\/noticias\\\/cidade\\\/domingo-ocorre-eleicao-do-conselho-tutelar-em-dracena\\\/&quot;}\">\n<figure class=\"gallery-item\">\n<div class=\"gallery-icon landscape\"><\/div>\n<\/figure>\n<\/div>\n","protected":false},"excerpt":{"rendered":"<p>No pr\u00f3ximo domingo (6), acontece a elei\u00e7\u00e3o do Conselho Tutelar em Dracena. S\u00e3o 17 candidatos sendo 16 mulheres e 1 homem que disputam 5 vagas para ocupar o cargo. ATEN\u00c7\u00c3O: A vota\u00e7\u00e3o ocorre das 8 \u00e0s 15 Horas na Escola Jo\u00e3o Vendramini Todos os eleitores de Dracena podem votar, pois a listagem no local ser\u00e1 [&hellip;]<\/p>\n","protected":false},"author":1,"featured_media":7829,"comment_status":"closed","ping_status":"open","sticky":false,"template":"","format":"standard","meta":{"footnotes":""},"categories":[114,110],"tags":[],"class_list":["post-7825","post","type-post","status-publish","format-standard","has-post-thumbnail","hentry","category-geralecomercio","category-noticiasdestaque"],"_links":{"self":[{"href":"https:\/\/jorgezanoni.com.br\/2019\/wp-json\/wp\/v2\/posts\/7825","targetHints":{"allow":["GET"]}}],"collection":[{"href":"https:\/\/jorgezanoni.com.br\/2019\/wp-json\/wp\/v2\/posts"}],"about":[{"href":"https:\/\/jorgezanoni.com.br\/2019\/wp-json\/wp\/v2\/types\/post"}],"author":[{"embeddable":true,"href":"https:\/\/jorgezanoni.com.br\/2019\/wp-json\/wp\/v2\/users\/1"}],"replies":[{"embeddable":true,"href":"https:\/\/jorgezanoni.com.br\/2019\/wp-json\/wp\/v2\/comments?post=7825"}],"version-history":[{"count":0,"href":"https:\/\/jorgezanoni.com.br\/2019\/wp-json\/wp\/v2\/posts\/7825\/revisions"}],"wp:featuredmedia":[{"embeddable":true,"href":"https:\/\/jorgezanoni.com.br\/2019\/wp-json\/wp\/v2\/media\/7829"}],"wp:attachment":[{"href":"https:\/\/jorgezanoni.com.br\/2019\/wp-json\/wp\/v2\/media?parent=7825"}],"wp:term":[{"taxonomy":"category","embeddable":true,"href":"https:\/\/jorgezanoni.com.br\/2019\/wp-json\/wp\/v2\/categories?post=7825"},{"taxonomy":"post_tag","embeddable":true,"href":"https:\/\/jorgezanoni.com.br\/2019\/wp-json\/wp\/v2\/tags?post=7825"}],"curies":[{"name":"wp","href":"https:\/\/api.w.org\/{rel}","templated":true}]}}