{"id":78234,"date":"2023-07-12T16:06:35","date_gmt":"2023-07-12T16:06:35","guid":{"rendered":"https:\/\/jorgezanoni.com.br\/2019\/?p=78234"},"modified":"2023-07-12T16:10:25","modified_gmt":"2023-07-12T16:10:25","slug":"aposentado-de-andradina-morre-em-acidente-na-integracao-apos-deixar-esposa-no-trabalho","status":"publish","type":"post","link":"https:\/\/jorgezanoni.com.br\/2019\/aposentado-de-andradina-morre-em-acidente-na-integracao-apos-deixar-esposa-no-trabalho\/","title":{"rendered":"Aposentado de Andradina morre em acidente na Integra\u00e7\u00e3o ap\u00f3s deixar esposa no trabalho"},"content":{"rendered":"<p style=\"text-align: justify;\">O aposentado Get\u00falio Matias da Silva, morador de Andradina, morreu num acidente de tr\u00e2nsito entre uma caminhonete e um Gol, na manh\u00e3 desta quarta-feira 12, na Rodovia da Integra\u00e7\u00e3o, em Andradina, quase divisa com Nova Independ\u00eancia.<br \/>\nAs causas da colis\u00e3o frontal ainda s\u00e3o desconhecidas e ser\u00e3o apuradas pela Pol\u00edcia Civil, mas se deduz que a caminhonete, de uma empresa de Andradina e dirigida por uma mulher, teria invadido a pista oposta onde circulava o Gol dirigido por Get\u00falio.<br \/>\nSegundo informa\u00e7\u00f5es obtidas pela reportagem do Impacto Online, \u00fanica a estar no local, o aposentado retornava da Usina Ip\u00ea, onde deixara a esposa para trabalhar na \u00e1rea agr\u00edcola. Ele morreu devido aos ferimentos sofridos com o forte impacto provocado pela caminhonete, que trafegava no sentido oposto, ou seja, Andradina-Nova Independ\u00eancia.<br \/>\nAmbos foram socorridos pelo Corpo de Bombeiros, mas Get\u00falio n\u00e3o resistiu. Policiais rodovi\u00e1rios e da empresa respons\u00e1vel pela via atuaram no local do acidente.<br \/>\nAt\u00e9 o encerramento dessa mat\u00e9ria a reportagem n\u00e3o havia obtido informa\u00e7\u00f5es sobre o estado de sa\u00fade da motorista da caminhonete e funcion\u00e1ria de uma empresa que tamb\u00e9m prestava servi\u00e7o na mesma usina.<\/p>\n<p><img loading=\"lazy\" decoding=\"async\" class=\"alignnone size-full wp-image-78236\" src=\"https:\/\/jorgezanoni.com.br\/2019\/wp-content\/uploads\/2023\/07\/rodo1-2.jpg\" alt=\"\" width=\"513\" height=\"589\" srcset=\"https:\/\/jorgezanoni.com.br\/2019\/wp-content\/uploads\/2023\/07\/rodo1-2.jpg 513w, https:\/\/jorgezanoni.com.br\/2019\/wp-content\/uploads\/2023\/07\/rodo1-2-261x300.jpg 261w, https:\/\/jorgezanoni.com.br\/2019\/wp-content\/uploads\/2023\/07\/rodo1-2-366x420.jpg 366w\" sizes=\"auto, (max-width: 513px) 100vw, 513px\" \/><\/p>\n<p style=\"text-align: justify;\">Fonte: impactoonline.com.br<\/p>\n<p>Fotos de Internauta<\/p>\n","protected":false},"excerpt":{"rendered":"<p>O aposentado Get\u00falio Matias da Silva, morador de Andradina, morreu num acidente de tr\u00e2nsito entre uma caminhonete e um Gol, na manh\u00e3 desta quarta-feira 12, na Rodovia da Integra\u00e7\u00e3o, em Andradina, quase divisa com Nova Independ\u00eancia. As causas da colis\u00e3o frontal ainda s\u00e3o desconhecidas e ser\u00e3o apuradas pela Pol\u00edcia Civil, mas se deduz que a [&hellip;]<\/p>\n","protected":false},"author":1,"featured_media":78235,"comment_status":"closed","ping_status":"open","sticky":false,"template":"","format":"standard","meta":{"footnotes":""},"categories":[170,110],"tags":[],"class_list":["post-78234","post","type-post","status-publish","format-standard","has-post-thumbnail","hentry","category-acidentes","category-noticiasdestaque"],"_links":{"self":[{"href":"https:\/\/jorgezanoni.com.br\/2019\/wp-json\/wp\/v2\/posts\/78234","targetHints":{"allow":["GET"]}}],"collection":[{"href":"https:\/\/jorgezanoni.com.br\/2019\/wp-json\/wp\/v2\/posts"}],"about":[{"href":"https:\/\/jorgezanoni.com.br\/2019\/wp-json\/wp\/v2\/types\/post"}],"author":[{"embeddable":true,"href":"https:\/\/jorgezanoni.com.br\/2019\/wp-json\/wp\/v2\/users\/1"}],"replies":[{"embeddable":true,"href":"https:\/\/jorgezanoni.com.br\/2019\/wp-json\/wp\/v2\/comments?post=78234"}],"version-history":[{"count":1,"href":"https:\/\/jorgezanoni.com.br\/2019\/wp-json\/wp\/v2\/posts\/78234\/revisions"}],"predecessor-version":[{"id":78238,"href":"https:\/\/jorgezanoni.com.br\/2019\/wp-json\/wp\/v2\/posts\/78234\/revisions\/78238"}],"wp:featuredmedia":[{"embeddable":true,"href":"https:\/\/jorgezanoni.com.br\/2019\/wp-json\/wp\/v2\/media\/78235"}],"wp:attachment":[{"href":"https:\/\/jorgezanoni.com.br\/2019\/wp-json\/wp\/v2\/media?parent=78234"}],"wp:term":[{"taxonomy":"category","embeddable":true,"href":"https:\/\/jorgezanoni.com.br\/2019\/wp-json\/wp\/v2\/categories?post=78234"},{"taxonomy":"post_tag","embeddable":true,"href":"https:\/\/jorgezanoni.com.br\/2019\/wp-json\/wp\/v2\/tags?post=78234"}],"curies":[{"name":"wp","href":"https:\/\/api.w.org\/{rel}","templated":true}]}}