{"id":78226,"date":"2023-07-12T14:58:11","date_gmt":"2023-07-12T14:58:11","guid":{"rendered":"https:\/\/jorgezanoni.com.br\/2019\/?p=78226"},"modified":"2023-07-12T14:58:11","modified_gmt":"2023-07-12T14:58:11","slug":"morre-o-medico-dracenense-paulo-kozen-nakazato","status":"publish","type":"post","link":"https:\/\/jorgezanoni.com.br\/2019\/morre-o-medico-dracenense-paulo-kozen-nakazato\/","title":{"rendered":"Morre o m\u00e9dico dracenense Paulo Kozen Nakazato"},"content":{"rendered":"<div class=\"xdj266r x11i5rnm xat24cr x1mh8g0r x1vvkbs x126k92a\">\n<div dir=\"auto\" style=\"text-align: justify;\">Comunicamos com pesar o falecimento do dr. Paulo Kozen Nakazato, ocorrido nesta quarta-feira em Mar\u00edlia.<\/div>\n<\/div>\n<div dir=\"auto\" style=\"text-align: justify;\"><\/div>\n<div dir=\"auto\" style=\"text-align: justify;\">Deixa a esposa Suely e filhas. M\u00e9dico geriatra e cirurgi\u00e3o, residiu e trabalhou por muitos anos em Dracena.<\/div>\n<div dir=\"auto\" style=\"text-align: justify;\"><\/div>\n<div dir=\"auto\" style=\"text-align: justify;\">Membro ativo na Adec e ex-presidente do Taik\u00f4 Seishim Daik\u00f4. Participava da Loja Mac\u00f4nica Ac\u00e1cia do Oeste.<\/div>\n<div dir=\"auto\" style=\"text-align: justify;\"><\/div>\n<div dir=\"auto\" style=\"text-align: justify;\">O SITE JZ e TOP TV se solidarizam com familiares e amigos neste dif\u00edcil momento.<\/div>\n<div dir=\"auto\" style=\"text-align: justify;\"><\/div>\n<div dir=\"auto\" style=\"text-align: justify;\">(aguarde informa\u00e7\u00f5es sobre Vel\u00f3rio e Sepultamento)<\/div>\n<div dir=\"auto\" style=\"text-align: justify;\"><\/div>\n<div dir=\"auto\" style=\"text-align: justify;\">Jorge Zanoni<\/div>\n<div dir=\"auto\"><\/div>\n<div dir=\"auto\"><\/div>\n","protected":false},"excerpt":{"rendered":"<p>Comunicamos com pesar o falecimento do dr. Paulo Kozen Nakazato, ocorrido nesta quarta-feira em Mar\u00edlia. Deixa a esposa Suely e filhas. M\u00e9dico geriatra e cirurgi\u00e3o, residiu e trabalhou por muitos anos em Dracena. Membro ativo na Adec e ex-presidente do Taik\u00f4 Seishim Daik\u00f4. Participava da Loja Mac\u00f4nica Ac\u00e1cia do Oeste. O SITE JZ e TOP [&hellip;]<\/p>\n","protected":false},"author":1,"featured_media":78227,"comment_status":"closed","ping_status":"open","sticky":false,"template":"","format":"standard","meta":{"footnotes":""},"categories":[178,110],"tags":[],"class_list":["post-78226","post","type-post","status-publish","format-standard","has-post-thumbnail","hentry","category-notadefalecimento","category-noticiasdestaque"],"_links":{"self":[{"href":"https:\/\/jorgezanoni.com.br\/2019\/wp-json\/wp\/v2\/posts\/78226","targetHints":{"allow":["GET"]}}],"collection":[{"href":"https:\/\/jorgezanoni.com.br\/2019\/wp-json\/wp\/v2\/posts"}],"about":[{"href":"https:\/\/jorgezanoni.com.br\/2019\/wp-json\/wp\/v2\/types\/post"}],"author":[{"embeddable":true,"href":"https:\/\/jorgezanoni.com.br\/2019\/wp-json\/wp\/v2\/users\/1"}],"replies":[{"embeddable":true,"href":"https:\/\/jorgezanoni.com.br\/2019\/wp-json\/wp\/v2\/comments?post=78226"}],"version-history":[{"count":1,"href":"https:\/\/jorgezanoni.com.br\/2019\/wp-json\/wp\/v2\/posts\/78226\/revisions"}],"predecessor-version":[{"id":78228,"href":"https:\/\/jorgezanoni.com.br\/2019\/wp-json\/wp\/v2\/posts\/78226\/revisions\/78228"}],"wp:featuredmedia":[{"embeddable":true,"href":"https:\/\/jorgezanoni.com.br\/2019\/wp-json\/wp\/v2\/media\/78227"}],"wp:attachment":[{"href":"https:\/\/jorgezanoni.com.br\/2019\/wp-json\/wp\/v2\/media?parent=78226"}],"wp:term":[{"taxonomy":"category","embeddable":true,"href":"https:\/\/jorgezanoni.com.br\/2019\/wp-json\/wp\/v2\/categories?post=78226"},{"taxonomy":"post_tag","embeddable":true,"href":"https:\/\/jorgezanoni.com.br\/2019\/wp-json\/wp\/v2\/tags?post=78226"}],"curies":[{"name":"wp","href":"https:\/\/api.w.org\/{rel}","templated":true}]}}