{"id":78205,"date":"2023-07-11T21:57:13","date_gmt":"2023-07-11T21:57:13","guid":{"rendered":"https:\/\/jorgezanoni.com.br\/2019\/?p=78205"},"modified":"2023-07-11T21:57:13","modified_gmt":"2023-07-11T21:57:13","slug":"unati-encerra-atividades-do-primeiro-semestre","status":"publish","type":"post","link":"https:\/\/jorgezanoni.com.br\/2019\/unati-encerra-atividades-do-primeiro-semestre\/","title":{"rendered":"Unati encerra atividades do primeiro semestre"},"content":{"rendered":"<p style=\"text-align: justify;\"><span style=\"font-size: large;\">No dia 28 de junho, as atividades do primeiro semestre da Unati foram encerradas na Unifadra com uma confraterniza\u00e7\u00e3o, logo ap\u00f3s a aula de Arte da Profa. Rosi Pando. Na Unesp, as atividades foram encerradas na semana anterior. A turma da Unati retorna \u00e0s atividades no dia 18 de julho, ap\u00f3s o per\u00edodo de f\u00e9rias.<\/span><\/p>\n<p><span style=\"font-size: large;\">Segundo a professora Sheila Franceschini (coordenadora da Unati pela Unifadra), a 15\u00aa turma da Unati \u00e9 formada por 25 &#8220;alunos\u00a0<\/span>unatianos<span style=\"font-size: large;\">&#8221; e o cronograma com as atividades do segundo semestre j\u00e1 est\u00e1 sendo preparado pelos coordenadores e monitores do programa.<\/span><\/p>\n<p><span style=\"font-size: large;\">&#8220;As aulas tiveram in\u00edcio no dia 28 de mar\u00e7o, presencialmente, na Unifadra e no campus da Unesp de Dracena. Neste primeiro semestre, os alunos\u00a0<\/span>unatianos<span style=\"font-size: large;\">\u00a0participaram de atividades envolvendo pr\u00e1ticas de exerc\u00edcios f\u00edsicos, dan\u00e7a e artes manuais, exercitando a criatividade com \u00eanfase na qualidade de vida. Tamb\u00e9m tiveram aulas de inform\u00e1tica e seguran\u00e7a nas redes sociais e visitaram o laborat\u00f3rio de tecnologia do CEP\/UME para conhecer um pouco sobre intelig\u00eancia artificial. Nos laborat\u00f3rios da Unifadra, aprenderam sobre temas relacionados \u00e0 sa\u00fade e aos cuidados com a sa\u00fade mental na terceira idade&#8221;, ressalta Sheila.<\/span><\/p>\n<p><span style=\"font-size: large;\">&#8220;Entre as atividades na Unesp, a turma da Unati realizou uma visita t\u00e9cnica ao Rancho Y-\u00eeara e conheceu na pr\u00e1tica algumas plantas medicinais, participou de palestras sobre como produzir kombucha, uma bebida fermentada que traz benef\u00edcios \u00e0 sa\u00fade, aprendeu sobre mitos e verdades a respeito da avicultura e ouviu um t\u00e9cnico s\u00eanior da Unesp falando sobre a valoriza\u00e7\u00e3o da alegria de viver. Para fechar o semestre, realizamos uma festa junina muito animada&#8221;, complementou Pamela Nakada, coordenadora da Unati pela Unesp.<\/span><\/p>\n<p><span style=\"font-size: large;\">Os alunos\u00a0<\/span>unatianos<span style=\"font-size: large;\">\u00a0tamb\u00e9m participaram das festas juninas realizadas pela Unifadra e pela Unesp, interagindo com as duas comunidades acad\u00eamicas.<\/span><\/p>\n<p><span style=\"font-size: large;\">A Unati \u00e9 um programa gratuito e destinado a pessoas com mais de 60 anos, independentemente do grau de escolaridade, promovendo atividades f\u00edsicas, intelectuais e recreativas voltadas aos idosos de nossa regi\u00e3o, com o objetivo de proporcionar o bem-estar f\u00edsico, social e emocional dos participantes.<\/span><\/p>\n<p><span style=\"font-size: large;\">O programa Universidade Aberta \u00e0 Terceira Idade (Unati) \u00e9 desenvolvido por meio de uma parceria entre a FCAT &#8211; Faculdade de Ci\u00eancias Agr\u00e1rias e Tecnol\u00f3gicas (Campus de Dracena da Unesp), Funda\u00e7\u00e3o Dracenense de Educa\u00e7\u00e3o e Cultura (mantenedora da Unifadra) e a Prefeitura Municipal de Dracena, sob coordena\u00e7\u00e3o das professoras Dra. Pamela Nakada e Dra. Sheila Regiane Franceschini.<\/span><\/p>\n<p><img loading=\"lazy\" decoding=\"async\" class=\"alignnone size-full wp-image-78206\" src=\"https:\/\/jorgezanoni.com.br\/2019\/wp-content\/uploads\/2023\/07\/Unati-Pequeno.jpeg\" alt=\"\" width=\"854\" height=\"474\" srcset=\"https:\/\/jorgezanoni.com.br\/2019\/wp-content\/uploads\/2023\/07\/Unati-Pequeno.jpeg 854w, https:\/\/jorgezanoni.com.br\/2019\/wp-content\/uploads\/2023\/07\/Unati-Pequeno-300x167.jpeg 300w, https:\/\/jorgezanoni.com.br\/2019\/wp-content\/uploads\/2023\/07\/Unati-Pequeno-768x426.jpeg 768w, https:\/\/jorgezanoni.com.br\/2019\/wp-content\/uploads\/2023\/07\/Unati-Pequeno-696x385.jpeg 696w, https:\/\/jorgezanoni.com.br\/2019\/wp-content\/uploads\/2023\/07\/Unati-Pequeno-757x420.jpeg 757w\" sizes=\"auto, (max-width: 854px) 100vw, 854px\" \/> <img loading=\"lazy\" decoding=\"async\" class=\"alignnone size-full wp-image-78207\" src=\"https:\/\/jorgezanoni.com.br\/2019\/wp-content\/uploads\/2023\/07\/Unati1-Pequeno.jpg\" alt=\"\" width=\"854\" height=\"474\" srcset=\"https:\/\/jorgezanoni.com.br\/2019\/wp-content\/uploads\/2023\/07\/Unati1-Pequeno.jpg 854w, https:\/\/jorgezanoni.com.br\/2019\/wp-content\/uploads\/2023\/07\/Unati1-Pequeno-300x167.jpg 300w, https:\/\/jorgezanoni.com.br\/2019\/wp-content\/uploads\/2023\/07\/Unati1-Pequeno-768x426.jpg 768w, https:\/\/jorgezanoni.com.br\/2019\/wp-content\/uploads\/2023\/07\/Unati1-Pequeno-696x385.jpg 696w, https:\/\/jorgezanoni.com.br\/2019\/wp-content\/uploads\/2023\/07\/Unati1-Pequeno-757x420.jpg 757w\" sizes=\"auto, (max-width: 854px) 100vw, 854px\" \/> <img loading=\"lazy\" decoding=\"async\" class=\"alignnone size-full wp-image-78208\" src=\"https:\/\/jorgezanoni.com.br\/2019\/wp-content\/uploads\/2023\/07\/Unati2-Pequeno.jpg\" alt=\"\" width=\"853\" height=\"480\" srcset=\"https:\/\/jorgezanoni.com.br\/2019\/wp-content\/uploads\/2023\/07\/Unati2-Pequeno.jpg 853w, https:\/\/jorgezanoni.com.br\/2019\/wp-content\/uploads\/2023\/07\/Unati2-Pequeno-300x169.jpg 300w, https:\/\/jorgezanoni.com.br\/2019\/wp-content\/uploads\/2023\/07\/Unati2-Pequeno-768x432.jpg 768w, https:\/\/jorgezanoni.com.br\/2019\/wp-content\/uploads\/2023\/07\/Unati2-Pequeno-696x392.jpg 696w, https:\/\/jorgezanoni.com.br\/2019\/wp-content\/uploads\/2023\/07\/Unati2-Pequeno-746x420.jpg 746w\" sizes=\"auto, (max-width: 853px) 100vw, 853px\" \/> <img loading=\"lazy\" decoding=\"async\" class=\"alignnone size-full wp-image-78210\" src=\"https:\/\/jorgezanoni.com.br\/2019\/wp-content\/uploads\/2023\/07\/Unati4-Pequeno.jpg\" alt=\"\" width=\"854\" height=\"474\" srcset=\"https:\/\/jorgezanoni.com.br\/2019\/wp-content\/uploads\/2023\/07\/Unati4-Pequeno.jpg 854w, https:\/\/jorgezanoni.com.br\/2019\/wp-content\/uploads\/2023\/07\/Unati4-Pequeno-300x167.jpg 300w, https:\/\/jorgezanoni.com.br\/2019\/wp-content\/uploads\/2023\/07\/Unati4-Pequeno-768x426.jpg 768w, https:\/\/jorgezanoni.com.br\/2019\/wp-content\/uploads\/2023\/07\/Unati4-Pequeno-696x385.jpg 696w, https:\/\/jorgezanoni.com.br\/2019\/wp-content\/uploads\/2023\/07\/Unati4-Pequeno-757x420.jpg 757w\" sizes=\"auto, (max-width: 854px) 100vw, 854px\" \/>Fonte: Depto. de Comunica\u00e7\u00e3o da FUNDEC.<\/p>\n","protected":false},"excerpt":{"rendered":"<p>No dia 28 de junho, as atividades do primeiro semestre da Unati foram encerradas na Unifadra com uma confraterniza\u00e7\u00e3o, logo ap\u00f3s a aula de Arte da Profa. Rosi Pando. Na Unesp, as atividades foram encerradas na semana anterior. A turma da Unati retorna \u00e0s atividades no dia 18 de julho, ap\u00f3s o per\u00edodo de f\u00e9rias. [&hellip;]<\/p>\n","protected":false},"author":1,"featured_media":78209,"comment_status":"closed","ping_status":"open","sticky":false,"template":"","format":"standard","meta":{"footnotes":""},"categories":[110,122],"tags":[],"class_list":["post-78205","post","type-post","status-publish","format-standard","has-post-thumbnail","hentry","category-noticiasdestaque","category-saudeeducacaoeconcurso"],"_links":{"self":[{"href":"https:\/\/jorgezanoni.com.br\/2019\/wp-json\/wp\/v2\/posts\/78205","targetHints":{"allow":["GET"]}}],"collection":[{"href":"https:\/\/jorgezanoni.com.br\/2019\/wp-json\/wp\/v2\/posts"}],"about":[{"href":"https:\/\/jorgezanoni.com.br\/2019\/wp-json\/wp\/v2\/types\/post"}],"author":[{"embeddable":true,"href":"https:\/\/jorgezanoni.com.br\/2019\/wp-json\/wp\/v2\/users\/1"}],"replies":[{"embeddable":true,"href":"https:\/\/jorgezanoni.com.br\/2019\/wp-json\/wp\/v2\/comments?post=78205"}],"version-history":[{"count":1,"href":"https:\/\/jorgezanoni.com.br\/2019\/wp-json\/wp\/v2\/posts\/78205\/revisions"}],"predecessor-version":[{"id":78211,"href":"https:\/\/jorgezanoni.com.br\/2019\/wp-json\/wp\/v2\/posts\/78205\/revisions\/78211"}],"wp:featuredmedia":[{"embeddable":true,"href":"https:\/\/jorgezanoni.com.br\/2019\/wp-json\/wp\/v2\/media\/78209"}],"wp:attachment":[{"href":"https:\/\/jorgezanoni.com.br\/2019\/wp-json\/wp\/v2\/media?parent=78205"}],"wp:term":[{"taxonomy":"category","embeddable":true,"href":"https:\/\/jorgezanoni.com.br\/2019\/wp-json\/wp\/v2\/categories?post=78205"},{"taxonomy":"post_tag","embeddable":true,"href":"https:\/\/jorgezanoni.com.br\/2019\/wp-json\/wp\/v2\/tags?post=78205"}],"curies":[{"name":"wp","href":"https:\/\/api.w.org\/{rel}","templated":true}]}}