{"id":7819,"date":"2019-10-03T16:28:57","date_gmt":"2019-10-03T16:28:57","guid":{"rendered":"https:\/\/jorgezanoni.com.br\/2019\/?p=7819"},"modified":"2019-10-03T16:28:57","modified_gmt":"2019-10-03T16:28:57","slug":"dracena-tempersul-adere-a-campanha-outubro-rosa","status":"publish","type":"post","link":"https:\/\/jorgezanoni.com.br\/2019\/dracena-tempersul-adere-a-campanha-outubro-rosa\/","title":{"rendered":"Dracena Tempersul adere \u00e0 campanha Outubro Rosa"},"content":{"rendered":"<p style=\"font-weight: 400; text-align: justify;\">Com o intuito de alertar e instruir sobre a import\u00e2ncia do autoexame de mama, o Dracena Futsal Tempersul adotar\u00e1 a cor que simboliza o Outubro Rosa nas partidas durante este m\u00eas.\u00a0A estreia do uniforme especial ser\u00e1 na partida contra o Pulo do Gato, de Campinas, na pr\u00f3xima ter\u00e7a-feira (08), a partir das 20h15, no gin\u00e1sio Alaor Ferrari.<\/p>\n<p style=\"font-weight: 400; text-align: justify;\">Al\u00e9m desse confronto, a equipe voltar\u00e1 a jogar com a camisa rosa em Jundia\u00ed, contra o N10, no dia 25 de outubro, e, j\u00e1 adentrando em novembro, contra o Taubat\u00e9, no dia 1\u00ba, dessa vez em seus dom\u00ednios.<\/p>\n<p style=\"font-weight: 400; text-align: justify;\">Para o presidente do Dracena Tempersul, Lucas Batista, &#8220;sempre apoiamos causas ligadas \u00e0 sa\u00fade e a campanha Outubro Rosa tem relev\u00e2ncia mundial. Mudar nosso uniforme e vestir a cor s\u00edmbolo foi uma ferramenta que decidimos usar para refor\u00e7ar que estamos juntos nesta luta contra o c\u00e2ncer de mama&#8221;.<\/p>\n<p style=\"font-weight: 400; text-align: justify;\">J\u00e1 o Prefeito de Dracena, destaca a import\u00e2ncia de do autoexame e a parceria entre a equipe de futsal e o munic\u00edpio. &#8220;Fiquei muito feliz quando fui procurado pelo Lucas Batista e ele me apresentou a ideia da camisa na cor rosa, em apoio \u00e0 campanha. A ades\u00e3o do time ratifica a import\u00e2ncia da parceria com a Prefeitura de Dracena no sentido de incentivar cada vez mais mulheres a fazerem o exame e a buscarem informa\u00e7\u00f5es sobre a preven\u00e7\u00e3o&#8221;.<\/p>\n<p style=\"font-weight: 400; text-align: justify;\"><strong>Venda de uniformes<\/strong><\/p>\n<p style=\"font-weight: 400; text-align: justify;\">Os uniformes do Dracena Futsal Tempersul s\u00e3o fabricados pela Heatd e poder\u00e3o ser encomendados diretamente no site da empresa (<a href=\"https:\/\/bit.ly\/2lYMdi2\">https:\/\/bit.ly\/2lYMdi2<\/a>) ou na Brink Sports, em Dracena.<\/p>\n<p style=\"font-weight: 400; text-align: justify;\">Parte da renda com a venda dos uniformes alusivos ao Outubro Rosa ser\u00e1 destinada \u00e0 Casa Tra Noi Dom Sebasti\u00e3o Plutino, que acolhe pacientes dracenenses sem condi\u00e7\u00f5es financeiras internados nos hospitais p\u00fablicos de Presidente Prudente que necessitam de abrigo.<\/p>\n<p>Fonte: Assessoria de Imprensa<\/p>\n","protected":false},"excerpt":{"rendered":"<p>Com o intuito de alertar e instruir sobre a import\u00e2ncia do autoexame de mama, o Dracena Futsal Tempersul adotar\u00e1 a cor que simboliza o Outubro Rosa nas partidas durante este m\u00eas.\u00a0A estreia do uniforme especial ser\u00e1 na partida contra o Pulo do Gato, de Campinas, na pr\u00f3xima ter\u00e7a-feira (08), a partir das 20h15, no gin\u00e1sio [&hellip;]<\/p>\n","protected":false},"author":1,"featured_media":7820,"comment_status":"closed","ping_status":"open","sticky":false,"template":"","format":"standard","meta":{"footnotes":""},"categories":[111],"tags":[],"class_list":["post-7819","post","type-post","status-publish","format-standard","has-post-thumbnail","hentry","category-esporteecultura"],"_links":{"self":[{"href":"https:\/\/jorgezanoni.com.br\/2019\/wp-json\/wp\/v2\/posts\/7819","targetHints":{"allow":["GET"]}}],"collection":[{"href":"https:\/\/jorgezanoni.com.br\/2019\/wp-json\/wp\/v2\/posts"}],"about":[{"href":"https:\/\/jorgezanoni.com.br\/2019\/wp-json\/wp\/v2\/types\/post"}],"author":[{"embeddable":true,"href":"https:\/\/jorgezanoni.com.br\/2019\/wp-json\/wp\/v2\/users\/1"}],"replies":[{"embeddable":true,"href":"https:\/\/jorgezanoni.com.br\/2019\/wp-json\/wp\/v2\/comments?post=7819"}],"version-history":[{"count":0,"href":"https:\/\/jorgezanoni.com.br\/2019\/wp-json\/wp\/v2\/posts\/7819\/revisions"}],"wp:featuredmedia":[{"embeddable":true,"href":"https:\/\/jorgezanoni.com.br\/2019\/wp-json\/wp\/v2\/media\/7820"}],"wp:attachment":[{"href":"https:\/\/jorgezanoni.com.br\/2019\/wp-json\/wp\/v2\/media?parent=7819"}],"wp:term":[{"taxonomy":"category","embeddable":true,"href":"https:\/\/jorgezanoni.com.br\/2019\/wp-json\/wp\/v2\/categories?post=7819"},{"taxonomy":"post_tag","embeddable":true,"href":"https:\/\/jorgezanoni.com.br\/2019\/wp-json\/wp\/v2\/tags?post=7819"}],"curies":[{"name":"wp","href":"https:\/\/api.w.org\/{rel}","templated":true}]}}