{"id":78118,"date":"2023-07-07T21:58:42","date_gmt":"2023-07-07T21:58:42","guid":{"rendered":"https:\/\/jorgezanoni.com.br\/2019\/?p=78118"},"modified":"2023-07-07T21:58:42","modified_gmt":"2023-07-07T21:58:42","slug":"unifadra-dracena-abre-inscricoes-para-vestibular-de-medicina-usando-nota-do-enem","status":"publish","type":"post","link":"https:\/\/jorgezanoni.com.br\/2019\/unifadra-dracena-abre-inscricoes-para-vestibular-de-medicina-usando-nota-do-enem\/","title":{"rendered":"Unifadra Dracena abre inscri\u00e7\u00f5es para vestibular de Medicina usando nota do ENEM"},"content":{"rendered":"<p style=\"text-align: justify;\"><span style=\"font-size: large;\">A Unifadra Dracena abriu o Vestibular de Medicina para a turma de 2024 e, neste processo seletivo, os candidatos v\u00e3o utilizar somente a nota do ENEM (2012 a 2022). As inscri\u00e7\u00f5es podem ser feitas at\u00e9 o dia 15 de setembro pelo site <a href=\"https:\/\/www.vunesp.com.br\/FDEC2301\" target=\"_blank\" rel=\"noopener noreferrer\">https:\/\/www.vunesp.com.br\/FDEC2301<\/a>\u00a0.<\/span><\/p>\n<p><span style=\"font-size: large;\">O resultado ser\u00e1 divulgado no dia 6 de outubro e as matr\u00edculas ser\u00e3o realizadas nos dias 9 e 10 de outubro. Esta \u00e9 sua oportunidade de se programar para iniciar os estudos em 2024!!<\/span><\/p>\n<p><b><span style=\"font-size: large;\">Vestibular de Medicina &#8211; Unifadra Dracena<\/span><br \/>\n<span style=\"font-size: large;\">Processo seletivo usando somente a nota do ENEM (2012 a 2022)<\/span><br \/>\n<\/b><span style=\"font-size: large;\"><b>Inscri\u00e7\u00f5es<\/b>: at\u00e9 15\/09\/2023<\/span><br \/>\n<span style=\"font-size: large;\"><b>Edital<\/b>:\u00a0<a href=\"https:\/\/www.vunesp.com.br\/FDEC2301\" target=\"_blank\" rel=\"noopener noreferrer\">https:\/\/www.vunesp.com.br\/FDEC2301<\/a><\/span><br \/>\n<span style=\"font-size: large;\"><b>Centro de Informa\u00e7\u00f5es<\/b>: (18) 3821-9004 | (18) 99802-1237<\/span><\/p>\n<p>Fonte: Depto. de Comunica\u00e7\u00e3o da Fundec<\/p>\n","protected":false},"excerpt":{"rendered":"<p>A Unifadra Dracena abriu o Vestibular de Medicina para a turma de 2024 e, neste processo seletivo, os candidatos v\u00e3o utilizar somente a nota do ENEM (2012 a 2022). As inscri\u00e7\u00f5es podem ser feitas at\u00e9 o dia 15 de setembro pelo site https:\/\/www.vunesp.com.br\/FDEC2301\u00a0. O resultado ser\u00e1 divulgado no dia 6 de outubro e as matr\u00edculas [&hellip;]<\/p>\n","protected":false},"author":1,"featured_media":78119,"comment_status":"closed","ping_status":"open","sticky":false,"template":"","format":"standard","meta":{"footnotes":""},"categories":[110,122],"tags":[],"class_list":["post-78118","post","type-post","status-publish","format-standard","has-post-thumbnail","hentry","category-noticiasdestaque","category-saudeeducacaoeconcurso"],"_links":{"self":[{"href":"https:\/\/jorgezanoni.com.br\/2019\/wp-json\/wp\/v2\/posts\/78118","targetHints":{"allow":["GET"]}}],"collection":[{"href":"https:\/\/jorgezanoni.com.br\/2019\/wp-json\/wp\/v2\/posts"}],"about":[{"href":"https:\/\/jorgezanoni.com.br\/2019\/wp-json\/wp\/v2\/types\/post"}],"author":[{"embeddable":true,"href":"https:\/\/jorgezanoni.com.br\/2019\/wp-json\/wp\/v2\/users\/1"}],"replies":[{"embeddable":true,"href":"https:\/\/jorgezanoni.com.br\/2019\/wp-json\/wp\/v2\/comments?post=78118"}],"version-history":[{"count":1,"href":"https:\/\/jorgezanoni.com.br\/2019\/wp-json\/wp\/v2\/posts\/78118\/revisions"}],"predecessor-version":[{"id":78120,"href":"https:\/\/jorgezanoni.com.br\/2019\/wp-json\/wp\/v2\/posts\/78118\/revisions\/78120"}],"wp:featuredmedia":[{"embeddable":true,"href":"https:\/\/jorgezanoni.com.br\/2019\/wp-json\/wp\/v2\/media\/78119"}],"wp:attachment":[{"href":"https:\/\/jorgezanoni.com.br\/2019\/wp-json\/wp\/v2\/media?parent=78118"}],"wp:term":[{"taxonomy":"category","embeddable":true,"href":"https:\/\/jorgezanoni.com.br\/2019\/wp-json\/wp\/v2\/categories?post=78118"},{"taxonomy":"post_tag","embeddable":true,"href":"https:\/\/jorgezanoni.com.br\/2019\/wp-json\/wp\/v2\/tags?post=78118"}],"curies":[{"name":"wp","href":"https:\/\/api.w.org\/{rel}","templated":true}]}}