{"id":78088,"date":"2023-07-06T17:08:45","date_gmt":"2023-07-06T17:08:45","guid":{"rendered":"https:\/\/jorgezanoni.com.br\/2019\/?p=78088"},"modified":"2023-07-06T17:08:45","modified_gmt":"2023-07-06T17:08:45","slug":"policia-militar-prende-homem-em-flagrante-por-trafico-de-drogas-em-dracena-4","status":"publish","type":"post","link":"https:\/\/jorgezanoni.com.br\/2019\/policia-militar-prende-homem-em-flagrante-por-trafico-de-drogas-em-dracena-4\/","title":{"rendered":"Pol\u00edcia Militar prende homem em flagrante por Tr\u00e1fico de Drogas em Dracena"},"content":{"rendered":"<p style=\"text-align: justify;\">Na tarde de ontem (05), por volta das 13h45min, a equipe da Pol\u00edcia Militar, ap\u00f3s receber informa\u00e7\u00f5es de que um indiv\u00edduo que realizava entrega de roupas em uma resid\u00eancia, defronte \u00e0 Sede do Batalh\u00e3o, tamb\u00e9m poderia estar realizando tr\u00e1fico de entorpecentes, as equipes realizaram a abordagem ao autor. Durante a busca pessoal foi localizado uma por\u00e7\u00e3o grande de coca\u00edna, al\u00e9m de certa quantidade de dinheiro e uma m\u00e1quina de cart\u00e3o utilizada para cobran\u00e7a da venda de drogas. Diante dos fatos foi dada voz de pris\u00e3o em flagrante ao indiv\u00edduo por tr\u00e1fico de drogas, permanecendo preso a disposi\u00e7\u00e3o da Justi\u00e7a.<\/p>\n<p style=\"text-align: justify;\">Pol\u00edcia Militar rumo aos 200 anos.<br \/>\nVamos todos juntos. Ningu\u00e9m fica para tr\u00e1s.<\/p>\n<p style=\"text-align: justify;\">#POLICIAMILITARSP #AFOR\u00c7AP\u00daBLICADES\u00c3OPAULO<br \/>\n#COMUNICA\u00c7\u00c3O SOCIAL #PMESP<\/p>\n","protected":false},"excerpt":{"rendered":"<p>Na tarde de ontem (05), por volta das 13h45min, a equipe da Pol\u00edcia Militar, ap\u00f3s receber informa\u00e7\u00f5es de que um indiv\u00edduo que realizava entrega de roupas em uma resid\u00eancia, defronte \u00e0 Sede do Batalh\u00e3o, tamb\u00e9m poderia estar realizando tr\u00e1fico de entorpecentes, as equipes realizaram a abordagem ao autor. Durante a busca pessoal foi localizado uma [&hellip;]<\/p>\n","protected":false},"author":1,"featured_media":78089,"comment_status":"closed","ping_status":"open","sticky":false,"template":"","format":"standard","meta":{"footnotes":""},"categories":[110,2],"tags":[],"class_list":["post-78088","post","type-post","status-publish","format-standard","has-post-thumbnail","hentry","category-noticiasdestaque","category-policial"],"_links":{"self":[{"href":"https:\/\/jorgezanoni.com.br\/2019\/wp-json\/wp\/v2\/posts\/78088","targetHints":{"allow":["GET"]}}],"collection":[{"href":"https:\/\/jorgezanoni.com.br\/2019\/wp-json\/wp\/v2\/posts"}],"about":[{"href":"https:\/\/jorgezanoni.com.br\/2019\/wp-json\/wp\/v2\/types\/post"}],"author":[{"embeddable":true,"href":"https:\/\/jorgezanoni.com.br\/2019\/wp-json\/wp\/v2\/users\/1"}],"replies":[{"embeddable":true,"href":"https:\/\/jorgezanoni.com.br\/2019\/wp-json\/wp\/v2\/comments?post=78088"}],"version-history":[{"count":1,"href":"https:\/\/jorgezanoni.com.br\/2019\/wp-json\/wp\/v2\/posts\/78088\/revisions"}],"predecessor-version":[{"id":78090,"href":"https:\/\/jorgezanoni.com.br\/2019\/wp-json\/wp\/v2\/posts\/78088\/revisions\/78090"}],"wp:featuredmedia":[{"embeddable":true,"href":"https:\/\/jorgezanoni.com.br\/2019\/wp-json\/wp\/v2\/media\/78089"}],"wp:attachment":[{"href":"https:\/\/jorgezanoni.com.br\/2019\/wp-json\/wp\/v2\/media?parent=78088"}],"wp:term":[{"taxonomy":"category","embeddable":true,"href":"https:\/\/jorgezanoni.com.br\/2019\/wp-json\/wp\/v2\/categories?post=78088"},{"taxonomy":"post_tag","embeddable":true,"href":"https:\/\/jorgezanoni.com.br\/2019\/wp-json\/wp\/v2\/tags?post=78088"}],"curies":[{"name":"wp","href":"https:\/\/api.w.org\/{rel}","templated":true}]}}