{"id":78061,"date":"2023-07-05T01:38:35","date_gmt":"2023-07-05T01:38:35","guid":{"rendered":"https:\/\/jorgezanoni.com.br\/2019\/?p=78061"},"modified":"2023-07-05T01:38:35","modified_gmt":"2023-07-05T01:38:35","slug":"policia-militar-prende-homem-por-trafico-de-drogas-e-apreende-simulacro-de-arma-de-fogo-em-dracena","status":"publish","type":"post","link":"https:\/\/jorgezanoni.com.br\/2019\/policia-militar-prende-homem-por-trafico-de-drogas-e-apreende-simulacro-de-arma-de-fogo-em-dracena\/","title":{"rendered":"Policia Militar prende homem por Tr\u00e1fico de Drogas e apreende Simulacro de Arma de Fogo em Dracena"},"content":{"rendered":"<p style=\"text-align: justify;\">Nesta noite (04), por volta das 18h45min a equipe da Pol\u00edcia Militar, durante o patrulhamento pelo munic\u00edpio de Dracena, visualizaram na Av. Pres. Roosevelt um indiv\u00edduo (homem de 37 anos) em um ve\u00edculo Cruze, entregando algo a um outro indiv\u00edduo que estava em um outro carro (Santana), e ao avistarem a presen\u00e7a policial o condutor do Cruze tentou empreender fuga, ap\u00f3s um breve acompanhamento foi abordado, na busca pessoal nada de il\u00edcito foi encontrado, por\u00e9m durante a busca veicular foram localizadas algumas por\u00e7\u00f5es de coca\u00edna e R$ 550,00 reais (quinhentos e cinquenta reais). Foram realizadas dilig\u00eancias pelas imedia\u00e7\u00f5es sendo abordado o outro ve\u00edculo (Santana) pelas demais equipes, e na busca pessoal foi localizada uma por\u00e7\u00e3o de coca\u00edna, o condutor de pronto confessou que havia acabado de comprar o entorpecente. Os indiv\u00edduo foram indagados e confessaram a compra e venda de coca\u00edna, sendo localizado na casa do condutor do ve\u00edculo Cruze (homem 37 anos), mais por\u00e7\u00f5es de coca\u00edna, simulacro de pistola, balan\u00e7as, pl\u00e1stico filme e apetrechos para embalar droga. Diante dos fatos foi dada voz de pris\u00e3o pelo crime de Flagrante Tr\u00e1fico de Drogas permanecendo o autor preso \u00e0 disposi\u00e7\u00e3o da Justi\u00e7a<\/p>\n<p style=\"text-align: justify;\">Fonte: Com. Social Pol\u00edcia Militar<\/p>\n","protected":false},"excerpt":{"rendered":"<p>Nesta noite (04), por volta das 18h45min a equipe da Pol\u00edcia Militar, durante o patrulhamento pelo munic\u00edpio de Dracena, visualizaram na Av. Pres. Roosevelt um indiv\u00edduo (homem de 37 anos) em um ve\u00edculo Cruze, entregando algo a um outro indiv\u00edduo que estava em um outro carro (Santana), e ao avistarem a presen\u00e7a policial o condutor [&hellip;]<\/p>\n","protected":false},"author":1,"featured_media":78062,"comment_status":"closed","ping_status":"open","sticky":false,"template":"","format":"standard","meta":{"footnotes":""},"categories":[110,2],"tags":[],"class_list":["post-78061","post","type-post","status-publish","format-standard","has-post-thumbnail","hentry","category-noticiasdestaque","category-policial"],"_links":{"self":[{"href":"https:\/\/jorgezanoni.com.br\/2019\/wp-json\/wp\/v2\/posts\/78061","targetHints":{"allow":["GET"]}}],"collection":[{"href":"https:\/\/jorgezanoni.com.br\/2019\/wp-json\/wp\/v2\/posts"}],"about":[{"href":"https:\/\/jorgezanoni.com.br\/2019\/wp-json\/wp\/v2\/types\/post"}],"author":[{"embeddable":true,"href":"https:\/\/jorgezanoni.com.br\/2019\/wp-json\/wp\/v2\/users\/1"}],"replies":[{"embeddable":true,"href":"https:\/\/jorgezanoni.com.br\/2019\/wp-json\/wp\/v2\/comments?post=78061"}],"version-history":[{"count":1,"href":"https:\/\/jorgezanoni.com.br\/2019\/wp-json\/wp\/v2\/posts\/78061\/revisions"}],"predecessor-version":[{"id":78063,"href":"https:\/\/jorgezanoni.com.br\/2019\/wp-json\/wp\/v2\/posts\/78061\/revisions\/78063"}],"wp:featuredmedia":[{"embeddable":true,"href":"https:\/\/jorgezanoni.com.br\/2019\/wp-json\/wp\/v2\/media\/78062"}],"wp:attachment":[{"href":"https:\/\/jorgezanoni.com.br\/2019\/wp-json\/wp\/v2\/media?parent=78061"}],"wp:term":[{"taxonomy":"category","embeddable":true,"href":"https:\/\/jorgezanoni.com.br\/2019\/wp-json\/wp\/v2\/categories?post=78061"},{"taxonomy":"post_tag","embeddable":true,"href":"https:\/\/jorgezanoni.com.br\/2019\/wp-json\/wp\/v2\/tags?post=78061"}],"curies":[{"name":"wp","href":"https:\/\/api.w.org\/{rel}","templated":true}]}}