{"id":78058,"date":"2023-07-05T00:57:25","date_gmt":"2023-07-05T00:57:25","guid":{"rendered":"https:\/\/jorgezanoni.com.br\/2019\/?p=78058"},"modified":"2023-07-05T00:57:25","modified_gmt":"2023-07-05T00:57:25","slug":"em-tempo-de-arraia-na-fisioclinica-das-paredes-alvas-por-sergio-barbosa","status":"publish","type":"post","link":"https:\/\/jorgezanoni.com.br\/2019\/em-tempo-de-arraia-na-fisioclinica-das-paredes-alvas-por-sergio-barbosa\/","title":{"rendered":"Em tempo de Arra\u00eda na Fisiocl\u00ednica das paredes alvas&#8230; ( por S\u00e9rgio Barbosa)"},"content":{"rendered":"<p style=\"text-align: justify;\"><strong>Em tempo de Arrai\u00e1 na FISIOCL\u00cdNICA das PAREDES ALVAS&#8230;<\/strong><\/p>\n<p style=\"text-align: justify;\"><strong><em>\u201cValor tem que ser percebido, consciente, explicado, vis\u00edvel. Precisamos refor\u00e7ar os indicadores de resultados da assist\u00eancia fisioterap\u00eautica e mostrar o resultado alcan\u00e7ado. Isso deve ser consciente!&#8221; (<\/em><\/strong><a href=\"https:\/\/www.pensador.com\/autor\/luciana_bilitario\/\"><strong><em>Luciana Bilit\u00e1rio<\/em><\/strong><\/a><strong><em>)<\/em><\/strong><strong><em>\u00a0<\/em><\/strong><\/p>\n<p style=\"text-align: justify;\"><strong><em>Para ESTAGI\u00c1RIOS\/AS da FISIOCL\u00cdNICA, dedico!<\/em><\/strong><strong><em>\u00a0<\/em><\/strong><\/p>\n<p style=\"text-align: justify;\"><strong>S\u00e9rgio Barbosa (*)<\/strong><\/p>\n<p style=\"text-align: justify;\">O m\u00eas de JUNHO est\u00e1 na sua \u00faltima semana, por\u00e9m, ainda, existem muitas IDAS e VINDAS com as denominadas e amadas FESTAS JUNINAS, assim, cada qual sabe pra onde IR sem pensar em VOLTAR&#8230;<\/p>\n<p style=\"text-align: justify;\">Tamb\u00e9m, n\u00e3o se pode deixar de lado que tais DESENCONTROS com o lado JUNINO ou JUNINA, depende sempre de cada lado de um mesmo lado, faz parte do CALEND\u00c1RIO CAIPIRA para muitas DAN\u00c7AS\/QUADRILHA, FOGOS, FOGUEIRA, M\u00daSICA, BOLOS, SALGADOS, PIPOCA, ALGOD\u00c3O DOCE \u00a0e outros COMES com muitos BEBES&#8230;<\/p>\n<p style=\"text-align: justify;\">Neste CEN\u00c1RIO, na semana passada QUARTA-FEIRA, ocorreu o TRADICIONAL encontro do meio do ano da FISIOCL\u00cdNICA das PAREDES ALVAS, isso mesmo, o famoso ARRAI\u00c1 com participa\u00e7\u00e3o ativa dos PACIENTES, atendimentos nas diversas \u00e1reas da CL\u00cdNICA, bem como, DOCENTES, ORIENTADORES\/AS DE EST\u00c1GIO, SUPERVISORES\/AS, ESTAGI\u00c1RIOS\/AS e convidados\/as em geral&#8230;<\/p>\n<p style=\"text-align: justify;\">Tais atividades fazem parte de um jeito ou de outro, das ETAPAS que envolvem o ATENDIMENTO COMUNIT\u00c1RIO que a FISICOL\u00cdNICA vem prestando faz anos e anos, portanto, o ARRAI\u00c1 proporciona muito mais do que uma CONFRATERNIZA\u00c7\u00c3O, haja vista que o AMBIENTE fica mais DIVERTIDO para todos\/as que est\u00e3o no local para muitas atividades JUNINAS&#8230;<\/p>\n<p style=\"text-align: justify;\">Foram momentos de muita ALEGRIA e descontra\u00e7\u00e3o para os\/as PACIENTES e EQUIPE DA FISIOCL\u00cdNICA, tais iniciativas s\u00e3o necess\u00e1rias para muitas APROXIMA\u00c7\u00d5ES entre aqueles\/as que est\u00e3o envolvidos\/as nos diversos PROCESSOS DE RECUPERA\u00c7\u00c3O mediados pela CL\u00cdNICA&#8230;<\/p>\n<p style=\"text-align: justify;\">Tamb\u00e9m, o ARRAI\u00c1 marcou o encerramento das ATIVIDADES desenvolvidas neste SEMESTRE LETIVO, assim, os\/as ESTAGI\u00c1RIOS\/AS que s\u00e3o discentes do curso de FISIOTERAPIA entram de F\u00c9RIAS MERECIDAS, bem como, todos\/as os\/as PACIENTES, todavia, estes devem ter em conta a necessidade de seguir todas as ORIENTA\u00c7\u00d5ES da EQUIPE para o per\u00edodo que estiverem em suas casas sem as idas e vindas para a FISICOL\u00cdNICA&#8230;<\/p>\n<p style=\"text-align: justify;\">No caso em especial dos DOCENTES das PAREDES ALVAS, os mesmos entram em RECESSO ACAD\u00caMICO, entretanto, os\/as ORIENTADORES\/AS de EST\u00c1GIO permanecem com o APOIO para ATENDIMENTO EMERGENCIAL neste per\u00edodo&#8230;<\/p>\n<p style=\"text-align: justify;\">Mais uma vez, faz-se necess\u00e1rio REGISTRAR a proposta PEDAG\u00d3GICA da FISIOCL\u00cdNICA com atividades em diversas \u00e1reas, tais como: CARDIORRESPIRAT\u00d3RIA, GERONTOLOGIA, HIDROTERAPIA, NEUROTERAPIA e ORTOPEDIA para a COMUNIDADE em n\u00edvel REGIOCAL, ou seja, do REGIONAL para o LOCAL em TEMPO de p\u00f3s-globaliza\u00e7\u00e3o da SA\u00daDE&#8230;<\/p>\n<p style=\"text-align: justify;\">AVE EQUIPE DA FISIOCL\u00cdNICA!<\/p>\n<p style=\"text-align: justify;\">AVE ESTAGI\u00c1RIOS\/AS!<\/p>\n<p style=\"text-align: justify;\"><strong>______________________________________<\/strong><\/p>\n<p style=\"text-align: justify;\"><strong>(*) <em>S\u00e9rgio Barbosa (seb@r)<\/em>, paciente da FISIOCL\u00cdNICA desde fevereiro de 2.019, ainda, atualmente na CARDIORRESPIRAT\u00d3RIA, por\u00e9m, esteve como PACIENTE na ORTOPEDIA e GERONTOLOGIA&#8230;<\/strong><\/p>\n<p><strong>e-mail: <\/strong><a href=\"mailto:barbosa.sebar@gmail.com\"><strong>barbosa.sebar@gmail.com<\/strong><\/a><\/p>\n<p>&nbsp;<\/p>\n","protected":false},"excerpt":{"rendered":"<p>Em tempo de Arrai\u00e1 na FISIOCL\u00cdNICA das PAREDES ALVAS&#8230; \u201cValor tem que ser percebido, consciente, explicado, vis\u00edvel. Precisamos refor\u00e7ar os indicadores de resultados da assist\u00eancia fisioterap\u00eautica e mostrar o resultado alcan\u00e7ado. Isso deve ser consciente!&#8221; (Luciana Bilit\u00e1rio)\u00a0 Para ESTAGI\u00c1RIOS\/AS da FISIOCL\u00cdNICA, dedico!\u00a0 S\u00e9rgio Barbosa (*) O m\u00eas de JUNHO est\u00e1 na sua \u00faltima semana, por\u00e9m, [&hellip;]<\/p>\n","protected":false},"author":1,"featured_media":78059,"comment_status":"closed","ping_status":"open","sticky":false,"template":"","format":"standard","meta":{"footnotes":""},"categories":[175],"tags":[],"class_list":["post-78058","post","type-post","status-publish","format-standard","has-post-thumbnail","hentry","category-artigos"],"_links":{"self":[{"href":"https:\/\/jorgezanoni.com.br\/2019\/wp-json\/wp\/v2\/posts\/78058","targetHints":{"allow":["GET"]}}],"collection":[{"href":"https:\/\/jorgezanoni.com.br\/2019\/wp-json\/wp\/v2\/posts"}],"about":[{"href":"https:\/\/jorgezanoni.com.br\/2019\/wp-json\/wp\/v2\/types\/post"}],"author":[{"embeddable":true,"href":"https:\/\/jorgezanoni.com.br\/2019\/wp-json\/wp\/v2\/users\/1"}],"replies":[{"embeddable":true,"href":"https:\/\/jorgezanoni.com.br\/2019\/wp-json\/wp\/v2\/comments?post=78058"}],"version-history":[{"count":1,"href":"https:\/\/jorgezanoni.com.br\/2019\/wp-json\/wp\/v2\/posts\/78058\/revisions"}],"predecessor-version":[{"id":78060,"href":"https:\/\/jorgezanoni.com.br\/2019\/wp-json\/wp\/v2\/posts\/78058\/revisions\/78060"}],"wp:featuredmedia":[{"embeddable":true,"href":"https:\/\/jorgezanoni.com.br\/2019\/wp-json\/wp\/v2\/media\/78059"}],"wp:attachment":[{"href":"https:\/\/jorgezanoni.com.br\/2019\/wp-json\/wp\/v2\/media?parent=78058"}],"wp:term":[{"taxonomy":"category","embeddable":true,"href":"https:\/\/jorgezanoni.com.br\/2019\/wp-json\/wp\/v2\/categories?post=78058"},{"taxonomy":"post_tag","embeddable":true,"href":"https:\/\/jorgezanoni.com.br\/2019\/wp-json\/wp\/v2\/tags?post=78058"}],"curies":[{"name":"wp","href":"https:\/\/api.w.org\/{rel}","templated":true}]}}