{"id":78001,"date":"2023-07-02T19:16:34","date_gmt":"2023-07-02T19:16:34","guid":{"rendered":"https:\/\/jorgezanoni.com.br\/2019\/?p=78001"},"modified":"2023-07-02T19:16:34","modified_gmt":"2023-07-02T19:16:34","slug":"policia-militar-prende-homem-por-trafico-de-drogas-em-dracena-10","status":"publish","type":"post","link":"https:\/\/jorgezanoni.com.br\/2019\/policia-militar-prende-homem-por-trafico-de-drogas-em-dracena-10\/","title":{"rendered":"Pol\u00edcia Militar prende homem por Tr\u00e1fico de Drogas em Dracena"},"content":{"rendered":"<p style=\"text-align: justify;\">Na manh\u00e3 de hoje (02), por volta das 11h20min, os Policias Militares de Dracena, durante o patrulhamento, abordaram um homem de 25 anos e durante a busca pessoal, foi localizado com o mesmo uma sacola contendo coca\u00edna em grande quantidade e em uma bolsa, mais 04 por\u00e7\u00f5es j\u00e1 embaladas e prontas para serem vendidas. Foi dada voz de pris\u00e3o em flagrante delito, permanecendo o autor preso \u00e0 disposi\u00e7\u00e3o da Justi\u00e7a.<\/p>\n<p>Fonte: Com. Social Pol\u00edcia Militar<\/p>\n","protected":false},"excerpt":{"rendered":"<p>Na manh\u00e3 de hoje (02), por volta das 11h20min, os Policias Militares de Dracena, durante o patrulhamento, abordaram um homem de 25 anos e durante a busca pessoal, foi localizado com o mesmo uma sacola contendo coca\u00edna em grande quantidade e em uma bolsa, mais 04 por\u00e7\u00f5es j\u00e1 embaladas e prontas para serem vendidas. Foi [&hellip;]<\/p>\n","protected":false},"author":1,"featured_media":78002,"comment_status":"closed","ping_status":"open","sticky":false,"template":"","format":"standard","meta":{"footnotes":""},"categories":[110,2],"tags":[],"class_list":["post-78001","post","type-post","status-publish","format-standard","has-post-thumbnail","hentry","category-noticiasdestaque","category-policial"],"_links":{"self":[{"href":"https:\/\/jorgezanoni.com.br\/2019\/wp-json\/wp\/v2\/posts\/78001","targetHints":{"allow":["GET"]}}],"collection":[{"href":"https:\/\/jorgezanoni.com.br\/2019\/wp-json\/wp\/v2\/posts"}],"about":[{"href":"https:\/\/jorgezanoni.com.br\/2019\/wp-json\/wp\/v2\/types\/post"}],"author":[{"embeddable":true,"href":"https:\/\/jorgezanoni.com.br\/2019\/wp-json\/wp\/v2\/users\/1"}],"replies":[{"embeddable":true,"href":"https:\/\/jorgezanoni.com.br\/2019\/wp-json\/wp\/v2\/comments?post=78001"}],"version-history":[{"count":1,"href":"https:\/\/jorgezanoni.com.br\/2019\/wp-json\/wp\/v2\/posts\/78001\/revisions"}],"predecessor-version":[{"id":78003,"href":"https:\/\/jorgezanoni.com.br\/2019\/wp-json\/wp\/v2\/posts\/78001\/revisions\/78003"}],"wp:featuredmedia":[{"embeddable":true,"href":"https:\/\/jorgezanoni.com.br\/2019\/wp-json\/wp\/v2\/media\/78002"}],"wp:attachment":[{"href":"https:\/\/jorgezanoni.com.br\/2019\/wp-json\/wp\/v2\/media?parent=78001"}],"wp:term":[{"taxonomy":"category","embeddable":true,"href":"https:\/\/jorgezanoni.com.br\/2019\/wp-json\/wp\/v2\/categories?post=78001"},{"taxonomy":"post_tag","embeddable":true,"href":"https:\/\/jorgezanoni.com.br\/2019\/wp-json\/wp\/v2\/tags?post=78001"}],"curies":[{"name":"wp","href":"https:\/\/api.w.org\/{rel}","templated":true}]}}