{"id":7791,"date":"2019-10-03T02:12:39","date_gmt":"2019-10-03T02:12:39","guid":{"rendered":"https:\/\/jorgezanoni.com.br\/2019\/?p=7791"},"modified":"2019-10-03T02:12:39","modified_gmt":"2019-10-03T02:12:39","slug":"internacionalizacao-aluna-de-pedagogia-da-unifadra-conclui-intercambio-em-portugal","status":"publish","type":"post","link":"https:\/\/jorgezanoni.com.br\/2019\/internacionalizacao-aluna-de-pedagogia-da-unifadra-conclui-intercambio-em-portugal\/","title":{"rendered":"INTERNACIONALIZA\u00c7\u00c3O: aluna de Pedagogia da Unifadra conclui interc\u00e2mbio em Portugal"},"content":{"rendered":"<p style=\"font-weight: 400; text-align: justify;\">Um interc\u00e2mbio traz para o aluno uma importante bagagem de viv\u00eancias e aprendizados para a sua forma\u00e7\u00e3o profissional. A aluna Ana Beatriz Fumagali Fernandes, do curso de Pedagogia da Unifadra\/Fundec de Dracena, realizou um interc\u00e2mbio em Portugal, de junho a agosto de 2019. A aluna foi contemplada pelo Programa Bolsas Santander Mundi e Ibero-Americanas.<br \/>\nSeguindo os planos de estudos realizados, Ana Beatriz estudou na Universidade de \u00c9vora, na cidade de \u00c9vora.<br \/>\nA estudante descreveu a viagem como uma experi\u00eancia de muita aprendizagem pessoal e profissional. \u201cO projeto pol\u00edtico pedag\u00f3gico e o modelo curricular s\u00e3o seguidos muito \u00e0 risca. Foi uma experi\u00eancia totalmente diferente de tudo que j\u00e1 vivi, conheci lugares incr\u00edveis, pessoas com costumes muito diferentes, e voltei com uma vis\u00e3o bem diferente em rela\u00e7\u00e3o ao meu pa\u00eds. Vejo hoje de forma mais compreensiva tudo que vivemos aqui, e nossas condi\u00e7\u00f5es\u201d, comentou Ana.<\/p>\n<p style=\"font-weight: 400; text-align: justify;\">A futura pedagoga destacou que o conhecimento que adquiriu em rela\u00e7\u00e3o aos seus estudos do est\u00e1gio, e claro, os lugares e culturas incr\u00edveis que conheceu lhes proporcionaram lembran\u00e7as e experi\u00eancias \u00fanicas.\u00a0 \u201c\u00c9 algo extraordin\u00e1rio e todos os alunos deveriam se interessar mais em participar destes programas. \u00c9 uma aprendizagem e um crescimento profissional que te alavancam em todos os sentidos. \u00c9 uma vis\u00e3o totalmente diferente das demais que voc\u00ea ter\u00e1\u201d, ressaltou.<\/p>\n<p style=\"font-weight: 400; text-align: justify;\">O diretor acad\u00eamico da Unifadra Prof. Dr. Enio Garbelini destacou que os programas do Santander Universidades visam proporcionar aos estudantes a oportunidade de acesso a outras culturas e a complementa\u00e7\u00e3o do seu curr\u00edculo por meio de interc\u00e2mbios com institui\u00e7\u00f5es de ensino superior vinculadas ao programa.<\/p>\n<p style=\"font-weight: 400; text-align: justify;\">Carolina Colnago<\/p>\n<p style=\"font-weight: 400; text-align: justify;\">Assessora de Comunica\u00e7\u00e3o da Fundec &#8211; Jornalista<\/p>\n<p style=\"font-weight: 400; text-align: justify;\">Foto:\u00a0Ana Beatriz Fumagali Fernandes, aluna da Unifadra, fez interc\u00e2mbio em Portugal.<\/p>\n<p style=\"font-weight: 400; text-align: justify;\">\n","protected":false},"excerpt":{"rendered":"<p>Um interc\u00e2mbio traz para o aluno uma importante bagagem de viv\u00eancias e aprendizados para a sua forma\u00e7\u00e3o profissional. A aluna Ana Beatriz Fumagali Fernandes, do curso de Pedagogia da Unifadra\/Fundec de Dracena, realizou um interc\u00e2mbio em Portugal, de junho a agosto de 2019. A aluna foi contemplada pelo Programa Bolsas Santander Mundi e Ibero-Americanas. Seguindo [&hellip;]<\/p>\n","protected":false},"author":1,"featured_media":7792,"comment_status":"closed","ping_status":"open","sticky":false,"template":"","format":"standard","meta":{"footnotes":""},"categories":[122],"tags":[],"class_list":["post-7791","post","type-post","status-publish","format-standard","has-post-thumbnail","hentry","category-saudeeducacaoeconcurso"],"_links":{"self":[{"href":"https:\/\/jorgezanoni.com.br\/2019\/wp-json\/wp\/v2\/posts\/7791","targetHints":{"allow":["GET"]}}],"collection":[{"href":"https:\/\/jorgezanoni.com.br\/2019\/wp-json\/wp\/v2\/posts"}],"about":[{"href":"https:\/\/jorgezanoni.com.br\/2019\/wp-json\/wp\/v2\/types\/post"}],"author":[{"embeddable":true,"href":"https:\/\/jorgezanoni.com.br\/2019\/wp-json\/wp\/v2\/users\/1"}],"replies":[{"embeddable":true,"href":"https:\/\/jorgezanoni.com.br\/2019\/wp-json\/wp\/v2\/comments?post=7791"}],"version-history":[{"count":0,"href":"https:\/\/jorgezanoni.com.br\/2019\/wp-json\/wp\/v2\/posts\/7791\/revisions"}],"wp:featuredmedia":[{"embeddable":true,"href":"https:\/\/jorgezanoni.com.br\/2019\/wp-json\/wp\/v2\/media\/7792"}],"wp:attachment":[{"href":"https:\/\/jorgezanoni.com.br\/2019\/wp-json\/wp\/v2\/media?parent=7791"}],"wp:term":[{"taxonomy":"category","embeddable":true,"href":"https:\/\/jorgezanoni.com.br\/2019\/wp-json\/wp\/v2\/categories?post=7791"},{"taxonomy":"post_tag","embeddable":true,"href":"https:\/\/jorgezanoni.com.br\/2019\/wp-json\/wp\/v2\/tags?post=7791"}],"curies":[{"name":"wp","href":"https:\/\/api.w.org\/{rel}","templated":true}]}}