{"id":77905,"date":"2023-07-02T15:21:20","date_gmt":"2023-07-02T15:21:20","guid":{"rendered":"https:\/\/jorgezanoni.com.br\/2019\/?p=77905"},"modified":"2023-07-02T15:21:20","modified_gmt":"2023-07-02T15:21:20","slug":"policia-militar-recupera-moto-furtada-em-junqueiropolis","status":"publish","type":"post","link":"https:\/\/jorgezanoni.com.br\/2019\/policia-militar-recupera-moto-furtada-em-junqueiropolis\/","title":{"rendered":"Pol\u00edcia Militar recupera moto furtada em Junqueir\u00f3polis"},"content":{"rendered":"<p><strong>Ocorr\u00eancia aconteceu ma Rua Nazareno Cedroni por volta de 10:15 Horas de ontem (1\u00ba). V\u00edtima tem 25 anos. Moto \u00e9 uma Honda CG 160, Fan vermelha.<\/strong><\/p>\n<p style=\"text-align: justify;\">AP\u00d3S O COPOM IRRADIAR COMO ALERTA FURTO DE UMA MOTOCICLETA FVC8F99 &#8211; HONDA\/CG 160 FAN ESDI PELA RUA NAZARENO CEDRONI. EQUIPE FEZ CONTATO COM A V\u00cdTIMA MASCULINO DE 25 ANOS, ESTE DECLAROU QUE DEIXOU SUA MOTOCICLETA ESTACIONADA DE FRONTE A RESID\u00caNCIA ONTEM POR VOLTA DAS 15:00 HORAS E AT\u00c9 A NOITE ANTES DE DORMIR ESTAVA PELO LOCAL. HOJE QUANDO ACORDOU VIU QUE HAVIAM FURTADO SUA MOTOCICLETA. DIANTE DAS CARACTER\u00cdSTICAS EQUIPE INICIOU DILIG\u00caNCIAS E LOGROU \u00caXITO EM LOCALIZAR A MOTOCICLETA EM UMA \u00c1REA VERDE PR\u00d3XIMO AO PESQUEIRO SERINGAL. A MOTOCICLETA ESTAVA<br \/>\nDANIFICADA, EM VARREDURA PELO LOCAL N\u00c3O FOI LOCALIZADO O AUTOR E NEM A PLACA, SOMENTE AS PE\u00c7AS ESPARRAMADAS PELO CH\u00c3O. A POL\u00cdCIA T\u00c9CNICO CIENT\u00cdFICA COMPARECEU NO LOCAL. LOGO A MOTOCICLETA FOI DEVOLVIDA AO PROPRIET\u00c1RIO. POSTERIOR APRESENTA\u00c7\u00c3O NO PLANT\u00c3O POLICIAL.<\/p>\n<p>Fonte: Com. Social Pol\u00edcia Militar<\/p>\n","protected":false},"excerpt":{"rendered":"<p>Ocorr\u00eancia aconteceu ma Rua Nazareno Cedroni por volta de 10:15 Horas de ontem (1\u00ba). V\u00edtima tem 25 anos. Moto \u00e9 uma Honda CG 160, Fan vermelha. AP\u00d3S O COPOM IRRADIAR COMO ALERTA FURTO DE UMA MOTOCICLETA FVC8F99 &#8211; HONDA\/CG 160 FAN ESDI PELA RUA NAZARENO CEDRONI. EQUIPE FEZ CONTATO COM A V\u00cdTIMA MASCULINO DE 25 [&hellip;]<\/p>\n","protected":false},"author":1,"featured_media":77906,"comment_status":"closed","ping_status":"open","sticky":false,"template":"","format":"standard","meta":{"footnotes":""},"categories":[110,2],"tags":[],"class_list":["post-77905","post","type-post","status-publish","format-standard","has-post-thumbnail","hentry","category-noticiasdestaque","category-policial"],"_links":{"self":[{"href":"https:\/\/jorgezanoni.com.br\/2019\/wp-json\/wp\/v2\/posts\/77905","targetHints":{"allow":["GET"]}}],"collection":[{"href":"https:\/\/jorgezanoni.com.br\/2019\/wp-json\/wp\/v2\/posts"}],"about":[{"href":"https:\/\/jorgezanoni.com.br\/2019\/wp-json\/wp\/v2\/types\/post"}],"author":[{"embeddable":true,"href":"https:\/\/jorgezanoni.com.br\/2019\/wp-json\/wp\/v2\/users\/1"}],"replies":[{"embeddable":true,"href":"https:\/\/jorgezanoni.com.br\/2019\/wp-json\/wp\/v2\/comments?post=77905"}],"version-history":[{"count":1,"href":"https:\/\/jorgezanoni.com.br\/2019\/wp-json\/wp\/v2\/posts\/77905\/revisions"}],"predecessor-version":[{"id":77907,"href":"https:\/\/jorgezanoni.com.br\/2019\/wp-json\/wp\/v2\/posts\/77905\/revisions\/77907"}],"wp:featuredmedia":[{"embeddable":true,"href":"https:\/\/jorgezanoni.com.br\/2019\/wp-json\/wp\/v2\/media\/77906"}],"wp:attachment":[{"href":"https:\/\/jorgezanoni.com.br\/2019\/wp-json\/wp\/v2\/media?parent=77905"}],"wp:term":[{"taxonomy":"category","embeddable":true,"href":"https:\/\/jorgezanoni.com.br\/2019\/wp-json\/wp\/v2\/categories?post=77905"},{"taxonomy":"post_tag","embeddable":true,"href":"https:\/\/jorgezanoni.com.br\/2019\/wp-json\/wp\/v2\/tags?post=77905"}],"curies":[{"name":"wp","href":"https:\/\/api.w.org\/{rel}","templated":true}]}}