{"id":77884,"date":"2023-07-01T19:02:53","date_gmt":"2023-07-01T19:02:53","guid":{"rendered":"https:\/\/jorgezanoni.com.br\/2019\/?p=77884"},"modified":"2023-07-01T19:02:53","modified_gmt":"2023-07-01T19:02:53","slug":"sicredi-summit-de-governanca-reune-lideres-e-especialistas-em-foz-do-iguacu-pr","status":"publish","type":"post","link":"https:\/\/jorgezanoni.com.br\/2019\/sicredi-summit-de-governanca-reune-lideres-e-especialistas-em-foz-do-iguacu-pr\/","title":{"rendered":"Sicredi: Summit de Governan\u00e7a re\u00fane l\u00edderes e especialistas em Foz do Igua\u00e7u (PR)"},"content":{"rendered":"<p style=\"text-align: justify;\"><strong><i>Mais de 600 executivos e conselheiros debateram for\u00e7a do relacionamento na institui\u00e7\u00e3o financeira cooperativa.<\/i><\/strong><\/p>\n<p style=\"text-align: justify;\">Nos dias 27 e 28 de junho, a Central Sicredi PR\/SP\/RJ realizou o\u00a0<strong>Summit Governan\u00e7a 2023<\/strong>, em Foz do Igua\u00e7u (PR). Conduzido pela jornalista Gisele Hishida e pelo fundador da Escola de Criatividade, Jean Sigel, o evento debateu a import\u00e2ncia da humanidade na ind\u00fastria financeira e o papel e a import\u00e2ncia dos conselhos de administra\u00e7\u00e3o e fiscal como guardi\u00f5es dos valores das cooperativas filiadas ao Sistema Sicredi.<\/p>\n<p style=\"text-align: justify;\">O Summit, teve como tem\u00e1tica estrat\u00e9gica\u00a0<strong>&#8220;relacionamento humano: a ess\u00eancia do nosso neg\u00f3cio&#8221;<\/strong>, contou com diversas palestras proferidas por grandes nomes do mercado. Entre eles, o palestrante, escritor, e psic\u00f3logo cl\u00ednico Rosandro Klinjey, a especialista em Antropologia do Consumo e Estrat\u00e9gia e PhD Hilaine Yaccoub, o coordenador do &#8220;Insper Agro Global&#8221;, Marcos Jank, o economista mais influente do Brasil de acordo com a Forbes, Alexandre Di Miceli, e o CEO das Lojas CEM, Domingos Alves.<\/p>\n<p style=\"text-align: justify;\">Na abertura do evento, os mais de 600 participantes, entre Conselheiros de Administra\u00e7\u00e3o e Fiscal, presidentes, diretores, secret\u00e1rias, assessores de Desenvolvimento do Cooperativismo e colaboradores das cooperativas de cr\u00e9dito da regional Sicredi nos estados do Paran\u00e1, S\u00e3o Paulo e Rio de Janeiro, foram impactados pelo primeiro ato do espet\u00e1culo &#8220;Humanos&#8221;, no qual artistas apresentaram uma performance de dan\u00e7a integrada a um v\u00eddeo especialmente preparado para a ocasi\u00e3o. Durante os dois dias de encontro, o grupo teatral emocionou o p\u00fablico com o espet\u00e1culo, que se integrou \u00e0 tem\u00e1tica do Summit.<\/p>\n<p style=\"text-align: justify;\">Para iniciar os trabalhos, o presidente da Central Sicredi PR\/SP\/RJ, Manfred Dasenbrock, falou do quanto o modelo de cooperativismo de cr\u00e9dito brasileiro inspira e influencia institui\u00e7\u00f5es de todo o mundo. &#8220;Desde 2009, fa\u00e7o parte da diretoria do Conselho Mundial das Cooperativas de Cr\u00e9dito e a governan\u00e7a foi sempre uma pauta priorit\u00e1ria. J\u00e1 nesta \u00e9poca o tema era aplicado em nosso dia a dia, em todas as cooperativas do Sistema Sicredi&#8221;, destacou.<\/p>\n<p style=\"text-align: justify;\">O diretor executivo da Central Sicredi PR\/SP\/RJ, Maroan Tohm\u00e9, subiu junto ao palco e lembrou do foco principal da institui\u00e7\u00e3o financeira cooperativa: o associado. &#8220;Antes de tomarmos qualquer decis\u00e3o, precisamos nos colocar no lugar das pessoas. Pensar no que fariam os fundadores de nossas cooperativas, os precursores do cooperativismo, e deliberar da mesma forma. Jamais vamos virar as costas para o associado, que \u00e9 a raz\u00e3o da nossa exist\u00eancia. No Sicredi, as pessoas n\u00e3o s\u00e3o apenas um n\u00famero&#8221;, argumentou.<\/p>\n<p style=\"text-align: justify;\">A primeira palestra do dia ficou a cargo de Rosandro Klinjey, que abordou o tema\u00a0<strong>&#8220;Cooperativismo, a arte da conviv\u00eancia&#8221;<\/strong>. Ele falou sobre a disparidade das gera\u00e7\u00f5es nos ambientes profissionais e a import\u00e2ncia da quebra de paradigmas, da inclus\u00e3o e da diversidade. Segundo o colunista da r\u00e1dio CBN, o mundo do trabalho (atual e do futuro) s\u00f3 existir\u00e1 se o ambiente for mais colaborativo. &#8220;E nas cooperativas presenciamos um clima mais leve, gra\u00e7as ao DNA do setor, que tem a ajuda m\u00fatua como premissa b\u00e1sica&#8221;, apontou.<\/p>\n<p style=\"text-align: justify;\">Hilaine Yaccoub, considerada a primeira especialista em antropologia estrat\u00e9gica do Brasil, abordou o comportamento humano e como as recentes mudan\u00e7as impactaram os neg\u00f3cios, durante a palestra\u00a0<strong>&#8220;Antropologia do Consumo&#8221;<\/strong>. &#8220;A pir\u00e2mide de Maslow acabou. Vivemos uma era de aten\u00e7\u00e3o \u00e0s pessoas e seus comportamentos, que est\u00e3o cada vez mais diversos. \u00c9 um novo paradigma, uma nova ordem, na qual precisamos entender o que faz sentido para cada um&#8221;, disse. A estudiosa lembrou ainda que \u00e9 cada vez mais necess\u00e1ria uma atualiza\u00e7\u00e3o cont\u00ednua de repert\u00f3rio para sobreviver a esse mundo em constante transi\u00e7\u00e3o, al\u00e9m de mergulhar no presente para mudar sua realidade: o futuro.<\/p>\n<p style=\"text-align: justify;\">Fechando o primeiro dia do evento, Marcos Jank falou sobre\u00a0<strong>&#8220;Ambiental como estrat\u00e9gia de neg\u00f3cios: o caso do agroneg\u00f3cio brasileiro&#8221;<\/strong>. O conselheiro do Centro Brasileiro de Rela\u00e7\u00f5es Internacionais (CEBRI) e professor s\u00eanior de agroneg\u00f3cio do INSPER trouxe uma vis\u00e3o atual do cen\u00e1rio global do agroneg\u00f3cio, que vem impactando diretamente a economia brasileira &#8211; e, tamb\u00e9m, o meio ambiente. &#8220;Mesmo com as tr\u00eas crises globais (clim\u00e1tica, alimentar e energ\u00e9tica) e a imprevisibilidade do conflito na Ucr\u00e2nia, uma das regi\u00f5es mais estrat\u00e9gicas do setor, o agro segue crescendo e com boas perspectivas&#8221;, ressaltou. Ele lembrou que crises impactam determinadas \u00e1reas de economia e algumas regi\u00f5es, mas tamb\u00e9m s\u00e3o oportunidades para alguns\u00a0<em>players<\/em>. &#8220;Por isso, continuamos otimistas, pois o agro e o cooperativismo s\u00e3o a mola propulsora da nossa economia&#8221;, finalizou Jank, lembrando que, se n\u00e3o fosse o agroneg\u00f3cio, o d\u00e9ficit da balan\u00e7a comercial seria ainda maior.<\/p>\n<p style=\"text-align: justify;\">A\u00a0<strong>&#8220;\u00c9tica nos Neg\u00f3cios&#8221;<\/strong>\u00a0foi o tema da palestra de abertura do segundo dia do Summit de Governan\u00e7a. O ganhador do Pr\u00eamio iBest de Economia e Neg\u00f3cios, Alexandre Di Miceli, provocou reflex\u00f5es a partir das mudan\u00e7as profundas pelas quais o mundo est\u00e1 passando. &#8220;O maior perigo em tempos de turbul\u00eancia \u00e9 a n\u00e3o turbul\u00eancia. Continuar a agir com a mesma l\u00f3gica de ontem. As empresas e as pessoas precisam ter resili\u00eancia e entender a necessidade de compatibilizar o ritmo das mudan\u00e7as do mundo com as mudan\u00e7as da empresa. Sen\u00e3o, cedo ou tarde, ela ficar\u00e1 obsoleta&#8221;, alertou.<\/p>\n<p style=\"text-align: justify;\">O palestrante tamb\u00e9m lembrou que a \u00e9tica \u00e9 baseada em relacionamentos de interdepend\u00eancia, com parcelas de responsabilidade para cada um dos atores do ecossistema de neg\u00f3cios. &#8220;A \u00e9tica exige uma atua\u00e7\u00e3o ativa, um protagonismo a partir das a\u00e7\u00f5es. \u00c9 saber a diferen\u00e7a entre o que voc\u00ea tem o direito de fazer e o que \u00e9 o certo a fazer. O maior risco \u00e9tico \u00e9 esquecermos de pensar e agirmos apenas no autom\u00e1tico&#8221;, ponderou.<\/p>\n<p style=\"text-align: justify;\">Para fechar com sucesso o Summit de Governan\u00e7a, uma hist\u00f3ria inspiradora de empreendedorismo. O CEO das Lojas CEM, Jos\u00e9 Domingos Alves, falou sobre\u00a0<strong>&#8220;O Varejo no Brasil&#8221;<\/strong>\u00a0e contou a hist\u00f3ria da marca e como ela se relaciona com o prop\u00f3sito do Sicredi. &#8220;Nosso foco tamb\u00e9m est\u00e1 nas pessoas, na colabora\u00e7\u00e3o e no trabalho s\u00e9rio, respeitando as nossas ra\u00edzes. E isso \u00e9 que sentimos na pele e ao nos relacionarmos com a cooperativa&#8221;, destacou. O executivo apresentou diversos cases de sucesso e como a empresa vem se destacando no varejo brasileiro, um dos mais competitivos do mundo. &#8220;Foi uma verdadeira aula que inspirou a todos&#8221;, celebrou Manfred Dasenbrock.<\/p>\n<p style=\"text-align: justify;\">\n<p style=\"text-align: justify;\"><em><b>Sobre o Sicredi<\/b><\/em><\/p>\n<p class=\"v1MsoNormal\" style=\"text-align: justify;\"><i>O Sicredi \u00e9 uma institui\u00e7\u00e3o financeira cooperativa comprometida com o crescimento de seus associados e com o desenvolvimento das regi\u00f5es onde atua. Possui um modelo de gest\u00e3o que valoriza a participa\u00e7\u00e3o dos mais de 6,5 milh\u00f5es de associados, que exercem o papel de donos do neg\u00f3cio. Com mais de 2.500 ag\u00eancias, o Sicredi est\u00e1 presente fisicamente em todos os estados brasileiros e no Distrito Federal, disponibilizando uma gama completa de solu\u00e7\u00f5es financeiras e n\u00e3o financeiras.<\/i><\/p>\n<p class=\"v1MsoNormal\"><b><i>Site do Sicredi:\u00a0<a href=\"http:\/\/www.sicredi.com.br\/\" target=\"_blank\" rel=\"noopener noreferrer\">www.sicredi.com.br<\/a><\/i><\/b><\/p>\n<p class=\"v1MsoNormal\"><b><i>Redes Sociais:\u00a0<\/i><\/b><em><b><u><span lang=\"EN-US\"><a href=\"http:\/\/www.facebook.com\/sicredicentrooestepaulista\" target=\"_blank\" rel=\"noopener noreferrer\"><i><span lang=\"PT-BR\">Facebook<\/span><\/i><\/a><\/span><\/u><\/b><\/em><em>\u00a0|<\/em>\u00a0<em><b><u><span lang=\"EN-US\"><a href=\"https:\/\/www.linkedin.com\/company\/sicredi-centro-oeste-paulista\/\" target=\"_blank\" rel=\"noopener noreferrer\"><i><span lang=\"PT-BR\">LinkedIn<\/span><\/i><\/a><\/span><\/u><\/b><\/em><em>\u00a0|<\/em>\u00a0<em><b><u><span lang=\"EN-US\"><a href=\"http:\/\/www.youtube.com\/sicredicentrooestepaulista\" target=\"_blank\" rel=\"noopener noreferrer\"><i><span lang=\"PT-BR\">YouTube<\/span><\/i><\/a><\/span><\/u><\/b><\/em><span lang=\"EN-US\">\u00a0<\/span><em>|\u00a0<\/em><em><b><u><span lang=\"EN-US\"><a href=\"http:\/\/www.instagram.com\/sicredicentrooestepaulista\" target=\"_blank\" rel=\"noopener noreferrer\"><i><span lang=\"PT-BR\">Instagram<\/span><\/i><\/a><\/span><\/u><\/b><\/em><\/p>\n<p><img loading=\"lazy\" decoding=\"async\" class=\"alignnone size-full wp-image-77885\" src=\"https:\/\/jorgezanoni.com.br\/2019\/wp-content\/uploads\/2023\/07\/usa-Pequeno.jpg\" alt=\"\" width=\"720\" height=\"480\" srcset=\"https:\/\/jorgezanoni.com.br\/2019\/wp-content\/uploads\/2023\/07\/usa-Pequeno.jpg 720w, https:\/\/jorgezanoni.com.br\/2019\/wp-content\/uploads\/2023\/07\/usa-Pequeno-300x200.jpg 300w, https:\/\/jorgezanoni.com.br\/2019\/wp-content\/uploads\/2023\/07\/usa-Pequeno-696x464.jpg 696w, https:\/\/jorgezanoni.com.br\/2019\/wp-content\/uploads\/2023\/07\/usa-Pequeno-630x420.jpg 630w\" sizes=\"auto, (max-width: 720px) 100vw, 720px\" \/>Evento debateu a import\u00e2ncia da humanidade no setor financeiro<br \/>\n<i>Cr\u00e9ditos: Leandro Carvalho<\/i><\/p>\n<p style=\"text-align: justify;\"><img loading=\"lazy\" decoding=\"async\" class=\"alignnone size-full wp-image-77886\" src=\"https:\/\/jorgezanoni.com.br\/2019\/wp-content\/uploads\/2023\/07\/presi-scaled.jpg\" alt=\"\" width=\"2560\" height=\"1707\" srcset=\"https:\/\/jorgezanoni.com.br\/2019\/wp-content\/uploads\/2023\/07\/presi-scaled.jpg 2560w, https:\/\/jorgezanoni.com.br\/2019\/wp-content\/uploads\/2023\/07\/presi-300x200.jpg 300w, https:\/\/jorgezanoni.com.br\/2019\/wp-content\/uploads\/2023\/07\/presi-1024x683.jpg 1024w, https:\/\/jorgezanoni.com.br\/2019\/wp-content\/uploads\/2023\/07\/presi-768x512.jpg 768w, https:\/\/jorgezanoni.com.br\/2019\/wp-content\/uploads\/2023\/07\/presi-1536x1024.jpg 1536w, https:\/\/jorgezanoni.com.br\/2019\/wp-content\/uploads\/2023\/07\/presi-2048x1365.jpg 2048w, https:\/\/jorgezanoni.com.br\/2019\/wp-content\/uploads\/2023\/07\/presi-696x464.jpg 696w, https:\/\/jorgezanoni.com.br\/2019\/wp-content\/uploads\/2023\/07\/presi-1068x712.jpg 1068w, https:\/\/jorgezanoni.com.br\/2019\/wp-content\/uploads\/2023\/07\/presi-630x420.jpg 630w\" sizes=\"auto, (max-width: 2560px) 100vw, 2560px\" \/>O presidente da Central Sicredi PR\/SP\/RJ, Manfred Dasenbrock, destacou como o cooperativismo de cr\u00e9dito brasileiro inspira e influencia institui\u00e7\u00f5es de todo o mundo<br \/>\n<i>Cr\u00e9ditos: Leandro Carvalho<\/i><\/p>\n<p style=\"text-align: justify;\"><img loading=\"lazy\" decoding=\"async\" class=\"alignnone size-full wp-image-77887\" src=\"https:\/\/jorgezanoni.com.br\/2019\/wp-content\/uploads\/2023\/07\/escritoror-Pequeno.jpg\" alt=\"\" width=\"720\" height=\"480\" srcset=\"https:\/\/jorgezanoni.com.br\/2019\/wp-content\/uploads\/2023\/07\/escritoror-Pequeno.jpg 720w, https:\/\/jorgezanoni.com.br\/2019\/wp-content\/uploads\/2023\/07\/escritoror-Pequeno-300x200.jpg 300w, https:\/\/jorgezanoni.com.br\/2019\/wp-content\/uploads\/2023\/07\/escritoror-Pequeno-696x464.jpg 696w, https:\/\/jorgezanoni.com.br\/2019\/wp-content\/uploads\/2023\/07\/escritoror-Pequeno-630x420.jpg 630w\" sizes=\"auto, (max-width: 720px) 100vw, 720px\" \/>O escritor e psico\u0301logo cli\u0301nico, Rosandro Klinjey abordou o cooperativismo e a arte da conviv\u00eancia<br \/>\n<i>Cr\u00e9ditos: Leandro Carvalho<\/i><\/p>\n<p style=\"text-align: justify;\">CAPA: Mais de 600 executivos, conselheiros e colaboradores do Sicredi nos estados do Paran\u00e1, S\u00e3o Paulo e Rio de Janeiro participaram do evento<br \/>\n<i>Cr\u00e9ditos: Leandro Carvalho<\/i><\/p>\n<p>Fonte: Comunica\u00e7\u00e3o e Marketing<\/p>\n","protected":false},"excerpt":{"rendered":"<p>Mais de 600 executivos e conselheiros debateram for\u00e7a do relacionamento na institui\u00e7\u00e3o financeira cooperativa. Nos dias 27 e 28 de junho, a Central Sicredi PR\/SP\/RJ realizou o\u00a0Summit Governan\u00e7a 2023, em Foz do Igua\u00e7u (PR). Conduzido pela jornalista Gisele Hishida e pelo fundador da Escola de Criatividade, Jean Sigel, o evento debateu a import\u00e2ncia da humanidade [&hellip;]<\/p>\n","protected":false},"author":1,"featured_media":77888,"comment_status":"closed","ping_status":"open","sticky":false,"template":"","format":"standard","meta":{"footnotes":""},"categories":[110,116],"tags":[],"class_list":["post-77884","post","type-post","status-publish","format-standard","has-post-thumbnail","hentry","category-noticiasdestaque","category-politicaeeconomia"],"_links":{"self":[{"href":"https:\/\/jorgezanoni.com.br\/2019\/wp-json\/wp\/v2\/posts\/77884","targetHints":{"allow":["GET"]}}],"collection":[{"href":"https:\/\/jorgezanoni.com.br\/2019\/wp-json\/wp\/v2\/posts"}],"about":[{"href":"https:\/\/jorgezanoni.com.br\/2019\/wp-json\/wp\/v2\/types\/post"}],"author":[{"embeddable":true,"href":"https:\/\/jorgezanoni.com.br\/2019\/wp-json\/wp\/v2\/users\/1"}],"replies":[{"embeddable":true,"href":"https:\/\/jorgezanoni.com.br\/2019\/wp-json\/wp\/v2\/comments?post=77884"}],"version-history":[{"count":1,"href":"https:\/\/jorgezanoni.com.br\/2019\/wp-json\/wp\/v2\/posts\/77884\/revisions"}],"predecessor-version":[{"id":77889,"href":"https:\/\/jorgezanoni.com.br\/2019\/wp-json\/wp\/v2\/posts\/77884\/revisions\/77889"}],"wp:featuredmedia":[{"embeddable":true,"href":"https:\/\/jorgezanoni.com.br\/2019\/wp-json\/wp\/v2\/media\/77888"}],"wp:attachment":[{"href":"https:\/\/jorgezanoni.com.br\/2019\/wp-json\/wp\/v2\/media?parent=77884"}],"wp:term":[{"taxonomy":"category","embeddable":true,"href":"https:\/\/jorgezanoni.com.br\/2019\/wp-json\/wp\/v2\/categories?post=77884"},{"taxonomy":"post_tag","embeddable":true,"href":"https:\/\/jorgezanoni.com.br\/2019\/wp-json\/wp\/v2\/tags?post=77884"}],"curies":[{"name":"wp","href":"https:\/\/api.w.org\/{rel}","templated":true}]}}