{"id":77863,"date":"2023-06-30T17:57:59","date_gmt":"2023-06-30T17:57:59","guid":{"rendered":"https:\/\/jorgezanoni.com.br\/2019\/?p=77863"},"modified":"2023-06-30T17:57:59","modified_gmt":"2023-06-30T17:57:59","slug":"medicina-unifadra-dracena-abre-inscricoes-para-transferencia-por-analise-de-curriculo-4","status":"publish","type":"post","link":"https:\/\/jorgezanoni.com.br\/2019\/medicina-unifadra-dracena-abre-inscricoes-para-transferencia-por-analise-de-curriculo-4\/","title":{"rendered":"Medicina: Unifadra Dracena abre inscri\u00e7\u00f5es para transfer\u00eancia por an\u00e1lise de curr\u00edculo"},"content":{"rendered":"<p style=\"text-align: justify;\"><i><strong><span style=\"font-size: large;\">Alunos de outras institui\u00e7\u00f5es brasileiras podem se candidatar \u00e0s vagas no 2\u00ba, 4\u00ba e 6\u00ba semestres do curso de Medicina na Unifadra.<\/span><\/strong><br \/>\n<\/i><br \/>\n<span style=\"font-size: large;\">A Unifadra est\u00e1 com inscri\u00e7\u00f5es abertas para receber transfer\u00eancias para o 2\u00ba, 4\u00ba e 6\u00ba semestres do curso de Medicina, por an\u00e1lise de curr\u00edculo. As inscri\u00e7\u00f5es para esse processo seletivo poder\u00e3o ser feitas\u00a0<b>at\u00e9 o dia 7 de julho de 2023<\/b>.<\/span><\/p>\n<p><span style=\"font-size: large;\">Podem se inscrever somente os alunos aprovados em processo seletivo e regularmente matriculados em cursos de gradua\u00e7\u00e3o em Medicina de institui\u00e7\u00f5es de ensino superior brasileiras autorizadas ou reconhecidas pelo MEC ou pelos Conselhos Estaduais de Educa\u00e7\u00e3o.<\/span><\/p>\n<p><span style=\"font-size: large;\">A sele\u00e7\u00e3o para transfer\u00eancia ser\u00e1 feita pela an\u00e1lise do curr\u00edculo acad\u00eamico do aluno no seu curso de Medicina. Essa an\u00e1lise tamb\u00e9m indicar\u00e1 ao candidato as adapta\u00e7\u00f5es a serem cumpridas e os respectivos semestres em que ser\u00e3o realizadas.<\/span><\/p>\n<p><span style=\"font-size: large;\">Para verificar em qual semestre poder\u00e3o realizar sua inscri\u00e7\u00e3o, os interessados devem confrontar as disciplinas cursadas em sua institui\u00e7\u00e3o com aquelas do curr\u00edculo da Unifadra (dispon\u00edvel em\u00a0<a href=\"https:\/\/fundec.edu.br\/unifadra\/graduacao\/medicina\" target=\"_blank\" rel=\"noopener noreferrer\">https:\/\/fundec.edu.br\/unifadra\/graduacao\/medicina<\/a>).<\/span><\/p>\n<p><span style=\"font-size: large;\">Para mais informa\u00e7\u00f5es, leia atentamente o edital. O processo de transfer\u00eancia n\u00e3o contempla alunos dos programas ProUni, FIES e Bolsa Escola da Fam\u00edlia. O resultado ser\u00e1 divulgado no dia 17 de julho de 2023 e os classificados ter\u00e3o at\u00e9 o dia 24 de julho para efetuar sua matr\u00edcula.<\/span><\/p>\n<p><b><span style=\"font-size: large;\">SERVI\u00c7O<\/span><br \/>\n<span style=\"font-size: large;\">Processo seletivo de transfer\u00eancia por an\u00e1lise de curr\u00edculo para o curso de Medicina da Unifadra Dracena (2\u00ba, 4\u00ba e 6\u00ba semestres)<\/span><br \/>\n<\/b><span style=\"font-size: large;\"><b>Edital e inscri\u00e7\u00f5es<\/b>:\u00a0<a href=\"https:\/\/fundec.edu.br\/unifadra\/transferenciamedicina\" target=\"_blank\" rel=\"noopener noreferrer\">https:\/\/fundec.edu.br\/unifadra\/transferenciamedicina<\/a><\/span><br \/>\n<span style=\"font-size: large;\"><b>Envio dos documentos<\/b>: at\u00e9 09\/07\/2023 (de forma digitalizada, em formato PDF)<\/span><br \/>\n<span style=\"font-size: large;\"><b>Divulga\u00e7\u00e3o do resultado<\/b>: 17\/07\/2023<\/span><br \/>\n<span style=\"font-size: large;\"><b>Matr\u00edculas<\/b>: at\u00e9 24\/07\/2023<\/span><br \/>\n<span style=\"font-size: large;\">Conhe\u00e7a o curso de Medicina da Unifadra Dracena em:\u00a0<a href=\"https:\/\/youtu.be\/Kg8_50SXkjQ\" target=\"_blank\" rel=\"noopener noreferrer\">https:\/\/youtu.be\/Kg8_50SXkjQ<\/a><\/span><\/p>\n","protected":false},"excerpt":{"rendered":"<p>Alunos de outras institui\u00e7\u00f5es brasileiras podem se candidatar \u00e0s vagas no 2\u00ba, 4\u00ba e 6\u00ba semestres do curso de Medicina na Unifadra. A Unifadra est\u00e1 com inscri\u00e7\u00f5es abertas para receber transfer\u00eancias para o 2\u00ba, 4\u00ba e 6\u00ba semestres do curso de Medicina, por an\u00e1lise de curr\u00edculo. As inscri\u00e7\u00f5es para esse processo seletivo poder\u00e3o ser feitas\u00a0at\u00e9 [&hellip;]<\/p>\n","protected":false},"author":1,"featured_media":77864,"comment_status":"closed","ping_status":"open","sticky":false,"template":"","format":"standard","meta":{"footnotes":""},"categories":[110,122],"tags":[],"class_list":["post-77863","post","type-post","status-publish","format-standard","has-post-thumbnail","hentry","category-noticiasdestaque","category-saudeeducacaoeconcurso"],"_links":{"self":[{"href":"https:\/\/jorgezanoni.com.br\/2019\/wp-json\/wp\/v2\/posts\/77863","targetHints":{"allow":["GET"]}}],"collection":[{"href":"https:\/\/jorgezanoni.com.br\/2019\/wp-json\/wp\/v2\/posts"}],"about":[{"href":"https:\/\/jorgezanoni.com.br\/2019\/wp-json\/wp\/v2\/types\/post"}],"author":[{"embeddable":true,"href":"https:\/\/jorgezanoni.com.br\/2019\/wp-json\/wp\/v2\/users\/1"}],"replies":[{"embeddable":true,"href":"https:\/\/jorgezanoni.com.br\/2019\/wp-json\/wp\/v2\/comments?post=77863"}],"version-history":[{"count":1,"href":"https:\/\/jorgezanoni.com.br\/2019\/wp-json\/wp\/v2\/posts\/77863\/revisions"}],"predecessor-version":[{"id":77865,"href":"https:\/\/jorgezanoni.com.br\/2019\/wp-json\/wp\/v2\/posts\/77863\/revisions\/77865"}],"wp:featuredmedia":[{"embeddable":true,"href":"https:\/\/jorgezanoni.com.br\/2019\/wp-json\/wp\/v2\/media\/77864"}],"wp:attachment":[{"href":"https:\/\/jorgezanoni.com.br\/2019\/wp-json\/wp\/v2\/media?parent=77863"}],"wp:term":[{"taxonomy":"category","embeddable":true,"href":"https:\/\/jorgezanoni.com.br\/2019\/wp-json\/wp\/v2\/categories?post=77863"},{"taxonomy":"post_tag","embeddable":true,"href":"https:\/\/jorgezanoni.com.br\/2019\/wp-json\/wp\/v2\/tags?post=77863"}],"curies":[{"name":"wp","href":"https:\/\/api.w.org\/{rel}","templated":true}]}}