{"id":77857,"date":"2023-06-30T17:53:35","date_gmt":"2023-06-30T17:53:35","guid":{"rendered":"https:\/\/jorgezanoni.com.br\/2019\/?p=77857"},"modified":"2023-06-30T17:53:35","modified_gmt":"2023-06-30T17:53:35","slug":"anglo-cid-dracena-forma-turma-do-proerd-2023","status":"publish","type":"post","link":"https:\/\/jorgezanoni.com.br\/2019\/anglo-cid-dracena-forma-turma-do-proerd-2023\/","title":{"rendered":"Anglo-CID Dracena forma turma do Proerd 2023"},"content":{"rendered":"<div dir=\"ltr\" style=\"text-align: justify;\"><span style=\"font-size: large;\">Os alunos do 5\u00ba ano do ensino fundamental do Col\u00e9gio Anglo-CID receberam, na noite do dia 26 de junho, os certificados de conclus\u00e3o do Programa Educacional de Resist\u00eancia \u00e0s Drogas e \u00e0 Viol\u00eancia (Proerd), no Audit\u00f3rio &#8220;Prof. Geraldo Mariano Alves&#8221;.<\/span><\/p>\n<p><span style=\"font-size: large;\">A cerim\u00f4nia foi prestigiada pelo Prefeito Municipal de Dracena Andr\u00e9 Lemos; pelo 1\u00ba Tenente PM Victor Augusto Carli, representando o Capit\u00e3o PM Pedro Angelo Miguez Camin, Comandante da 1\u00aa Companhia da Pol\u00edcia Militar em Dracena; pelo instrutor do Proerd Cabo PM Luiz Felipe Silva dos Santos e pela diretora do Anglo-CID Eul\u00e1lia Pires Fava &#8211; que compuseram a mesa de honra, al\u00e9m da coordena\u00e7\u00e3o, dos professores e dos alunos do col\u00e9gio, acompanhados por seus pais e familiares.<\/span><\/p>\n<p><span style=\"font-size: large;\">Os alunos Livia Fernanda da Palma Silva e N\u00edcolas Ceni Brianez Cardoso conduziram a cerim\u00f4nia de formatura e a aluna Amanda Gomes Bachega conduziu o juramento do Proerd. Em seguida, a professora Sueli Corage, acompanhada pelas autoridades, fez a entrega dos certificados de conclus\u00e3o aos alunos.<\/span><\/p>\n<p><span style=\"font-size: large;\">A aluna Maria J\u00falia dos Santos Torres recebeu uma medalha de honra ao m\u00e9rito pelo destaque de sua reda\u00e7\u00e3o entre a turma e fez a leitura do texto para o p\u00fablico, cujo tema era &#8220;O que aprendi com o Proerd&#8221;.<\/span><\/p>\n<p><span style=\"font-size: large;\">O p\u00fablico ainda assistiu a duas apresenta\u00e7\u00f5es da turma do 5\u00ba ano. Na primeira, os alunos cantaram a m\u00fasica &#8220;Um mundo ideal&#8221;, sob a reg\u00eancia do Prof. Esp. Marcel Balsani Freire. Na segunda, apresentaram em forma de teatro tudo o que aprenderam durante o curso do Proerd, sob a dire\u00e7\u00e3o do Prof. Esp. Marcelo Carlos Sobrinho. Para o encerramento, as crian\u00e7as entoaram o Hino do Proerd com a presen\u00e7a do mascote do Proerd, o DARE (um le\u00e3o).<\/span><\/p>\n<p><span style=\"font-size: large;\">Em agradecimento ao instrutor PM Luiz Felipe Silva dos Santos, a diretora Eul\u00e1lia fez a entrega de um mimo por sua dedica\u00e7\u00e3o \u00e0 turma de 2023 durante os tr\u00eas meses do curso, quando os alunos aprenderam a dizer &#8220;N\u00c3O&#8221; \u00e0s drogas, refor\u00e7aram sua autoestima e aprenderam a resistir \u00e0 press\u00e3o ao uso por parte dos amigos.<\/span><\/p>\n<p><span style=\"font-size: large;\">A diretora Eul\u00e1lia Pires Fava agradeceu a presen\u00e7a das autoridades e do p\u00fablico, ressaltando a import\u00e2ncia da participa\u00e7\u00e3o dos respons\u00e1veis na educa\u00e7\u00e3o das crian\u00e7as, bem como para a conscientiza\u00e7\u00e3o contra as drogas (l\u00edcitas e il\u00edcitas) e contra as atitudes que geram viol\u00eancia, que s\u00e3o temas abordados pelo Proerd. Aos alunos, refor\u00e7ou a mensagem: &#8220;N\u00e3o se esque\u00e7am do que aprenderam!&#8221;<\/span><\/div>\n<div dir=\"ltr\"><\/div>\n<div dir=\"ltr\"><img loading=\"lazy\" decoding=\"async\" class=\"alignnone size-full wp-image-77858\" src=\"https:\/\/jorgezanoni.com.br\/2019\/wp-content\/uploads\/2023\/06\/pro3-Pequeno-1.jpg\" alt=\"\" width=\"852\" height=\"480\" srcset=\"https:\/\/jorgezanoni.com.br\/2019\/wp-content\/uploads\/2023\/06\/pro3-Pequeno-1.jpg 852w, https:\/\/jorgezanoni.com.br\/2019\/wp-content\/uploads\/2023\/06\/pro3-Pequeno-1-300x169.jpg 300w, https:\/\/jorgezanoni.com.br\/2019\/wp-content\/uploads\/2023\/06\/pro3-Pequeno-1-768x433.jpg 768w, https:\/\/jorgezanoni.com.br\/2019\/wp-content\/uploads\/2023\/06\/pro3-Pequeno-1-696x392.jpg 696w, https:\/\/jorgezanoni.com.br\/2019\/wp-content\/uploads\/2023\/06\/pro3-Pequeno-1-746x420.jpg 746w\" sizes=\"auto, (max-width: 852px) 100vw, 852px\" \/> <img loading=\"lazy\" decoding=\"async\" class=\"alignnone size-full wp-image-77859\" src=\"https:\/\/jorgezanoni.com.br\/2019\/wp-content\/uploads\/2023\/06\/pro1-Pequeno-1.jpg\" alt=\"\" width=\"852\" height=\"480\" srcset=\"https:\/\/jorgezanoni.com.br\/2019\/wp-content\/uploads\/2023\/06\/pro1-Pequeno-1.jpg 852w, https:\/\/jorgezanoni.com.br\/2019\/wp-content\/uploads\/2023\/06\/pro1-Pequeno-1-300x169.jpg 300w, https:\/\/jorgezanoni.com.br\/2019\/wp-content\/uploads\/2023\/06\/pro1-Pequeno-1-768x433.jpg 768w, https:\/\/jorgezanoni.com.br\/2019\/wp-content\/uploads\/2023\/06\/pro1-Pequeno-1-696x392.jpg 696w, https:\/\/jorgezanoni.com.br\/2019\/wp-content\/uploads\/2023\/06\/pro1-Pequeno-1-746x420.jpg 746w\" sizes=\"auto, (max-width: 852px) 100vw, 852px\" \/> <img loading=\"lazy\" decoding=\"async\" class=\"alignnone size-full wp-image-77860\" src=\"https:\/\/jorgezanoni.com.br\/2019\/wp-content\/uploads\/2023\/06\/pro2-Pequeno-1.jpg\" alt=\"\" width=\"852\" height=\"480\" srcset=\"https:\/\/jorgezanoni.com.br\/2019\/wp-content\/uploads\/2023\/06\/pro2-Pequeno-1.jpg 852w, https:\/\/jorgezanoni.com.br\/2019\/wp-content\/uploads\/2023\/06\/pro2-Pequeno-1-300x169.jpg 300w, https:\/\/jorgezanoni.com.br\/2019\/wp-content\/uploads\/2023\/06\/pro2-Pequeno-1-768x433.jpg 768w, https:\/\/jorgezanoni.com.br\/2019\/wp-content\/uploads\/2023\/06\/pro2-Pequeno-1-696x392.jpg 696w, https:\/\/jorgezanoni.com.br\/2019\/wp-content\/uploads\/2023\/06\/pro2-Pequeno-1-746x420.jpg 746w\" sizes=\"auto, (max-width: 852px) 100vw, 852px\" \/><\/div>\n<div dir=\"ltr\">Fonte: Depto. de Comunica\u00e7\u00e3o da Fundec<\/div>\n","protected":false},"excerpt":{"rendered":"<p>Os alunos do 5\u00ba ano do ensino fundamental do Col\u00e9gio Anglo-CID receberam, na noite do dia 26 de junho, os certificados de conclus\u00e3o do Programa Educacional de Resist\u00eancia \u00e0s Drogas e \u00e0 Viol\u00eancia (Proerd), no Audit\u00f3rio &#8220;Prof. Geraldo Mariano Alves&#8221;. A cerim\u00f4nia foi prestigiada pelo Prefeito Municipal de Dracena Andr\u00e9 Lemos; pelo 1\u00ba Tenente PM [&hellip;]<\/p>\n","protected":false},"author":1,"featured_media":77861,"comment_status":"closed","ping_status":"open","sticky":false,"template":"","format":"standard","meta":{"footnotes":""},"categories":[110,122],"tags":[],"class_list":["post-77857","post","type-post","status-publish","format-standard","has-post-thumbnail","hentry","category-noticiasdestaque","category-saudeeducacaoeconcurso"],"_links":{"self":[{"href":"https:\/\/jorgezanoni.com.br\/2019\/wp-json\/wp\/v2\/posts\/77857","targetHints":{"allow":["GET"]}}],"collection":[{"href":"https:\/\/jorgezanoni.com.br\/2019\/wp-json\/wp\/v2\/posts"}],"about":[{"href":"https:\/\/jorgezanoni.com.br\/2019\/wp-json\/wp\/v2\/types\/post"}],"author":[{"embeddable":true,"href":"https:\/\/jorgezanoni.com.br\/2019\/wp-json\/wp\/v2\/users\/1"}],"replies":[{"embeddable":true,"href":"https:\/\/jorgezanoni.com.br\/2019\/wp-json\/wp\/v2\/comments?post=77857"}],"version-history":[{"count":1,"href":"https:\/\/jorgezanoni.com.br\/2019\/wp-json\/wp\/v2\/posts\/77857\/revisions"}],"predecessor-version":[{"id":77862,"href":"https:\/\/jorgezanoni.com.br\/2019\/wp-json\/wp\/v2\/posts\/77857\/revisions\/77862"}],"wp:featuredmedia":[{"embeddable":true,"href":"https:\/\/jorgezanoni.com.br\/2019\/wp-json\/wp\/v2\/media\/77861"}],"wp:attachment":[{"href":"https:\/\/jorgezanoni.com.br\/2019\/wp-json\/wp\/v2\/media?parent=77857"}],"wp:term":[{"taxonomy":"category","embeddable":true,"href":"https:\/\/jorgezanoni.com.br\/2019\/wp-json\/wp\/v2\/categories?post=77857"},{"taxonomy":"post_tag","embeddable":true,"href":"https:\/\/jorgezanoni.com.br\/2019\/wp-json\/wp\/v2\/tags?post=77857"}],"curies":[{"name":"wp","href":"https:\/\/api.w.org\/{rel}","templated":true}]}}