{"id":7785,"date":"2019-10-03T01:44:28","date_gmt":"2019-10-03T01:44:28","guid":{"rendered":"https:\/\/jorgezanoni.com.br\/2019\/?p=7785"},"modified":"2019-10-03T01:44:28","modified_gmt":"2019-10-03T01:44:28","slug":"prorrogadas-as-inscricoes-para-o-vestibular-de-medicina-da-unifadra-de-dracena","status":"publish","type":"post","link":"https:\/\/jorgezanoni.com.br\/2019\/prorrogadas-as-inscricoes-para-o-vestibular-de-medicina-da-unifadra-de-dracena\/","title":{"rendered":"Prorrogadas as inscri\u00e7\u00f5es para o Vestibular de Medicina da Unifadra de Dracena"},"content":{"rendered":"<p style=\"font-weight: 400; text-align: justify;\">A Faculdade Unifadra, mantida pela Fundec em Dracena, prorrogou o prazo para inscri\u00e7\u00f5es do Vestibular de Medicina at\u00e9 o dia 03 de outubro, possibilitando assim que as pessoas que perderam o primeiro prazo possam participar deste processo seletivo. A prova ser\u00e1 realizada pela Vunesp no dia 20 de outubro de 2019, \u00e0s 13h, em Dracena. Os candidatos dever\u00e3o se inscrever exclusivamente pelo site\u00a0<a href=\"http:\/\/www.vunesp.com.br\/\">www.vunesp.com.br<\/a>\u00a0. Para este processo seletivo, ser\u00e3o ofertadas 33 vagas. Os aprovados neste vestibular iniciar\u00e3o suas aulas em 2020. Mais informa\u00e7\u00f5es: (18) 3821-9004.<\/p>\n<p style=\"font-weight: 400; text-align: justify;\">Carolina Colnago<\/p>\n<p style=\"font-weight: 400; text-align: justify;\">Assessora de Comunica\u00e7\u00e3o da Fundec &#8211; Jornalista<\/p>\n","protected":false},"excerpt":{"rendered":"<p>A Faculdade Unifadra, mantida pela Fundec em Dracena, prorrogou o prazo para inscri\u00e7\u00f5es do Vestibular de Medicina at\u00e9 o dia 03 de outubro, possibilitando assim que as pessoas que perderam o primeiro prazo possam participar deste processo seletivo. A prova ser\u00e1 realizada pela Vunesp no dia 20 de outubro de 2019, \u00e0s 13h, em Dracena. [&hellip;]<\/p>\n","protected":false},"author":1,"featured_media":7786,"comment_status":"closed","ping_status":"open","sticky":false,"template":"","format":"standard","meta":{"footnotes":""},"categories":[110,122],"tags":[],"class_list":["post-7785","post","type-post","status-publish","format-standard","has-post-thumbnail","hentry","category-noticiasdestaque","category-saudeeducacaoeconcurso"],"_links":{"self":[{"href":"https:\/\/jorgezanoni.com.br\/2019\/wp-json\/wp\/v2\/posts\/7785","targetHints":{"allow":["GET"]}}],"collection":[{"href":"https:\/\/jorgezanoni.com.br\/2019\/wp-json\/wp\/v2\/posts"}],"about":[{"href":"https:\/\/jorgezanoni.com.br\/2019\/wp-json\/wp\/v2\/types\/post"}],"author":[{"embeddable":true,"href":"https:\/\/jorgezanoni.com.br\/2019\/wp-json\/wp\/v2\/users\/1"}],"replies":[{"embeddable":true,"href":"https:\/\/jorgezanoni.com.br\/2019\/wp-json\/wp\/v2\/comments?post=7785"}],"version-history":[{"count":0,"href":"https:\/\/jorgezanoni.com.br\/2019\/wp-json\/wp\/v2\/posts\/7785\/revisions"}],"wp:featuredmedia":[{"embeddable":true,"href":"https:\/\/jorgezanoni.com.br\/2019\/wp-json\/wp\/v2\/media\/7786"}],"wp:attachment":[{"href":"https:\/\/jorgezanoni.com.br\/2019\/wp-json\/wp\/v2\/media?parent=7785"}],"wp:term":[{"taxonomy":"category","embeddable":true,"href":"https:\/\/jorgezanoni.com.br\/2019\/wp-json\/wp\/v2\/categories?post=7785"},{"taxonomy":"post_tag","embeddable":true,"href":"https:\/\/jorgezanoni.com.br\/2019\/wp-json\/wp\/v2\/tags?post=7785"}],"curies":[{"name":"wp","href":"https:\/\/api.w.org\/{rel}","templated":true}]}}