{"id":77845,"date":"2023-06-30T16:47:15","date_gmt":"2023-06-30T16:47:15","guid":{"rendered":"https:\/\/jorgezanoni.com.br\/2019\/?p=77845"},"modified":"2023-06-30T16:49:04","modified_gmt":"2023-06-30T16:49:04","slug":"policia-civil-realiza-capacitacao-em-atendimento-humanizado-as-mulheres-vitimas-de-violencia-em-dracena","status":"publish","type":"post","link":"https:\/\/jorgezanoni.com.br\/2019\/policia-civil-realiza-capacitacao-em-atendimento-humanizado-as-mulheres-vitimas-de-violencia-em-dracena\/","title":{"rendered":"Pol\u00edcia Civil realiza capacita\u00e7\u00e3o em atendimento humanizado \u00e0s mulheres v\u00edtimas de viol\u00eancia em Dracena"},"content":{"rendered":"<p style=\"text-align: justify;\">A Pol\u00edcia Civil, por interm\u00e9dio da Delegacia de Defesa da Mulher &#8211; DDM, com o apoio da Delegacia Seccional de Pol\u00edcia de Dracena, realizou nesta sexta-feira (30), mais um encontro voltado a oferecer capacita\u00e7\u00e3o aos policiais civis, no atendimento humanizado \u00e0s mulheres em situa\u00e7\u00e3o de viol\u00eancia dom\u00e9stica e familiar.<\/p>\n<p style=\"text-align: justify;\">O evento ocorreu na sede da Seccional de Dracena, e foi ministrado pela psic\u00f3loga Michele Rodrigues Rubira, que discorreu o tema \u201cA import\u00e2ncia da Conduta no Acolhimento a Mulheres V\u00edtimas de Viol\u00eancia\u201d.<\/p>\n<p style=\"text-align: justify;\">A a\u00e7\u00e3o visa preparar e orientar os policiais civis acerca das quest\u00f5es diferenciadas no atendimento prestados \u00e0 mulher em situa\u00e7\u00e3o de viol\u00eancia dom\u00e9stica ou familiar, em raz\u00e3o da complexidade do tipo da ocorr\u00eancia, e para que v\u00edtima se sinta confiante e amparada.<\/p>\n<p><img loading=\"lazy\" decoding=\"async\" class=\"alignnone size-full wp-image-77847\" src=\"https:\/\/jorgezanoni.com.br\/2019\/wp-content\/uploads\/2023\/06\/mu1-Pequeno.jpg\" alt=\"\" width=\"640\" height=\"480\" srcset=\"https:\/\/jorgezanoni.com.br\/2019\/wp-content\/uploads\/2023\/06\/mu1-Pequeno.jpg 640w, https:\/\/jorgezanoni.com.br\/2019\/wp-content\/uploads\/2023\/06\/mu1-Pequeno-300x225.jpg 300w, https:\/\/jorgezanoni.com.br\/2019\/wp-content\/uploads\/2023\/06\/mu1-Pequeno-80x60.jpg 80w, https:\/\/jorgezanoni.com.br\/2019\/wp-content\/uploads\/2023\/06\/mu1-Pequeno-265x198.jpg 265w, https:\/\/jorgezanoni.com.br\/2019\/wp-content\/uploads\/2023\/06\/mu1-Pequeno-560x420.jpg 560w\" sizes=\"auto, (max-width: 640px) 100vw, 640px\" \/> <img loading=\"lazy\" decoding=\"async\" class=\"alignnone size-full wp-image-77848\" src=\"https:\/\/jorgezanoni.com.br\/2019\/wp-content\/uploads\/2023\/06\/mu-Pequeno.jpg\" alt=\"\" width=\"640\" height=\"480\" srcset=\"https:\/\/jorgezanoni.com.br\/2019\/wp-content\/uploads\/2023\/06\/mu-Pequeno.jpg 640w, https:\/\/jorgezanoni.com.br\/2019\/wp-content\/uploads\/2023\/06\/mu-Pequeno-300x225.jpg 300w, https:\/\/jorgezanoni.com.br\/2019\/wp-content\/uploads\/2023\/06\/mu-Pequeno-80x60.jpg 80w, https:\/\/jorgezanoni.com.br\/2019\/wp-content\/uploads\/2023\/06\/mu-Pequeno-265x198.jpg 265w, https:\/\/jorgezanoni.com.br\/2019\/wp-content\/uploads\/2023\/06\/mu-Pequeno-560x420.jpg 560w\" sizes=\"auto, (max-width: 640px) 100vw, 640px\" \/><\/p>\n<p style=\"text-align: justify;\">Fonte: Com. Social Pol\u00edcia Civil<\/p>\n","protected":false},"excerpt":{"rendered":"<p>A Pol\u00edcia Civil, por interm\u00e9dio da Delegacia de Defesa da Mulher &#8211; DDM, com o apoio da Delegacia Seccional de Pol\u00edcia de Dracena, realizou nesta sexta-feira (30), mais um encontro voltado a oferecer capacita\u00e7\u00e3o aos policiais civis, no atendimento humanizado \u00e0s mulheres em situa\u00e7\u00e3o de viol\u00eancia dom\u00e9stica e familiar. O evento ocorreu na sede da [&hellip;]<\/p>\n","protected":false},"author":1,"featured_media":77846,"comment_status":"closed","ping_status":"open","sticky":false,"template":"","format":"standard","meta":{"footnotes":""},"categories":[110,2],"tags":[],"class_list":["post-77845","post","type-post","status-publish","format-standard","has-post-thumbnail","hentry","category-noticiasdestaque","category-policial"],"_links":{"self":[{"href":"https:\/\/jorgezanoni.com.br\/2019\/wp-json\/wp\/v2\/posts\/77845","targetHints":{"allow":["GET"]}}],"collection":[{"href":"https:\/\/jorgezanoni.com.br\/2019\/wp-json\/wp\/v2\/posts"}],"about":[{"href":"https:\/\/jorgezanoni.com.br\/2019\/wp-json\/wp\/v2\/types\/post"}],"author":[{"embeddable":true,"href":"https:\/\/jorgezanoni.com.br\/2019\/wp-json\/wp\/v2\/users\/1"}],"replies":[{"embeddable":true,"href":"https:\/\/jorgezanoni.com.br\/2019\/wp-json\/wp\/v2\/comments?post=77845"}],"version-history":[{"count":1,"href":"https:\/\/jorgezanoni.com.br\/2019\/wp-json\/wp\/v2\/posts\/77845\/revisions"}],"predecessor-version":[{"id":77849,"href":"https:\/\/jorgezanoni.com.br\/2019\/wp-json\/wp\/v2\/posts\/77845\/revisions\/77849"}],"wp:featuredmedia":[{"embeddable":true,"href":"https:\/\/jorgezanoni.com.br\/2019\/wp-json\/wp\/v2\/media\/77846"}],"wp:attachment":[{"href":"https:\/\/jorgezanoni.com.br\/2019\/wp-json\/wp\/v2\/media?parent=77845"}],"wp:term":[{"taxonomy":"category","embeddable":true,"href":"https:\/\/jorgezanoni.com.br\/2019\/wp-json\/wp\/v2\/categories?post=77845"},{"taxonomy":"post_tag","embeddable":true,"href":"https:\/\/jorgezanoni.com.br\/2019\/wp-json\/wp\/v2\/tags?post=77845"}],"curies":[{"name":"wp","href":"https:\/\/api.w.org\/{rel}","templated":true}]}}