{"id":77841,"date":"2023-06-30T16:39:03","date_gmt":"2023-06-30T16:39:03","guid":{"rendered":"https:\/\/jorgezanoni.com.br\/2019\/?p=77841"},"modified":"2023-06-30T16:39:03","modified_gmt":"2023-06-30T16:39:03","slug":"policia-civil-faz-doacao-de-cobertores-novos-para-representantes-de-fundos-sociais-em-dracena","status":"publish","type":"post","link":"https:\/\/jorgezanoni.com.br\/2019\/policia-civil-faz-doacao-de-cobertores-novos-para-representantes-de-fundos-sociais-em-dracena\/","title":{"rendered":"Pol\u00edcia Civil faz doa\u00e7\u00e3o de Cobertores novos para representantes de Fundos Sociais em Dracena"},"content":{"rendered":"<p style=\"text-align: justify;\">A Pol\u00edcia civil, por interm\u00e9dio da Delegacia Seccional de Pol\u00edcia de Dracena, nesta ter\u00e7a-feira (27), realizou a entrega de 90 cobertores, tipo mantas, novos para os Fundos Sociais que compreendem a regi\u00e3o circunscricional da Seccional de Pol\u00edcia de Dracena. O ato de solidariedade faz parte da Campanha de Agasalho 2023 &#8211; \u201cDoe amor pra quem precisa de calor\u201d.<\/p>\n<p style=\"text-align: justify;\">Os itens arrecadados, contou com colabora\u00e7\u00e3o volunt\u00e1ria de todos os policiais civis. Os cobertores ser\u00e3o posteriormente destinados \u00e0s fam\u00edlias carentes que estejam cadastradas nos respectivos Fundos Sociais dos munic\u00edpios beneficiados, visando amenizar o frio de pessoas atendidas por aquelas institui\u00e7\u00f5es assistenciais.<\/p>\n<p style=\"text-align: justify;\">O evento da entrega foi realizado na sede da Seccional, na presen\u00e7a do Delegado Seccional Alexandre Luis Luengo Lopes, acompanhados do delegado assistente Feres Cury Karam, da escriv\u00e3 de pol\u00edcia Karine Marin Possari Neves, e dos representes dos Fundos Sociais que foram agraciados.<\/p>\n<p><img loading=\"lazy\" decoding=\"async\" class=\"alignnone size-full wp-image-77842\" src=\"https:\/\/jorgezanoni.com.br\/2019\/wp-content\/uploads\/2023\/06\/aga-Pequeno.jpg\" alt=\"\" width=\"640\" height=\"480\" srcset=\"https:\/\/jorgezanoni.com.br\/2019\/wp-content\/uploads\/2023\/06\/aga-Pequeno.jpg 640w, https:\/\/jorgezanoni.com.br\/2019\/wp-content\/uploads\/2023\/06\/aga-Pequeno-300x225.jpg 300w, https:\/\/jorgezanoni.com.br\/2019\/wp-content\/uploads\/2023\/06\/aga-Pequeno-80x60.jpg 80w, https:\/\/jorgezanoni.com.br\/2019\/wp-content\/uploads\/2023\/06\/aga-Pequeno-265x198.jpg 265w, https:\/\/jorgezanoni.com.br\/2019\/wp-content\/uploads\/2023\/06\/aga-Pequeno-560x420.jpg 560w\" sizes=\"auto, (max-width: 640px) 100vw, 640px\" \/><\/p>\n<p>Fonte: Com. Social Pol\u00edcia Civil<\/p>\n","protected":false},"excerpt":{"rendered":"<p>A Pol\u00edcia civil, por interm\u00e9dio da Delegacia Seccional de Pol\u00edcia de Dracena, nesta ter\u00e7a-feira (27), realizou a entrega de 90 cobertores, tipo mantas, novos para os Fundos Sociais que compreendem a regi\u00e3o circunscricional da Seccional de Pol\u00edcia de Dracena. O ato de solidariedade faz parte da Campanha de Agasalho 2023 &#8211; \u201cDoe amor pra quem [&hellip;]<\/p>\n","protected":false},"author":1,"featured_media":77843,"comment_status":"closed","ping_status":"open","sticky":false,"template":"","format":"standard","meta":{"footnotes":""},"categories":[110,2],"tags":[],"class_list":["post-77841","post","type-post","status-publish","format-standard","has-post-thumbnail","hentry","category-noticiasdestaque","category-policial"],"_links":{"self":[{"href":"https:\/\/jorgezanoni.com.br\/2019\/wp-json\/wp\/v2\/posts\/77841","targetHints":{"allow":["GET"]}}],"collection":[{"href":"https:\/\/jorgezanoni.com.br\/2019\/wp-json\/wp\/v2\/posts"}],"about":[{"href":"https:\/\/jorgezanoni.com.br\/2019\/wp-json\/wp\/v2\/types\/post"}],"author":[{"embeddable":true,"href":"https:\/\/jorgezanoni.com.br\/2019\/wp-json\/wp\/v2\/users\/1"}],"replies":[{"embeddable":true,"href":"https:\/\/jorgezanoni.com.br\/2019\/wp-json\/wp\/v2\/comments?post=77841"}],"version-history":[{"count":1,"href":"https:\/\/jorgezanoni.com.br\/2019\/wp-json\/wp\/v2\/posts\/77841\/revisions"}],"predecessor-version":[{"id":77844,"href":"https:\/\/jorgezanoni.com.br\/2019\/wp-json\/wp\/v2\/posts\/77841\/revisions\/77844"}],"wp:featuredmedia":[{"embeddable":true,"href":"https:\/\/jorgezanoni.com.br\/2019\/wp-json\/wp\/v2\/media\/77843"}],"wp:attachment":[{"href":"https:\/\/jorgezanoni.com.br\/2019\/wp-json\/wp\/v2\/media?parent=77841"}],"wp:term":[{"taxonomy":"category","embeddable":true,"href":"https:\/\/jorgezanoni.com.br\/2019\/wp-json\/wp\/v2\/categories?post=77841"},{"taxonomy":"post_tag","embeddable":true,"href":"https:\/\/jorgezanoni.com.br\/2019\/wp-json\/wp\/v2\/tags?post=77841"}],"curies":[{"name":"wp","href":"https:\/\/api.w.org\/{rel}","templated":true}]}}