{"id":77826,"date":"2023-06-29T22:22:08","date_gmt":"2023-06-29T22:22:08","guid":{"rendered":"https:\/\/jorgezanoni.com.br\/2019\/?p=77826"},"modified":"2023-06-29T22:23:16","modified_gmt":"2023-06-29T22:23:16","slug":"santa-casa-de-dracena-realiaza-a-primeira-cirurgia-por-prostatectomia-radical-e-videolapararoscopia","status":"publish","type":"post","link":"https:\/\/jorgezanoni.com.br\/2019\/santa-casa-de-dracena-realiaza-a-primeira-cirurgia-por-prostatectomia-radical-e-videolapararoscopia\/","title":{"rendered":"Santa Casa de Dracena realiza a primeira Cirurgia por Prostatectomia Radical e Videolapararoscopia"},"content":{"rendered":"<p style=\"text-align: justify;\"><strong>SCD: REALIZADO A PRIMEIRA CIRURGIA POR PROSTATECTOMIA RADICAL VIDEOLAPAROSC\u00d3PICA NA SANTA CASA DE DRACENA CONDUZIDA PELO <\/strong><strong>M\u00c9DICO Dr. ALEXANDRE SCAMARDI.<\/strong><\/p>\n<p>Sob a condu\u00e7\u00e3o do m\u00e9dico urologista Dr. Alexandre Scamardi, foi realizado no Centro Cir\u00fargico da SANTA CASA DE DRACENA, cirurgia para tratamento de c\u00e2ncer de pr\u00f3stata, pelo m\u00e9todo de Prostatectomia Radical videolaparosc\u00f3pica, realizada com sucesso, contando com o aux\u00edlio dos m\u00e9dicos Dr. Matheus Sperini, Dr. Jo\u00e3o Paulo Toniolo, o anestesista Dr. Vin\u00edcius Assen\u00e7o Alves dos Santos e a instrumentadora Jaqueline Charalli Parpineli.<br \/>\nA Prostatectomia Radical Videolaparosc\u00f3pica \u00e9 o nome dado a cirurgia de retirada da pr\u00f3stata e ves\u00edcula seminal atrav\u00e9s da laparoscopia. (procedimento cir\u00fargico minimamente invasivo que serve para que o m\u00e9dico possa visualizar os \u00f3rg\u00e3os internos por meio de pequenas incis\u00f5es no abdome, com o aux\u00edlio de uma c\u00e2mera que permite uma visualiza\u00e7\u00e3o interna em tempo real durante a cirurgia). O acesso permite a introdu\u00e7\u00e3o da c\u00e2mera de v\u00eddeo (endosc\u00f3pio) e visibilizar estruturas dificilmente vistas na cirurgia aberta e com melhor defini\u00e7\u00e3o de detalhes.<\/p>\n<p>Ao final do procedimento, o Dr. Alexandre Scamardi, disse: \u201cCom imensa satisfa\u00e7\u00e3o queria compartilhar que realizamos a primeira Prostatectomia Radical videolaparosc\u00f3pica, para o tratamento de c\u00e2ncer de pr\u00f3stata na Santa Casa de Dracena\u201d.<\/p>\n<p>A SANTA CASA DE DRACENA, ratifica as palavras do cirurgi\u00e3o urol\u00f3gico, que na palavra do Provedor senhor Celso Santin, \u00e9 a demonstra\u00e7\u00e3o que o hospital est\u00e1 aberto \u00e0s novas tecnologias, agregando e ampliando o leque de procedimentos poss\u00edveis de serem realizados, incentivando todo o seu corpo cl\u00ednico na busca de procedimentos eficazes e principalmente menos invasivo.<\/p>\n<p>Dracena \u2013 S\u00e3o Paulo, em 29 de junho de 2023.<\/p>\n<p>Diretoria Administrativa<br \/>\nSanta Casa de Dracena<br \/>\nPatrim\u00f4nio da Comunidade<br \/>\n65 anos<br \/>\n\u201cUma vida, uma hist\u00f3ria\u201d<\/p>\n","protected":false},"excerpt":{"rendered":"<p>SCD: REALIZADO A PRIMEIRA CIRURGIA POR PROSTATECTOMIA RADICAL VIDEOLAPAROSC\u00d3PICA NA SANTA CASA DE DRACENA CONDUZIDA PELO M\u00c9DICO Dr. ALEXANDRE SCAMARDI. Sob a condu\u00e7\u00e3o do m\u00e9dico urologista Dr. Alexandre Scamardi, foi realizado no Centro Cir\u00fargico da SANTA CASA DE DRACENA, cirurgia para tratamento de c\u00e2ncer de pr\u00f3stata, pelo m\u00e9todo de Prostatectomia Radical videolaparosc\u00f3pica, realizada com sucesso, [&hellip;]<\/p>\n","protected":false},"author":1,"featured_media":77827,"comment_status":"closed","ping_status":"open","sticky":false,"template":"","format":"standard","meta":{"footnotes":""},"categories":[110,122],"tags":[],"class_list":["post-77826","post","type-post","status-publish","format-standard","has-post-thumbnail","hentry","category-noticiasdestaque","category-saudeeducacaoeconcurso"],"_links":{"self":[{"href":"https:\/\/jorgezanoni.com.br\/2019\/wp-json\/wp\/v2\/posts\/77826","targetHints":{"allow":["GET"]}}],"collection":[{"href":"https:\/\/jorgezanoni.com.br\/2019\/wp-json\/wp\/v2\/posts"}],"about":[{"href":"https:\/\/jorgezanoni.com.br\/2019\/wp-json\/wp\/v2\/types\/post"}],"author":[{"embeddable":true,"href":"https:\/\/jorgezanoni.com.br\/2019\/wp-json\/wp\/v2\/users\/1"}],"replies":[{"embeddable":true,"href":"https:\/\/jorgezanoni.com.br\/2019\/wp-json\/wp\/v2\/comments?post=77826"}],"version-history":[{"count":2,"href":"https:\/\/jorgezanoni.com.br\/2019\/wp-json\/wp\/v2\/posts\/77826\/revisions"}],"predecessor-version":[{"id":77829,"href":"https:\/\/jorgezanoni.com.br\/2019\/wp-json\/wp\/v2\/posts\/77826\/revisions\/77829"}],"wp:featuredmedia":[{"embeddable":true,"href":"https:\/\/jorgezanoni.com.br\/2019\/wp-json\/wp\/v2\/media\/77827"}],"wp:attachment":[{"href":"https:\/\/jorgezanoni.com.br\/2019\/wp-json\/wp\/v2\/media?parent=77826"}],"wp:term":[{"taxonomy":"category","embeddable":true,"href":"https:\/\/jorgezanoni.com.br\/2019\/wp-json\/wp\/v2\/categories?post=77826"},{"taxonomy":"post_tag","embeddable":true,"href":"https:\/\/jorgezanoni.com.br\/2019\/wp-json\/wp\/v2\/tags?post=77826"}],"curies":[{"name":"wp","href":"https:\/\/api.w.org\/{rel}","templated":true}]}}