{"id":7782,"date":"2019-10-02T22:57:35","date_gmt":"2019-10-02T22:57:35","guid":{"rendered":"https:\/\/jorgezanoni.com.br\/2019\/?p=7782"},"modified":"2019-10-02T22:57:35","modified_gmt":"2019-10-02T22:57:35","slug":"secretaria-de-educacao-de-dracena-abre-matriculas-para-a-pre-i-e-pre-ii","status":"publish","type":"post","link":"https:\/\/jorgezanoni.com.br\/2019\/secretaria-de-educacao-de-dracena-abre-matriculas-para-a-pre-i-e-pre-ii\/","title":{"rendered":"Secretaria de Educa\u00e7\u00e3o de Dracena abre matr\u00edculas para a Pr\u00e9 I e Pr\u00e9 II"},"content":{"rendered":"<p style=\"text-align: justify;\">A Prefeitura de Dracena, por meio da Secretaria de Educa\u00e7\u00e3o informa que a no per\u00edodo de 01 a 10 de outubro estar\u00e3o abertas as matr\u00edculas para Pr\u00e9 I (alunos que completar\u00e3o quatro anos at\u00e9 31\/03\/2020) e Pr\u00e9 II (alunos que completar\u00e3o cinco anos at\u00e9 31\/03\/2020).<\/p>\n<p style=\"text-align: justify;\">As matr\u00edculas devem ser feitas nas sedes das Unidades Escolares EMEFI Guilherme Tammerik (Bairro Jardim Brasil\u00e2ndia), EMEFI Jo\u00e3o Milan Barbosa (Bairro Em\u00edlio Zanata), EMEFI Jo\u00e3o Vendramini (Centro), EMEFI Profa. Luiza Rossa Ribeiro (Bairro S\u00e3o Francisco), EMEFI Moacir Simardi (Bairro Metr\u00f3pole), EMEFI\u00a0 Ott\u00edlia Braz Noguerol (Bairro Palmeiras II), EMEFI Waldomiro Machado (Vila Barros), EMEI Crian\u00e7a Feliz (Distrito de Jacipor\u00e3) e EMEI Arco-\u00cdris (Distrito de Jamaica).<\/p>\n<p style=\"text-align: justify;\">Cabe destacar que \u00e9 obrigat\u00f3rio os pais matricularem as crian\u00e7as na pr\u00e9-escola, pois trata-se da Educa\u00e7\u00e3o B\u00e1sica. De acordo com o artigo 4\u00ba da Delibera\u00e7\u00e3o 166\/2019 do Conselho Estadual de Educa\u00e7\u00e3o, as crian\u00e7as que at\u00e9 a data da publica\u00e7\u00e3o desta Delibera\u00e7\u00e3o, j\u00e1 estejam matriculadas e frequentando a Pr\u00e9-Escola ou o Ensino Fundamental devem ter a sua progress\u00e3o assegurada, sem interrup\u00e7\u00e3o, mesmo que sua data de nascimento seja posterior ao dia 31 de mar\u00e7o, considerando seus direitos de continuidade e prosseguimento nos estudos.<\/p>\n<p style=\"text-align: justify;\">As vagas n\u00e3o ser\u00e3o ofertadas por ordem de chegada dos pais e\/ou respons\u00e1vel e a unidade escolar seguir\u00e1 crit\u00e9rio de setoriza\u00e7\u00e3o. A setoriza\u00e7\u00e3o refere-se \u00e0 matr\u00edcula na escola mais pr\u00f3xima da resid\u00eancia. Dever\u00e1 ser indicado o per\u00edodo desejado, por\u00e9m se a quantidade de alunos exceder ao n\u00famero de vagas, ser\u00e1 realizado um sorteio com a presen\u00e7a de todos os interessados, gestores e Conselho de Escola, considerando que \u00e9 dever do setor p\u00fablico o oferecimento da vaga e n\u00e3o op\u00e7\u00e3o por per\u00edodo.<\/p>\n<p style=\"text-align: justify;\">Para efetuar a matr\u00edcula \u00e9 preciso que seja apresentado na secretaria da escola: &#8211; c\u00f3pia da Certid\u00e3o de Nascimento da crian\u00e7a; &#8211; c\u00f3pia do RG, caso o aluno possua; &#8211; c\u00f3pia do CPF, caso o aluno possua; &#8211; c\u00f3pia do cart\u00e3o do SUS do aluno; &#8211; comprovante de vacina\u00e7\u00e3o fornecido pelo Centro de Sa\u00fade; &#8211; c\u00f3pia do RG dos pais e\/ou respons\u00e1vel; c\u00f3pia do CPF dos pais e\/ou respons\u00e1vel; &#8211; 01 (uma) foto 3&#215;4 da crian\u00e7a e c\u00f3pia do comprovante de resid\u00eancia em nome dos pais e\/ou respons\u00e1vel.<\/p>\n<p style=\"text-align: justify;\">A Secret\u00e1ria de Educa\u00e7\u00e3o de Dracena, Professora Mestre Vanessa Red\u00edgolo Castilho, ressalta que \u201co trabalho desenvolvido nas unidades escolares municipais vem sendo desenvolvido com qualidade, os professores recebem diversas forma\u00e7\u00f5es para que a pr\u00e1tica docente seja cada vez mais eficaz. A equipe escolar e a Secretaria Municipal de Educa\u00e7\u00e3o deseja a todos um \u00f3timo final de ano\u201d.<\/p>\n<p>Fonte: Diretoria de Comunica\u00e7\u00e3o<\/p>\n","protected":false},"excerpt":{"rendered":"<p>A Prefeitura de Dracena, por meio da Secretaria de Educa\u00e7\u00e3o informa que a no per\u00edodo de 01 a 10 de outubro estar\u00e3o abertas as matr\u00edculas para Pr\u00e9 I (alunos que completar\u00e3o quatro anos at\u00e9 31\/03\/2020) e Pr\u00e9 II (alunos que completar\u00e3o cinco anos at\u00e9 31\/03\/2020). As matr\u00edculas devem ser feitas nas sedes das Unidades Escolares [&hellip;]<\/p>\n","protected":false},"author":1,"featured_media":7783,"comment_status":"closed","ping_status":"open","sticky":false,"template":"","format":"standard","meta":{"footnotes":""},"categories":[110,122],"tags":[],"class_list":["post-7782","post","type-post","status-publish","format-standard","has-post-thumbnail","hentry","category-noticiasdestaque","category-saudeeducacaoeconcurso"],"_links":{"self":[{"href":"https:\/\/jorgezanoni.com.br\/2019\/wp-json\/wp\/v2\/posts\/7782","targetHints":{"allow":["GET"]}}],"collection":[{"href":"https:\/\/jorgezanoni.com.br\/2019\/wp-json\/wp\/v2\/posts"}],"about":[{"href":"https:\/\/jorgezanoni.com.br\/2019\/wp-json\/wp\/v2\/types\/post"}],"author":[{"embeddable":true,"href":"https:\/\/jorgezanoni.com.br\/2019\/wp-json\/wp\/v2\/users\/1"}],"replies":[{"embeddable":true,"href":"https:\/\/jorgezanoni.com.br\/2019\/wp-json\/wp\/v2\/comments?post=7782"}],"version-history":[{"count":0,"href":"https:\/\/jorgezanoni.com.br\/2019\/wp-json\/wp\/v2\/posts\/7782\/revisions"}],"wp:featuredmedia":[{"embeddable":true,"href":"https:\/\/jorgezanoni.com.br\/2019\/wp-json\/wp\/v2\/media\/7783"}],"wp:attachment":[{"href":"https:\/\/jorgezanoni.com.br\/2019\/wp-json\/wp\/v2\/media?parent=7782"}],"wp:term":[{"taxonomy":"category","embeddable":true,"href":"https:\/\/jorgezanoni.com.br\/2019\/wp-json\/wp\/v2\/categories?post=7782"},{"taxonomy":"post_tag","embeddable":true,"href":"https:\/\/jorgezanoni.com.br\/2019\/wp-json\/wp\/v2\/tags?post=7782"}],"curies":[{"name":"wp","href":"https:\/\/api.w.org\/{rel}","templated":true}]}}