{"id":77819,"date":"2023-06-29T17:16:31","date_gmt":"2023-06-29T17:16:31","guid":{"rendered":"https:\/\/jorgezanoni.com.br\/2019\/?p=77819"},"modified":"2023-06-29T17:17:23","modified_gmt":"2023-06-29T17:17:23","slug":"policia-militar-prende-homem-por-posse-de-arma-de-fogo-apos-ocorrencia-por-violencia-domestica-em-dracena","status":"publish","type":"post","link":"https:\/\/jorgezanoni.com.br\/2019\/policia-militar-prende-homem-por-posse-de-arma-de-fogo-apos-ocorrencia-por-violencia-domestica-em-dracena\/","title":{"rendered":"Pol\u00edcia Militar prende homem por posse de Arma de Fogo ap\u00f3s ocorr\u00eancia por viol\u00eancia dom\u00e9stica em Dracena"},"content":{"rendered":"<p style=\"text-align: justify;\">Na data de ontem (28) por volta das 20h15min, a equipe de For\u00e7a T\u00e1tica da Policia Militar, em patrulhamento pelo munic\u00edpio de Dracena, foi informada via Copom, sobre ocorr\u00eancia de viol\u00eancia dom\u00e9stica, onde um indiv\u00edduo estava portando armas de fogo pela Rua Fagundes Varella, Jardim Brasil\u00e2ndia. Em contato com a v\u00edtima (feminino 17 anos), alegou ter sido agredida por seu namorado e que no interior da resid\u00eancia haviam armas de fogo, em contato com o indiciado (homem de 29 anos), acabou por confessar indicando o local onde estavam as armas. Foi realizada busca na resid\u00eancia onde foi localizado um simulacro de rev\u00f3lver bem como uma espingarda Cal.28, embaixo da cama. Diante dos fatos, o indiciado permaneceu preso \u00e0 disposi\u00e7\u00e3o da Justi\u00e7a<\/p>\n<p style=\"text-align: justify;\">POL\u00cdCIA MILITAR RUMO AOS 200 ANOS.<br \/>\nVAMOS TODOS JUNTOS. NINGU\u00c9M FICA PARA TR\u00c1S.<\/p>\n<p style=\"text-align: justify;\">#25BPMI4CIAPM<br \/>\n#25BPMI<br \/>\n#cpi8<br \/>\n##POLICIAMILITARSP<br \/>\n#AFOR\u00c7AP\u00daBLICADES\u00c3OPAULO<\/p>\n","protected":false},"excerpt":{"rendered":"<p>Na data de ontem (28) por volta das 20h15min, a equipe de For\u00e7a T\u00e1tica da Policia Militar, em patrulhamento pelo munic\u00edpio de Dracena, foi informada via Copom, sobre ocorr\u00eancia de viol\u00eancia dom\u00e9stica, onde um indiv\u00edduo estava portando armas de fogo pela Rua Fagundes Varella, Jardim Brasil\u00e2ndia. Em contato com a v\u00edtima (feminino 17 anos), alegou [&hellip;]<\/p>\n","protected":false},"author":1,"featured_media":77820,"comment_status":"closed","ping_status":"open","sticky":false,"template":"","format":"standard","meta":{"footnotes":""},"categories":[110,2],"tags":[],"class_list":["post-77819","post","type-post","status-publish","format-standard","has-post-thumbnail","hentry","category-noticiasdestaque","category-policial"],"_links":{"self":[{"href":"https:\/\/jorgezanoni.com.br\/2019\/wp-json\/wp\/v2\/posts\/77819","targetHints":{"allow":["GET"]}}],"collection":[{"href":"https:\/\/jorgezanoni.com.br\/2019\/wp-json\/wp\/v2\/posts"}],"about":[{"href":"https:\/\/jorgezanoni.com.br\/2019\/wp-json\/wp\/v2\/types\/post"}],"author":[{"embeddable":true,"href":"https:\/\/jorgezanoni.com.br\/2019\/wp-json\/wp\/v2\/users\/1"}],"replies":[{"embeddable":true,"href":"https:\/\/jorgezanoni.com.br\/2019\/wp-json\/wp\/v2\/comments?post=77819"}],"version-history":[{"count":1,"href":"https:\/\/jorgezanoni.com.br\/2019\/wp-json\/wp\/v2\/posts\/77819\/revisions"}],"predecessor-version":[{"id":77821,"href":"https:\/\/jorgezanoni.com.br\/2019\/wp-json\/wp\/v2\/posts\/77819\/revisions\/77821"}],"wp:featuredmedia":[{"embeddable":true,"href":"https:\/\/jorgezanoni.com.br\/2019\/wp-json\/wp\/v2\/media\/77820"}],"wp:attachment":[{"href":"https:\/\/jorgezanoni.com.br\/2019\/wp-json\/wp\/v2\/media?parent=77819"}],"wp:term":[{"taxonomy":"category","embeddable":true,"href":"https:\/\/jorgezanoni.com.br\/2019\/wp-json\/wp\/v2\/categories?post=77819"},{"taxonomy":"post_tag","embeddable":true,"href":"https:\/\/jorgezanoni.com.br\/2019\/wp-json\/wp\/v2\/tags?post=77819"}],"curies":[{"name":"wp","href":"https:\/\/api.w.org\/{rel}","templated":true}]}}