{"id":77810,"date":"2023-06-29T16:29:59","date_gmt":"2023-06-29T16:29:59","guid":{"rendered":"https:\/\/jorgezanoni.com.br\/2019\/?p=77810"},"modified":"2023-06-29T16:29:59","modified_gmt":"2023-06-29T16:29:59","slug":"febraban-tech-2023-sicredi-aborda-tendencias-em-inovacao-e-tecnologia","status":"publish","type":"post","link":"https:\/\/jorgezanoni.com.br\/2019\/febraban-tech-2023-sicredi-aborda-tendencias-em-inovacao-e-tecnologia\/","title":{"rendered":"Febraban Tech 2023: Sicredi aborda tend\u00eancias em inova\u00e7\u00e3o e tecnologia"},"content":{"rendered":"<p style=\"text-align: justify;\"><strong><i>Institui\u00e7\u00e3o financeira compartilha novidades sobre tokeniza\u00e7\u00e3o e como se conectam ao projeto piloto do Real Digital, uso de dados no agro e educa\u00e7\u00e3o financeira.<\/i><\/strong><\/p>\n<p style=\"text-align: justify;\">Tend\u00eancias de tokeniza\u00e7\u00e3o na economia digital, evolu\u00e7\u00e3o tecnol\u00f3gica do agroneg\u00f3cio, a\u00e7\u00f5es de educa\u00e7\u00e3o financeira e solu\u00e7\u00e3o de organizador financeiro para empresas ser\u00e3o as novidades apresentadas pelo Sicredi no Febraban Tech 2023, entre 27 e 29 de junho, em S\u00e3o Paulo. Durante o evento, a institui\u00e7\u00e3o financeira cooperativa ir\u00e1 compartilhar as iniciativas em inova\u00e7\u00e3o e tecnologia por meio de sua participa\u00e7\u00e3o em pain\u00e9is e apresenta\u00e7\u00f5es.<\/p>\n<p style=\"text-align: justify;\">&#8220;\u00c9 o interesse genu\u00edno pela prosperidade do nosso associado que nos leva a inovar cada vez mais. Isso nos motiva, nos inspira e nos leva a contribuir de forma significativa nas comunidades onde estamos presentes&#8221;, enfatiza Odair Dalagasperina, diretor executivo de produtos e neg\u00f3cios do Sicredi.<\/p>\n<p style=\"text-align: justify;\">A consultora digital do Sicredi, Solange Parisoto, participar\u00e1 do painel &#8220;Economia tokenizada j\u00e1 \u00e9 realidade?&#8221;, que abordar\u00e1 regula\u00e7\u00e3o, vantagens, riscos e tend\u00eancias da tokeniza\u00e7\u00e3o na economia digital, tema relacionado ao projeto do Real Digital. &#8220;Junto aos demais sistema cooperativos, formamos um cons\u00f3rcio e somos pioneiros na intercoopera\u00e7\u00e3o do Real Digital. Estamos dedicados a essa iniciativa e apresentaremos esfor\u00e7os que v\u00e3o al\u00e9m do que \u00e9 exigido no escopo regulat\u00f3rio&#8221;, revela Solange.<\/p>\n<p style=\"text-align: justify;\">Para chegar na proposta que possibilitou estar entre as institui\u00e7\u00f5es que realizam testes no ambiente do Real Digital, o Sicredi contou com a parceria com a Avanade, l\u00edder em solu\u00e7\u00f5es inovadoras em tecnologia e neg\u00f3cios. &#8220;Fomos convidados pelo Sicredi, para juntar-nos a uma jornada j\u00e1 iniciada h\u00e1 algum tempo, de pesquisa e experimenta\u00e7\u00e3o. Iniciamos com capacita\u00e7\u00e3o e novos modelos de neg\u00f3cio e em menos de dois meses o Sicredi j\u00e1 estava entre os principais atores nacionais do Sistema Financeiro Nacional&#8221;, destaca Courtnay Guimar\u00e3es Jr., diretor de estrat\u00e9gia de neg\u00f3cios digitais da Avanade Brasil e colaborador volunt\u00e1rio do projeto Real Digital, junto ao Banco Central.<\/p>\n<p style=\"text-align: justify;\">J\u00e1 Keyla Copes, gerente de Responsabilidade Social da Funda\u00e7\u00e3o Sicredi, estar\u00e1 no painel &#8220;Estrat\u00e9gias adotadas pelas institui\u00e7\u00f5es financeiras na promo\u00e7\u00e3o de a\u00e7\u00f5es de educa\u00e7\u00e3o financeira&#8221;. Na apresenta\u00e7\u00e3o, Keyla levar\u00e1 o case do Programa Coopera\u00e7\u00e3o na Ponta do L\u00e1pis, principal iniciativa da institui\u00e7\u00e3o no fomento da educa\u00e7\u00e3o financeira e que, em 2022, promoveu mais de 10 mil a\u00e7\u00f5es que, incluindo a Semana Nacional de Educa\u00e7\u00e3o Financeira, impactaram mais de 20 milh\u00f5es de pessoas em diferentes regi\u00f5es do no pa\u00eds.<\/p>\n<p style=\"text-align: justify;\">A tem\u00e1tica &#8220;O campo dos dados: a evolu\u00e7\u00e3o tecnol\u00f3gica do Agroneg\u00f3cio&#8221; ser\u00e1 abordada no evento por Luis Veit, superintendente de Agroneg\u00f3cio do Sicredi. O executivo vai falar sobre como a intelig\u00eancia de dados pode mudar o cen\u00e1rio econ\u00f4mico para o agroneg\u00f3cio. Tamb\u00e9m ser\u00e1 discutido como a tecnologia pode trazer mais produtividade, com menos custo, possibilitando o avan\u00e7o de pr\u00e1ticas sustent\u00e1veis na \u00e1rea.<\/p>\n<p style=\"text-align: justify;\">O Sicredi tamb\u00e9m vai levar ao evento cases sobre infraestrutura de TI e solu\u00e7\u00f5es para an\u00e1lise de risco de cr\u00e9dito. A institui\u00e7\u00e3o apresentar\u00e1 o projeto de desenvolvimento de uma solu\u00e7\u00e3o organizador financeiro para empresas (BFM), desenvolvido com tecnologia da Celero, fintech parceira da Visa, que possibilita gest\u00e3o de fluxo de caixa completo, com controle do dinheiro, previsibilidade de entrada e sa\u00edda de recursos, entre outras funcionalidades.<\/p>\n<p style=\"text-align: justify;\">Confira abaixo a programa\u00e7\u00e3o completa do Sicredi na Febraban Tech:<\/p>\n<ul style=\"text-align: justify;\" type=\"disc\">\n<li class=\"v1MsoNormal\">Dia 27\/6, \u00e0s 16h, Luis Veit, superintendente de Agroneg\u00f3cio do Sicredi, participar\u00e1 do painel O campo dos dados: a evolu\u00e7\u00e3o tecnol\u00f3gica do Agroneg\u00f3cio.<\/li>\n<li class=\"v1MsoNormal\">Dia 27\/6, \u00e0s 11h, Cleber Agazzi, superintendente de Infraestrutura e Opera\u00e7\u00f5es de TI do Sicredi e Maicon Baum, especialista Digital do Sicredi estar\u00e3o no Estande AWS (Amazon), apresentando o case Otimizando a An\u00e1lise de Risco de Cr\u00e9dito com o Uso de Inst\u00e2ncias Spot.<\/li>\n<li class=\"v1MsoNormal\">Dia 27\/6, \u00e0s 14h25, Marco Palma, gerente de Infraestrutura de TI do Sicredi, e Andr\u00e9 Hamerski, coordenador de Infraestrutura de TI do Sicredi estar\u00e3o no estande Dell com o case &#8220;A evolu\u00e7\u00e3o da infraestrutura de TI do Sicredi&#8221;.<\/li>\n<li class=\"v1MsoNormal\">Dia 28\/6, \u00e0s 13h30, Keyla Copes, gerente de Responsabilidade Social da Funda\u00e7\u00e3o Sicredi, estar\u00e1 no painel &#8220;Estrat\u00e9gias adotadas pelas institui\u00e7\u00f5es financeiras na promo\u00e7\u00e3o de a\u00e7\u00f5es de educa\u00e7\u00e3o financeira&#8221;.<\/li>\n<li class=\"v1MsoNormal\">Dias 28\/6, \u00e0s 16h30 e 29\/6, \u00e0s 10h30, Felipe Sessin, Superintendente de Pessoa Jur\u00eddica e Roger Nascimento, gerente de produtos PJ do Sicredi, estar\u00e3o no estande da FourSys com o case Organizador Financeiro PJ.<\/li>\n<li class=\"v1MsoNormal\">Dia 29\/6, \u00e0s 14h, Solange Parisoto, consultora digital do Sicredi, participar\u00e1 do debate &#8220;Economia tokenizada j\u00e1 \u00e9 realidade?&#8221;.<\/li>\n<\/ul>\n<p style=\"text-align: justify;\">O Febraban Tech \u00e9 o maior evento brasileiro de tecnologia e inova\u00e7\u00e3o do setor financeiro. Para saber mais, basta acessar\u00a0<a href=\"https:\/\/febrabantech.febraban.org.br\/home\" target=\"_blank\" rel=\"noopener noreferrer\">https:\/\/febrabantech.febraban.org.br\/home<\/a>.<\/p>\n<p style=\"text-align: justify;\"><strong><i>Sobre o Sicredi<\/i><\/strong><em>\u00a0<\/em><\/p>\n<p class=\"v1MsoNormal\" style=\"text-align: justify;\"><i>O Sicredi \u00e9 uma institui\u00e7\u00e3o financeira cooperativa comprometida com o crescimento de seus associados e com o desenvolvimento das regi\u00f5es onde atua. Possui um modelo de gest\u00e3o que valoriza a participa\u00e7\u00e3o dos mais de 6,5 milh\u00f5es de associados, que exercem o papel de donos do neg\u00f3cio. Com mais de 2.500 ag\u00eancias, o Sicredi est\u00e1 presente fisicamente em todos os estados brasileiros e no Distrito Federal, disponibilizando uma gama completa de solu\u00e7\u00f5es financeiras e n\u00e3o financeiras.<\/i><\/p>\n<p class=\"v1MsoNormal\"><b><i>Site do Sicredi:\u00a0<a href=\"http:\/\/www.sicredi.com.br\/\" target=\"_blank\" rel=\"noopener noreferrer\">www.sicredi.com.br<\/a><\/i><\/b><\/p>\n<p class=\"v1MsoNormal\"><b><i>Redes Sociais:\u00a0<\/i><\/b><em><b><u><span lang=\"EN-US\"><a href=\"http:\/\/www.facebook.com\/sicredicentrooestepaulista\" target=\"_blank\" rel=\"noopener noreferrer\"><i><span lang=\"PT-BR\">Facebook<\/span><\/i><\/a><\/span><\/u><\/b><\/em><em>\u00a0|<\/em>\u00a0<em><b><u><span lang=\"EN-US\"><a href=\"https:\/\/www.linkedin.com\/company\/sicredi-centro-oeste-paulista\/\" target=\"_blank\" rel=\"noopener noreferrer\"><i><span lang=\"PT-BR\">LinkedIn<\/span><\/i><\/a><\/span><\/u><\/b><\/em><em>\u00a0|<\/em>\u00a0<em><b><u><span lang=\"EN-US\"><a href=\"http:\/\/www.youtube.com\/sicredicentrooestepaulista\" target=\"_blank\" rel=\"noopener noreferrer\"><i><span lang=\"PT-BR\">YouTube<\/span><\/i><\/a><\/span><\/u><\/b><\/em><span lang=\"EN-US\">\u00a0<\/span><em>|\u00a0<\/em><em><b><u><span lang=\"EN-US\"><a href=\"http:\/\/www.instagram.com\/sicredicentrooestepaulista\" target=\"_blank\" rel=\"noopener noreferrer\"><i><span lang=\"PT-BR\">Instagram<\/span><\/i><\/a><\/span><\/u><\/b><\/em><\/p>\n<p>Fonte: Comunica\u00e7\u00e3o e Marketing<\/p>\n","protected":false},"excerpt":{"rendered":"<p>Institui\u00e7\u00e3o financeira compartilha novidades sobre tokeniza\u00e7\u00e3o e como se conectam ao projeto piloto do Real Digital, uso de dados no agro e educa\u00e7\u00e3o financeira. Tend\u00eancias de tokeniza\u00e7\u00e3o na economia digital, evolu\u00e7\u00e3o tecnol\u00f3gica do agroneg\u00f3cio, a\u00e7\u00f5es de educa\u00e7\u00e3o financeira e solu\u00e7\u00e3o de organizador financeiro para empresas ser\u00e3o as novidades apresentadas pelo Sicredi no Febraban Tech 2023, [&hellip;]<\/p>\n","protected":false},"author":1,"featured_media":77811,"comment_status":"closed","ping_status":"open","sticky":false,"template":"","format":"standard","meta":{"footnotes":""},"categories":[110,116],"tags":[],"class_list":["post-77810","post","type-post","status-publish","format-standard","has-post-thumbnail","hentry","category-noticiasdestaque","category-politicaeeconomia"],"_links":{"self":[{"href":"https:\/\/jorgezanoni.com.br\/2019\/wp-json\/wp\/v2\/posts\/77810","targetHints":{"allow":["GET"]}}],"collection":[{"href":"https:\/\/jorgezanoni.com.br\/2019\/wp-json\/wp\/v2\/posts"}],"about":[{"href":"https:\/\/jorgezanoni.com.br\/2019\/wp-json\/wp\/v2\/types\/post"}],"author":[{"embeddable":true,"href":"https:\/\/jorgezanoni.com.br\/2019\/wp-json\/wp\/v2\/users\/1"}],"replies":[{"embeddable":true,"href":"https:\/\/jorgezanoni.com.br\/2019\/wp-json\/wp\/v2\/comments?post=77810"}],"version-history":[{"count":1,"href":"https:\/\/jorgezanoni.com.br\/2019\/wp-json\/wp\/v2\/posts\/77810\/revisions"}],"predecessor-version":[{"id":77812,"href":"https:\/\/jorgezanoni.com.br\/2019\/wp-json\/wp\/v2\/posts\/77810\/revisions\/77812"}],"wp:featuredmedia":[{"embeddable":true,"href":"https:\/\/jorgezanoni.com.br\/2019\/wp-json\/wp\/v2\/media\/77811"}],"wp:attachment":[{"href":"https:\/\/jorgezanoni.com.br\/2019\/wp-json\/wp\/v2\/media?parent=77810"}],"wp:term":[{"taxonomy":"category","embeddable":true,"href":"https:\/\/jorgezanoni.com.br\/2019\/wp-json\/wp\/v2\/categories?post=77810"},{"taxonomy":"post_tag","embeddable":true,"href":"https:\/\/jorgezanoni.com.br\/2019\/wp-json\/wp\/v2\/tags?post=77810"}],"curies":[{"name":"wp","href":"https:\/\/api.w.org\/{rel}","templated":true}]}}