{"id":7779,"date":"2019-10-02T22:48:55","date_gmt":"2019-10-02T22:48:55","guid":{"rendered":"https:\/\/jorgezanoni.com.br\/2019\/?p=7779"},"modified":"2019-10-02T22:48:55","modified_gmt":"2019-10-02T22:48:55","slug":"comissao-julgadora-municipal-de-dracena-promove-selecoes-voltadas-a-6a-edicao-da-olimpiada-de-lingua-portuguesa","status":"publish","type":"post","link":"https:\/\/jorgezanoni.com.br\/2019\/comissao-julgadora-municipal-de-dracena-promove-selecoes-voltadas-a-6a-edicao-da-olimpiada-de-lingua-portuguesa\/","title":{"rendered":"Comiss\u00e3o Julgadora Municipal de Dracena promove sele\u00e7\u00f5es voltadas \u00e0 6\u00aa Edi\u00e7\u00e3o da Olimp\u00edada de L\u00edngua Portuguesa"},"content":{"rendered":"<p style=\"text-align: justify;\">Representantes da sociedade se reuniram na sede da Secretaria Municipal de Educa\u00e7\u00e3o de Dracena para participarem da etapa municipal de sele\u00e7\u00e3o de trabalhos de estudantes das redes municipal e estadual da cidade, referentes \u00e0 6\u00aa Edi\u00e7\u00e3o da Olimp\u00edada de L\u00edngua Portuguesa.<\/p>\n<p style=\"text-align: justify;\">\u00a0\u00a0\u00a0\u00a0\u00a0\u00a0\u00a0\u00a0\u00a0\u00a0\u00a0 Trata-se de um concurso de produ\u00e7\u00e3o de textos para alunos de escolas p\u00fablicas de todo o pa\u00eds, sendo uma iniciativa do Minist\u00e9rio da Educa\u00e7\u00e3o (MEC) e Ita\u00fa Social, com coordena\u00e7\u00e3o t\u00e9cnica do Centro de Estudos e Pesquisas em Educa\u00e7\u00e3o, Cultura e A\u00e7\u00e3o Comunit\u00e1ria (CENPEC), por meio do Programa Escrevendo o Futuro.<\/p>\n<p style=\"text-align: justify;\">\u00a0\u00a0\u00a0\u00a0\u00a0\u00a0\u00a0\u00a0\u00a0\u00a0\u00a0 Fizeram parte da Comiss\u00e3o Julgadora Municipal profissionais de diversos segmentos, conforme indicado em edital, sendo: Antonio Costa da Silva, professor e ator; Marco Antonio Vasconcelos Alencar, poeta e empres\u00e1rio; Jo\u00e3o Paulo Leopaci Benini, jornalista e secret\u00e1rio municipal de cultura e Maria Esmeralda Poleto Troyano, professora da \u00e1rea de linguagens e gestora escolar, que receberam orienta\u00e7\u00f5es e acompanhamento das profissionais do quadro desta secretaria, Sandra Maria Mazali, Eunice Giacomini Sales e Tha\u00eds Regina Miranda Martins.<\/p>\n<p style=\"text-align: justify;\">\u00a0\u00a0\u00a0\u00a0\u00a0\u00a0\u00a0\u00a0\u00a0\u00a0\u00a0 A comiss\u00e3o realizou a escolha de um Poema, referente a categoria do 5\u00ba Ano do Ensino Fundamental I; uma Mem\u00f3ria Liter\u00e1ria, referente a categoria de 6\u00ba e 7\u00ba Anos do Ensino Fundamental II e uma Cr\u00f4nica, referente a categoria voltada para 8\u00ba e 9\u00ba Anos do Ensino Fundamental II.<\/p>\n<p style=\"text-align: justify;\">\u00a0\u00a0\u00a0\u00a0\u00a0\u00a0\u00a0\u00a0\u00a0\u00a0\u00a0 Participaram do concurso as Escola Municipais de Ensino Fundamental e Infantil Jo\u00e3o Vendramini, Guilherme Tammerik, Prof\u00aa Luiza Rossa Ribeiro, Professor S\u00e9rgio Liberatti, Amador Franco da Silveira e Professor Waldomiro Machado, e tamb\u00e9m, a Escola Estadual 9 de Julho.<\/p>\n<p style=\"text-align: justify;\">\u00a0\u00a0\u00a0\u00a0\u00a0\u00a0\u00a0\u00a0\u00a0\u00a0\u00a0 Nesta etapa, as estudantes vencedoras foram Gabriella Alves da Silva da EMEFI Prof\u00aa Luiza Rossa Ribeiro, na categoria Poema, com o t\u00edtulo \u201cSoneto de Minha Cidade\u201d, com orienta\u00e7\u00e3o da Professora Shirley Sumiko da S. Asahi; Lara Gabrielle Melo da EMEFI Prof. S\u00e9rgio Liberatti, na categoria Mem\u00f3rias Liter\u00e1rias, com o t\u00edtulo \u201cEm minha cidade pequena\u201d, com orienta\u00e7\u00e3o da Professora Lailiane da Concei\u00e7\u00e3o Santos e Laura Betoli da Silva, na categoria Cr\u00f4nica, com o t\u00edtulo \u201cAs riquezas de minha cidade\u201d, com orienta\u00e7\u00e3o da Professora Janete Terezinha Lopes da Silva Morales, sendo todas as estudantes finalistas municipais, representando a cidade de Dracena, que ter\u00e3o suas produ\u00e7\u00f5es avaliadas a n\u00edvel estadual e se novamente selecionadas, a n\u00edvel nacional.<\/p>\n<p style=\"text-align: justify;\">\u00a0\u00a0\u00a0\u00a0\u00a0\u00a0\u00a0\u00a0\u00a0\u00a0\u00a0 Para a Secret\u00e1ria de Educa\u00e7\u00e3o de Dracena, Prof\u00aa Ms. Vanessa Maria Red\u00edgolo Castilho, tamb\u00e9m docente da \u00e1rea de linguagens, \u201cessa oportunidade \u00e9 muito relevante para os estudantes, professores e demais envolvidos, pois destaca a import\u00e2ncia e valoriza\u00e7\u00e3o ao estudo da l\u00edngua portuguesa, al\u00e9m de oportunizar aprendizagens significativas quando dentro da sala de aula h\u00e1 o espa\u00e7o para discuss\u00f5es sobre hist\u00f3rias e realidade, como proposto no tema, visando contribui\u00e7\u00f5es para o desenvolvimento da cidadania dos alunos\u201d.<\/p>\n<p>Fonte: Diretoria de Comunica\u00e7\u00e3o<\/p>\n","protected":false},"excerpt":{"rendered":"<p>Representantes da sociedade se reuniram na sede da Secretaria Municipal de Educa\u00e7\u00e3o de Dracena para participarem da etapa municipal de sele\u00e7\u00e3o de trabalhos de estudantes das redes municipal e estadual da cidade, referentes \u00e0 6\u00aa Edi\u00e7\u00e3o da Olimp\u00edada de L\u00edngua Portuguesa. \u00a0\u00a0\u00a0\u00a0\u00a0\u00a0\u00a0\u00a0\u00a0\u00a0\u00a0 Trata-se de um concurso de produ\u00e7\u00e3o de textos para alunos de escolas p\u00fablicas [&hellip;]<\/p>\n","protected":false},"author":1,"featured_media":7780,"comment_status":"closed","ping_status":"open","sticky":false,"template":"","format":"standard","meta":{"footnotes":""},"categories":[122],"tags":[],"class_list":["post-7779","post","type-post","status-publish","format-standard","has-post-thumbnail","hentry","category-saudeeducacaoeconcurso"],"_links":{"self":[{"href":"https:\/\/jorgezanoni.com.br\/2019\/wp-json\/wp\/v2\/posts\/7779","targetHints":{"allow":["GET"]}}],"collection":[{"href":"https:\/\/jorgezanoni.com.br\/2019\/wp-json\/wp\/v2\/posts"}],"about":[{"href":"https:\/\/jorgezanoni.com.br\/2019\/wp-json\/wp\/v2\/types\/post"}],"author":[{"embeddable":true,"href":"https:\/\/jorgezanoni.com.br\/2019\/wp-json\/wp\/v2\/users\/1"}],"replies":[{"embeddable":true,"href":"https:\/\/jorgezanoni.com.br\/2019\/wp-json\/wp\/v2\/comments?post=7779"}],"version-history":[{"count":0,"href":"https:\/\/jorgezanoni.com.br\/2019\/wp-json\/wp\/v2\/posts\/7779\/revisions"}],"wp:featuredmedia":[{"embeddable":true,"href":"https:\/\/jorgezanoni.com.br\/2019\/wp-json\/wp\/v2\/media\/7780"}],"wp:attachment":[{"href":"https:\/\/jorgezanoni.com.br\/2019\/wp-json\/wp\/v2\/media?parent=7779"}],"wp:term":[{"taxonomy":"category","embeddable":true,"href":"https:\/\/jorgezanoni.com.br\/2019\/wp-json\/wp\/v2\/categories?post=7779"},{"taxonomy":"post_tag","embeddable":true,"href":"https:\/\/jorgezanoni.com.br\/2019\/wp-json\/wp\/v2\/tags?post=7779"}],"curies":[{"name":"wp","href":"https:\/\/api.w.org\/{rel}","templated":true}]}}