{"id":77785,"date":"2023-06-28T23:08:18","date_gmt":"2023-06-28T23:08:18","guid":{"rendered":"https:\/\/jorgezanoni.com.br\/2019\/?p=77785"},"modified":"2023-06-28T23:08:18","modified_gmt":"2023-06-28T23:08:18","slug":"luciano-gerlin-assume-como-presidente-do-conselho-de-curadores-da-fundec","status":"publish","type":"post","link":"https:\/\/jorgezanoni.com.br\/2019\/luciano-gerlin-assume-como-presidente-do-conselho-de-curadores-da-fundec\/","title":{"rendered":"Luciano Gerlin assume como presidente do Conselho de Curadores da Fundec"},"content":{"rendered":"<p style=\"text-align: justify;\"><span style=\"font-size: large;\">Arildo Luciano Gerlin da Silva foi eleito o novo presidente do Conselho de Curadores da Fundec para a gest\u00e3o 2023\/2026. A cerim\u00f4nia de posse dos novos conselheiros foi realizada no Audit\u00f3rio da Fundec, na \u00faltima quarta-feira (21), e foi transmitida ao vivo no canal da institui\u00e7\u00e3o no Youtube (<a href=\"https:\/\/www.youtube.com\/watch?v=GVvz8LT0Eww\" target=\"_blank\" rel=\"noopener noreferrer\">https:\/\/www.youtube.com\/watch?v=GVvz8LT0Eww<\/a>).<\/span><\/p>\n<p><span style=\"font-size: large;\">O prefeito de Dracena Andr\u00e9 Kozan Lemos, o presidente da C\u00e2mara Municipal Danilo Ledo dos Santos, o juiz diretor do F\u00f3rum de Dracena Marcus Fraz\u00e3o Frota e a presidente da Associa\u00e7\u00e3o Comercial e Empresarial de Dracena Maria Neli Vieira Kato compuseram a mesa principal, juntamente com o diretor executivo da Fundec Edson Hissatomi Kai, e os presidentes do Conselho de Curadores da Fundec das gest\u00f5es 2020\/2023 Paulo S\u00e9rgio Peres e 2023\/2026 Luciano Gerlin.<\/span><\/p>\n<p><span style=\"font-size: large;\">Em seu pronunciamento, o prefeito Andr\u00e9 Lemos parabenizou Paulo Peres pela gest\u00e3o do Conselho nos \u00faltimos tr\u00eas anos e saudou Luciano Gerlin, que inicia um novo desafio, ressaltando ainda que &#8220;a condu\u00e7\u00e3o desta funda\u00e7\u00e3o vem sendo feita de maneira muito profissional, tendo todo o respaldo do munic\u00edpio, e o Conselho de Curadores deve proteger a sa\u00fade da Funda\u00e7\u00e3o para que ela se mantenha pujante em nosso munic\u00edpio&#8221;.<\/span><\/p>\n<p><span style=\"font-size: large;\">O presidente da C\u00e2mara Municipal Danilo Ledo parabenizou a gest\u00e3o que se despede e se dirigiu aos novos conselheiros ressaltando que &#8220;ser escolhido para representar algo n\u00e3o \u00e9 por\u00a0<\/span>acaso<span style=\"font-size: large;\">. Temos certeza de que esse time formado pelo Conselho atual ter\u00e1 grande sucesso, o Luciano est\u00e1 cercado de pessoas que v\u00e3o se dedicar para manter a Fundec em um lugar cada vez mais alto&#8221;.<\/span><\/p>\n<p><span style=\"font-size: large;\">A presidente da Associa\u00e7\u00e3o Comercial e Empresarial de Dracena Maria Neli Vieira parabenizou o trabalho da equipe da gest\u00e3o de Paulo S\u00e9rgio Peres e agradeceu a parceria da Fundec com a ACE, que beneficia seus associados. Desejando todo sucesso para nova gest\u00e3o, ressaltou: &#8220;Luciano, voc\u00ea pode contar comigo e pode contar com toda a diretoria da Associa\u00e7\u00e3o Comercial. \u00c9 uma honra para a gente ter voc\u00ea aqui, que al\u00e9m de nosso amigo est\u00e1 representando tamb\u00e9m o com\u00e9rcio do munic\u00edpio&#8221;.<\/span><\/p>\n<p><span style=\"font-size: large;\">O diretor executivo da Fundec Edson Kai parabenizou o Conselho que encerra a gest\u00e3o 2020\/2023 e agradeceu ao novo Conselho 2023\/2026 por sua recondu\u00e7\u00e3o ao cargo por mais tr\u00eas anos, juntamente com toda diretoria das unidades escolares e a diretoria administrativa, que considera uma extens\u00e3o do executivo. Tamb\u00e9m reconduziu como secret\u00e1rio assistente, por mais tr\u00eas anos, o diretor de Comunica\u00e7\u00e3o Fernando Aparecido Batista Bezerra. Na sequ\u00eancia, ressaltou a continuidade das propostas que v\u00eam sendo trabalhadas pela Fundec, dando \u00eanfase aos projetos do Centro Universit\u00e1rio, para mais autonomia da faculdade, e do novo curso de Pedagogia, que vai dar oportunidade a custos mais em conta para que os interessados possam se formar em uma condi\u00e7\u00e3o diferenciada para se tornar um grande profissional, pois professores est\u00e3o em falta no mercado.<\/span><\/p>\n<p><span style=\"font-size: large;\">O presidente do Conselho de Curadores da Fundec da gest\u00e3o 2020-2023 Paulo S\u00e9rgio Peres comentou sobre o quanto aprendeu ao longo dos \u00faltimos 6 anos como integrante do Conselho e agradeceu aos membros de sua gest\u00e3o pela disponibilidade e pela dedica\u00e7\u00e3o, al\u00e9m de ressaltar que \u00e9 um orgulho ver a institui\u00e7\u00e3o crescer. Finalizando, acrescentou que &#8220;essa gest\u00e3o que se inicia ser\u00e1 uma excelente gest\u00e3o, que ir\u00e1 fazer mais e melhor do que esta que est\u00e1 deixando&#8221;.<\/span><\/p>\n<p><span style=\"font-size: large;\">Pela conclus\u00e3o do mandato, Edson Kai fez a entrega de mimos em agradecimento pelos servi\u00e7os prestados \u00e0 educa\u00e7\u00e3o e \u00e0 Fundec para os conselheiros: Paulo S\u00e9rgio Peres (presidente)\u00a0<\/span>Jovacil<span style=\"font-size: large;\">\u00a0Dias (vice-presidente), Valter de Almeida Franhan (secret\u00e1rio), Arildo Luciano Gerlin da Silva, Jaime Nakano, Rony Cesar Lobo e Silvio Aparecido Rodrigues. Em reconhecimento aos demais membros da gest\u00e3o, foram citados os conselheiros suplentes: Hugo Vagner Ulbano Bachega, Ilda Balbino de Amorim Braga, Jos\u00e9 Delfino de Carvalho, Luciana Tieko Hirata Tabuse, Miriam Peres Santos e Nelson Antonio Bortolatto.<\/span><\/p>\n<p><span style=\"font-size: large;\">Em seu pronunciamento, Luciano Gerlin, presidente do Conselho de Curadores da gest\u00e3o 2023-2026, refor\u00e7ou a import\u00e2ncia do trabalho dos conselheiros anteriores para conduzir a Fundec ao que ela representa hoje e se emocionou ao lembrar que, como muitos, teve vontade de estudar no Anglo-CID, mas n\u00e3o tinha condi\u00e7\u00f5es para isso. Falando sobre sua trajet\u00f3ria, orgulhou-se por hoje poder proporcionar aos filhos que estudem aqui. &#8220;Quero deixar aqui para os meus filhos, como exemplo, que o estudo, o trabalho e a dedica\u00e7\u00e3o s\u00e3o o que faz a diferen\u00e7a na vida de cada um. Me sinto orgulhoso e honrado em assumir esse cargo e espero contribuir ainda mais para nossa cidade e para a Fundec, para que o ensino cres\u00e7a cada vez mais&#8221;.<\/span><\/p>\n<p><b><span style=\"font-size: large;\">CONSELHO DE CURADORES DA FUNDEC &#8211; GEST\u00c3O 2023-2026<\/span><\/p>\n<p><span style=\"font-size: large;\">Conselheiros efetivos:<\/span><br \/>\n<\/b><span style=\"font-size: large;\">Arildo Luciano Gerlin da Silva (presidente)<\/span><br \/>\n<span style=\"font-size: large;\">Rony Cesar Lobo (vice-presidente)<\/span><br \/>\n<span style=\"font-size: large;\">Marcos Jos\u00e9 Rodrigues (secret\u00e1rio)<\/span><br \/>\n<span style=\"font-size: large;\">Divanir Ledo dos Santos<\/span><br \/>\nEssivaldo<span style=\"font-size: large;\">\u00a0Pereira da Silva<\/span><br \/>\n<span style=\"font-size: large;\">M\u00e1rcio Prete de Carvalho<\/span><br \/>\n<span style=\"font-size: large;\">Nelson Nabor Buzinaro<\/span><\/p>\n<p><span style=\"font-size: large;\"><b>Conselheiros suplentes:<\/b><\/span><br \/>\n<span style=\"font-size: large;\">Ana Karoline Pinheiro Machado Tavares<\/span><br \/>\n<span style=\"font-size: large;\">Carlos Alberto Pereira<\/span><br \/>\n<span style=\"font-size: large;\">Claitton Affonso Angeluci<\/span><br \/>\n<span style=\"font-size: large;\">Jo\u00e3o Luiz Registro<\/span><br \/>\n<span style=\"font-size: large;\">Jo\u00e3o Luis Tanganini<\/span><br \/>\n<span style=\"font-size: large;\">Lucas Miguel Barbosa Rigazzo<\/span><br \/>\n<span style=\"font-size: large;\">Miriam Peres Santos<\/span><\/p>\n<p><span style=\"font-size: large;\"><b>CONSELHO DE CURADORES<\/b><\/span><br \/>\n<span style=\"font-size: large;\">O Conselho de Curadores \u00e9 o \u00f3rg\u00e3o m\u00e1ximo de delibera\u00e7\u00e3o da Fundec. \u00c9 composto por 7 membros efetivos e 7 membros suplentes, que acompanham a gest\u00e3o da Funda\u00e7\u00e3o por 3 anos. Esses membros s\u00e3o escolhidos entre pessoas de renomada moral e compet\u00eancia em nossa comunidade, e se dedicam de forma volunt\u00e1ria a esse trabalho.<\/span><\/p>\n<p><img loading=\"lazy\" decoding=\"async\" class=\"alignnone size-full wp-image-77787\" src=\"https:\/\/jorgezanoni.com.br\/2019\/wp-content\/uploads\/2023\/06\/fundec-2.jpg\" alt=\"\" width=\"1080\" height=\"600\" srcset=\"https:\/\/jorgezanoni.com.br\/2019\/wp-content\/uploads\/2023\/06\/fundec-2.jpg 1080w, https:\/\/jorgezanoni.com.br\/2019\/wp-content\/uploads\/2023\/06\/fundec-2-300x167.jpg 300w, https:\/\/jorgezanoni.com.br\/2019\/wp-content\/uploads\/2023\/06\/fundec-2-1024x569.jpg 1024w, https:\/\/jorgezanoni.com.br\/2019\/wp-content\/uploads\/2023\/06\/fundec-2-768x427.jpg 768w, https:\/\/jorgezanoni.com.br\/2019\/wp-content\/uploads\/2023\/06\/fundec-2-696x387.jpg 696w, https:\/\/jorgezanoni.com.br\/2019\/wp-content\/uploads\/2023\/06\/fundec-2-1068x593.jpg 1068w, https:\/\/jorgezanoni.com.br\/2019\/wp-content\/uploads\/2023\/06\/fundec-2-756x420.jpg 756w\" sizes=\"auto, (max-width: 1080px) 100vw, 1080px\" \/> <img loading=\"lazy\" decoding=\"async\" class=\"alignnone size-full wp-image-77788\" src=\"https:\/\/jorgezanoni.com.br\/2019\/wp-content\/uploads\/2023\/06\/fundec.jpg\" alt=\"\" width=\"1080\" height=\"600\" srcset=\"https:\/\/jorgezanoni.com.br\/2019\/wp-content\/uploads\/2023\/06\/fundec.jpg 1080w, https:\/\/jorgezanoni.com.br\/2019\/wp-content\/uploads\/2023\/06\/fundec-300x167.jpg 300w, https:\/\/jorgezanoni.com.br\/2019\/wp-content\/uploads\/2023\/06\/fundec-1024x569.jpg 1024w, https:\/\/jorgezanoni.com.br\/2019\/wp-content\/uploads\/2023\/06\/fundec-768x427.jpg 768w, https:\/\/jorgezanoni.com.br\/2019\/wp-content\/uploads\/2023\/06\/fundec-696x387.jpg 696w, https:\/\/jorgezanoni.com.br\/2019\/wp-content\/uploads\/2023\/06\/fundec-1068x593.jpg 1068w, https:\/\/jorgezanoni.com.br\/2019\/wp-content\/uploads\/2023\/06\/fundec-756x420.jpg 756w\" sizes=\"auto, (max-width: 1080px) 100vw, 1080px\" \/><\/p>\n<p>Fonte: Depto. de Comunica\u00e7\u00e3o da Fundec<\/p>\n","protected":false},"excerpt":{"rendered":"<p>Arildo Luciano Gerlin da Silva foi eleito o novo presidente do Conselho de Curadores da Fundec para a gest\u00e3o 2023\/2026. A cerim\u00f4nia de posse dos novos conselheiros foi realizada no Audit\u00f3rio da Fundec, na \u00faltima quarta-feira (21), e foi transmitida ao vivo no canal da institui\u00e7\u00e3o no Youtube (https:\/\/www.youtube.com\/watch?v=GVvz8LT0Eww). O prefeito de Dracena Andr\u00e9 Kozan [&hellip;]<\/p>\n","protected":false},"author":1,"featured_media":77790,"comment_status":"closed","ping_status":"open","sticky":false,"template":"","format":"standard","meta":{"footnotes":""},"categories":[110,122],"tags":[],"class_list":["post-77785","post","type-post","status-publish","format-standard","has-post-thumbnail","hentry","category-noticiasdestaque","category-saudeeducacaoeconcurso"],"_links":{"self":[{"href":"https:\/\/jorgezanoni.com.br\/2019\/wp-json\/wp\/v2\/posts\/77785","targetHints":{"allow":["GET"]}}],"collection":[{"href":"https:\/\/jorgezanoni.com.br\/2019\/wp-json\/wp\/v2\/posts"}],"about":[{"href":"https:\/\/jorgezanoni.com.br\/2019\/wp-json\/wp\/v2\/types\/post"}],"author":[{"embeddable":true,"href":"https:\/\/jorgezanoni.com.br\/2019\/wp-json\/wp\/v2\/users\/1"}],"replies":[{"embeddable":true,"href":"https:\/\/jorgezanoni.com.br\/2019\/wp-json\/wp\/v2\/comments?post=77785"}],"version-history":[{"count":1,"href":"https:\/\/jorgezanoni.com.br\/2019\/wp-json\/wp\/v2\/posts\/77785\/revisions"}],"predecessor-version":[{"id":77791,"href":"https:\/\/jorgezanoni.com.br\/2019\/wp-json\/wp\/v2\/posts\/77785\/revisions\/77791"}],"wp:featuredmedia":[{"embeddable":true,"href":"https:\/\/jorgezanoni.com.br\/2019\/wp-json\/wp\/v2\/media\/77790"}],"wp:attachment":[{"href":"https:\/\/jorgezanoni.com.br\/2019\/wp-json\/wp\/v2\/media?parent=77785"}],"wp:term":[{"taxonomy":"category","embeddable":true,"href":"https:\/\/jorgezanoni.com.br\/2019\/wp-json\/wp\/v2\/categories?post=77785"},{"taxonomy":"post_tag","embeddable":true,"href":"https:\/\/jorgezanoni.com.br\/2019\/wp-json\/wp\/v2\/tags?post=77785"}],"curies":[{"name":"wp","href":"https:\/\/api.w.org\/{rel}","templated":true}]}}