{"id":77780,"date":"2023-06-28T01:56:15","date_gmt":"2023-06-28T01:56:15","guid":{"rendered":"https:\/\/jorgezanoni.com.br\/2019\/?p=77780"},"modified":"2023-06-28T01:56:15","modified_gmt":"2023-06-28T01:56:15","slug":"morador-de-dracena-esta-desaparecido-e-familia-pede-ajuda","status":"publish","type":"post","link":"https:\/\/jorgezanoni.com.br\/2019\/morador-de-dracena-esta-desaparecido-e-familia-pede-ajuda\/","title":{"rendered":"Morador de Dracena est\u00e1 desaparecido e fam\u00edlia pede ajuda"},"content":{"rendered":"<div class=\"xdj266r x11i5rnm xat24cr x1mh8g0r x1vvkbs x126k92a\"><\/div>\n<div dir=\"auto\" style=\"text-align: justify;\"><strong> <span class=\"x3nfvp2 x1j61x8r x1fcty0u xdj266r xhhsvwb xat24cr xgzva0m xxymvpz xlup9mm x1kky2od\">Alyson Domiciano da Silva de 24 anos, morador de Dracena e que estava em tratamento em uma cl\u00ednica na cidade de Jaci\/SP., est\u00e1 desaparecido.<\/span><\/strong><\/div>\n<div dir=\"auto\" style=\"text-align: justify;\"><\/div>\n<div dir=\"auto\" style=\"text-align: justify;\">Segundo informa\u00e7\u00f5es da fam\u00edlia, a m\u00e3e compareceu no Plant\u00e3o central de Dracena, informando que o filho deixou a cl\u00ednica onde se encontrava em tratamento, na data de ontem (26) e que teria seguido para a cidade de Mirassol, posteriormente foi visto na Esta\u00e7\u00e3o Rodovi\u00e1ria de S\u00e3o Jos\u00e9 do Rio preto.<\/div>\n<div dir=\"auto\" style=\"text-align: justify;\"><\/div>\n<div dir=\"auto\" style=\"text-align: justify;\">Usando um Celular emprestado, ligou para a m\u00e3e dizendo que iria adquirir a passagem para Dracena ou Mirand\u00f3polis (onde reside seu pai). Foi o \u00faltimo contato com a fam\u00edlia, sendo que houve retorno da liga\u00e7\u00e3o hoje (27) por parte de familiares e que a pessoa que atendeu disse apenas ter emprestado o aparelho e n\u00e3o viu mais a pessoa.<\/div>\n<div dir=\"auto\" style=\"text-align: justify;\"><\/div>\n<div dir=\"auto\" style=\"text-align: justify;\">Em contato com a Cl\u00ednica na cidade de Jaci onde Alyson se encontrava, foi informado que foi repassado a ele o dinheiro da passagem para que fosse embora.<\/div>\n<div dir=\"auto\" style=\"text-align: justify;\"><\/div>\n<div dir=\"auto\" style=\"text-align: justify;\">A familia registrou o devido Boletim de Ocorr\u00eancias e pede que se algu\u00e9m tiver qualquer tipo de informa\u00e7\u00e3o, favor ligar no cel. (18) 99774-5448 ou 190 Pol\u00edcia Militar.<\/div>\n<div dir=\"auto\"><\/div>\n<div dir=\"auto\"><img loading=\"lazy\" decoding=\"async\" class=\"alignnone size-full wp-image-77781\" src=\"https:\/\/jorgezanoni.com.br\/2019\/wp-content\/uploads\/2023\/06\/z-des-2.jpg\" alt=\"\" width=\"1080\" height=\"1335\" srcset=\"https:\/\/jorgezanoni.com.br\/2019\/wp-content\/uploads\/2023\/06\/z-des-2.jpg 1080w, https:\/\/jorgezanoni.com.br\/2019\/wp-content\/uploads\/2023\/06\/z-des-2-243x300.jpg 243w, https:\/\/jorgezanoni.com.br\/2019\/wp-content\/uploads\/2023\/06\/z-des-2-828x1024.jpg 828w, https:\/\/jorgezanoni.com.br\/2019\/wp-content\/uploads\/2023\/06\/z-des-2-768x949.jpg 768w, https:\/\/jorgezanoni.com.br\/2019\/wp-content\/uploads\/2023\/06\/z-des-2-324x400.jpg 324w, https:\/\/jorgezanoni.com.br\/2019\/wp-content\/uploads\/2023\/06\/z-des-2-696x860.jpg 696w, https:\/\/jorgezanoni.com.br\/2019\/wp-content\/uploads\/2023\/06\/z-des-2-1068x1320.jpg 1068w, https:\/\/jorgezanoni.com.br\/2019\/wp-content\/uploads\/2023\/06\/z-des-2-340x420.jpg 340w\" sizes=\"auto, (max-width: 1080px) 100vw, 1080px\" \/> <img loading=\"lazy\" decoding=\"async\" class=\"alignnone size-full wp-image-77783\" src=\"https:\/\/jorgezanoni.com.br\/2019\/wp-content\/uploads\/2023\/06\/z-des1.jpg\" alt=\"\" width=\"977\" height=\"1600\" srcset=\"https:\/\/jorgezanoni.com.br\/2019\/wp-content\/uploads\/2023\/06\/z-des1.jpg 977w, https:\/\/jorgezanoni.com.br\/2019\/wp-content\/uploads\/2023\/06\/z-des1-183x300.jpg 183w, https:\/\/jorgezanoni.com.br\/2019\/wp-content\/uploads\/2023\/06\/z-des1-625x1024.jpg 625w, https:\/\/jorgezanoni.com.br\/2019\/wp-content\/uploads\/2023\/06\/z-des1-768x1258.jpg 768w, https:\/\/jorgezanoni.com.br\/2019\/wp-content\/uploads\/2023\/06\/z-des1-938x1536.jpg 938w, https:\/\/jorgezanoni.com.br\/2019\/wp-content\/uploads\/2023\/06\/z-des1-696x1140.jpg 696w, https:\/\/jorgezanoni.com.br\/2019\/wp-content\/uploads\/2023\/06\/z-des1-256x420.jpg 256w\" sizes=\"auto, (max-width: 977px) 100vw, 977px\" \/><\/div>\n<div dir=\"auto\"><\/div>\n<div dir=\"auto\">Jorge Zanoni<\/div>\n<div dir=\"auto\">A pedido da fam\u00edlia<\/div>\n<div dir=\"auto\"><\/div>\n<div dir=\"auto\"><\/div>\n<div dir=\"auto\"><\/div>\n<div class=\"x11i5rnm xat24cr x1mh8g0r x1vvkbs xtlvy1s x126k92a\"><\/div>\n<div class=\"x11i5rnm xat24cr x1mh8g0r x1vvkbs xtlvy1s x126k92a\">\n<div dir=\"auto\"><\/div>\n<\/div>\n","protected":false},"excerpt":{"rendered":"<p>Alyson Domiciano da Silva de 24 anos, morador de Dracena e que estava em tratamento em uma cl\u00ednica na cidade de Jaci\/SP., est\u00e1 desaparecido. Segundo informa\u00e7\u00f5es da fam\u00edlia, a m\u00e3e compareceu no Plant\u00e3o central de Dracena, informando que o filho deixou a cl\u00ednica onde se encontrava em tratamento, na data de ontem (26) e que [&hellip;]<\/p>\n","protected":false},"author":1,"featured_media":77782,"comment_status":"closed","ping_status":"open","sticky":false,"template":"","format":"standard","meta":{"footnotes":""},"categories":[110,2],"tags":[],"class_list":["post-77780","post","type-post","status-publish","format-standard","has-post-thumbnail","hentry","category-noticiasdestaque","category-policial"],"_links":{"self":[{"href":"https:\/\/jorgezanoni.com.br\/2019\/wp-json\/wp\/v2\/posts\/77780","targetHints":{"allow":["GET"]}}],"collection":[{"href":"https:\/\/jorgezanoni.com.br\/2019\/wp-json\/wp\/v2\/posts"}],"about":[{"href":"https:\/\/jorgezanoni.com.br\/2019\/wp-json\/wp\/v2\/types\/post"}],"author":[{"embeddable":true,"href":"https:\/\/jorgezanoni.com.br\/2019\/wp-json\/wp\/v2\/users\/1"}],"replies":[{"embeddable":true,"href":"https:\/\/jorgezanoni.com.br\/2019\/wp-json\/wp\/v2\/comments?post=77780"}],"version-history":[{"count":1,"href":"https:\/\/jorgezanoni.com.br\/2019\/wp-json\/wp\/v2\/posts\/77780\/revisions"}],"predecessor-version":[{"id":77784,"href":"https:\/\/jorgezanoni.com.br\/2019\/wp-json\/wp\/v2\/posts\/77780\/revisions\/77784"}],"wp:featuredmedia":[{"embeddable":true,"href":"https:\/\/jorgezanoni.com.br\/2019\/wp-json\/wp\/v2\/media\/77782"}],"wp:attachment":[{"href":"https:\/\/jorgezanoni.com.br\/2019\/wp-json\/wp\/v2\/media?parent=77780"}],"wp:term":[{"taxonomy":"category","embeddable":true,"href":"https:\/\/jorgezanoni.com.br\/2019\/wp-json\/wp\/v2\/categories?post=77780"},{"taxonomy":"post_tag","embeddable":true,"href":"https:\/\/jorgezanoni.com.br\/2019\/wp-json\/wp\/v2\/tags?post=77780"}],"curies":[{"name":"wp","href":"https:\/\/api.w.org\/{rel}","templated":true}]}}